{"id":4409,"date":"2019-04-26T17:38:53","date_gmt":"2019-04-26T22:38:53","guid":{"rendered":"http:\/\/derechosinfronteras.pe\/?p=4672"},"modified":"2019-04-26T17:38:53","modified_gmt":"2019-04-26T22:38:53","slug":"caso-anabi-inicio-juicio-a-ex-dirigentes-por-protesta-contra-empresa-minera","status":"publish","type":"post","link":"https:\/\/derechosinfronteras.pe\/ingles\/caso-anabi-inicio-juicio-a-ex-dirigentes-por-protesta-contra-empresa-minera\/","title":{"rendered":"Caso Anabi: Inici\u00f3 juicio a ex dirigentes por protesta contra empresa minera"},"content":{"rendered":"<p><strong>26 de abril.<\/strong> Hoy, despu\u00e9s de varias postergaciones, inici\u00f3 el juicio oral en contra de 10 dirigentes que, entre diciembre del 2011 y febrero del 2012, protestaron por la contaminaci\u00f3n ambiental producida por la empresa minera Anabi S.A.C. La audiencia se desarroll\u00f3 desde las 8:00 a.m. en las instalaciones del Poder Judicial de Cusco y se presentaron los alegatos de apertura, en la cual el Ministerio P\u00fablico sustent\u00f3 la acusaci\u00f3n contra los ex dirigentes de Chumbivilcas, incriminando delitos de secuestro, robo agravado, disturbios, da\u00f1os a la propiedad, entre otros.<\/p>\n<p>Como se recuerda, a ra\u00edz de estas protestas, la Fiscal\u00eda de Chumbivilcas\u00a0 denunci\u00f3 a los ex dirigentes, solicitando la pena privativa de libertad de hasta 30 a\u00f1os y una reparaci\u00f3n civil a favor de la minera por m\u00e1s de dos millones y medio de d\u00f3lares.\u00a0Este caso, de criminalizaci\u00f3n de defensores del medio ambiente, se encuentra en tr\u00e1mite desde hace m\u00e1s de 7 a\u00f1os sin que existan elementos probatorios que incriminen o individualicen directamente a los defensores con los delitos que se les imputa.<\/p>\n<p>El caso viene siendo asumido por Derechos Humanos Sin Fronteras, Red Muqui Sur y Earth Rights Internacional y en modo conjunto con otros abogados. La siguiente audiencia ser\u00e1 el pr\u00f3ximo jueves 09 de mayo, donde se presentaran los testigos presentados por el Ministerio P\u00fablico.<\/p>","protected":false},"excerpt":{"rendered":"<p>26 de abril. Hoy, despu\u00e9s de varias postergaciones, inici\u00f3 el juicio oral en contra de 10 dirigentes que, entre diciembre del 2011 y febrero del 2012, protestaron por la contaminaci\u00f3n ambiental producida por la empresa minera Anabi S.A.C. La audiencia se desarroll\u00f3 desde las 8:00 a.m. en las instalaciones del Poder Judicial de Cusco y [&hellip;]<\/p>\n","protected":false},"author":1,"featured_media":4410,"comment_status":"open","ping_status":"open","sticky":false,"template":"","format":"standard","meta":{"_monsterinsights_skip_tracking":false,"_monsterinsights_sitenote_active":false,"_monsterinsights_sitenote_note":"","_monsterinsights_sitenote_category":0,"_jetpack_memberships_contains_paid_content":false,"footnotes":"","jetpack_publicize_message":"","jetpack_publicize_feature_enabled":true,"jetpack_social_post_already_shared":false,"jetpack_social_options":{"image_generator_settings":{"template":"highway","default_image_id":0,"font":"","enabled":false},"version":2}},"categories":[1],"tags":[],"class_list":["post-4409","post","type-post","status-publish","format-standard","has-post-thumbnail","hentry","category-sin-categoria"],"blocksy_meta":[],"jetpack_publicize_connections":[],"jetpack_featured_media_url":"https:\/\/derechosinfronteras.pe\/wp-content\/uploads\/2019\/04\/Caso-Anabi.jpg","jetpack_sharing_enabled":true,"jetpack_likes_enabled":true,"_links":{"self":[{"href":"https:\/\/derechosinfronteras.pe\/ingles\/wp-json\/wp\/v2\/posts\/4409","targetHints":{"allow":["GET"]}}],"collection":[{"href":"https:\/\/derechosinfronteras.pe\/ingles\/wp-json\/wp\/v2\/posts"}],"about":[{"href":"https:\/\/derechosinfronteras.pe\/ingles\/wp-json\/wp\/v2\/types\/post"}],"author":[{"embeddable":true,"href":"https:\/\/derechosinfronteras.pe\/ingles\/wp-json\/wp\/v2\/users\/1"}],"replies":[{"embeddable":true,"href":"https:\/\/derechosinfronteras.pe\/ingles\/wp-json\/wp\/v2\/comments?post=4409"}],"version-history":[{"count":0,"href":"https:\/\/derechosinfronteras.pe\/ingles\/wp-json\/wp\/v2\/posts\/4409\/revisions"}],"wp:featuredmedia":[{"embeddable":true,"href":"https:\/\/derechosinfronteras.pe\/ingles\/wp-json\/wp\/v2\/media\/4410"}],"wp:attachment":[{"href":"https:\/\/derechosinfronteras.pe\/ingles\/wp-json\/wp\/v2\/media?parent=4409"}],"wp:term":[{"taxonomy":"category","embeddable":true,"href":"https:\/\/derechosinfronteras.pe\/ingles\/wp-json\/wp\/v2\/categories?post=4409"},{"taxonomy":"post_tag","embeddable":true,"href":"https:\/\/derechosinfronteras.pe\/ingles\/wp-json\/wp\/v2\/tags?post=4409"}],"curies":[{"name":"wp","href":"https:\/\/api.w.org\/{rel}","templated":true}]}}