{"id":4411,"date":"2019-04-25T17:48:10","date_gmt":"2019-04-25T22:48:10","guid":{"rendered":"http:\/\/derechosinfronteras.pe\/?p=4665"},"modified":"2019-04-25T17:48:10","modified_gmt":"2019-04-25T22:48:10","slug":"chumbivilcas-oefa-no-realizara-monitoreos-ambientales","status":"publish","type":"post","link":"https:\/\/derechosinfronteras.pe\/ingles\/chumbivilcas-oefa-no-realizara-monitoreos-ambientales\/","title":{"rendered":"Chumbivilcas: OEFA se comprometi\u00f3 a realizar monitoreos ambientales"},"content":{"rendered":"<p><strong>25 de abril<\/strong>. Hoy en el distrito de Capacmarca, se llev\u00f3 a cabo una reuni\u00f3n entre autoridades y dirigentes de todos los distritos de la\u00a0 provincia cusque\u00f1a de Chumbivilcas para evaluar impactos ambientales de la actividad minera de la empresa MMG Las Bambas. En este espacio participaron funcionarios del Organismo de Evaluaci\u00f3n y Fiscalizaci\u00f3n Ambiental &#8211; OEFA.<\/p>\n<p>Despu\u00e9s de diferentes participaciones de dirigentes comunales y alcaldes municipales, los representantes del OEFA manifestaron que realizar\u00e1n monitoreos y estudios especializados, as\u00ed como la supervisi\u00f3n ambiental en la provincia de Chumbivilcas, comprendiendo los distritos de\u00a0Velille, Colquemarca, Capacmarca, Chamaca, Livitaca y Santo Tom\u00e1s.<\/p>\n<p>El establecimiento de los puntos de monitoreo as\u00ed como los par\u00e1metros a monitorear se llevar\u00e1 a cabo los d\u00edas 26 de abril en Ccapacmarca; el 27 de abril en Colquemarca, Chamaca y Santo Tom\u00e1s; y el 28 de abril en Velille y Livitaca. El recorrido antes mencionado ser\u00e1 con los miembros acreditados de las municipalidades y de las organizaciones sociales.<\/p>\n<p>La pr\u00f3xima reuni\u00f3n se realizar\u00e1 el 6 de mayo del 2019, con el equipo t\u00e9cnico acreditado, a fin de aprobar el cronograma y plan de trabajo de la fiscalizaci\u00f3n ambiental.<\/p>","protected":false},"excerpt":{"rendered":"<p>25 de abril. Hoy en el distrito de Capacmarca, se llev\u00f3 a cabo una reuni\u00f3n entre autoridades y dirigentes de todos los distritos de la\u00a0 provincia cusque\u00f1a de Chumbivilcas para evaluar impactos ambientales de la actividad minera de la empresa MMG Las Bambas. En este espacio participaron funcionarios del Organismo de Evaluaci\u00f3n y Fiscalizaci\u00f3n Ambiental [&hellip;]<\/p>\n","protected":false},"author":1,"featured_media":4412,"comment_status":"open","ping_status":"open","sticky":false,"template":"","format":"standard","meta":{"_monsterinsights_skip_tracking":false,"_monsterinsights_sitenote_active":false,"_monsterinsights_sitenote_note":"","_monsterinsights_sitenote_category":0,"_jetpack_memberships_contains_paid_content":false,"footnotes":"","jetpack_publicize_message":"","jetpack_publicize_feature_enabled":true,"jetpack_social_post_already_shared":false,"jetpack_social_options":{"image_generator_settings":{"template":"highway","default_image_id":0,"font":"","enabled":false},"version":2}},"categories":[1],"tags":[],"class_list":["post-4411","post","type-post","status-publish","format-standard","has-post-thumbnail","hentry","category-sin-categoria"],"blocksy_meta":[],"jetpack_publicize_connections":[],"jetpack_featured_media_url":"https:\/\/derechosinfronteras.pe\/wp-content\/uploads\/2019\/04\/OEFA-Chumbi-1.jpg","jetpack_sharing_enabled":true,"jetpack_likes_enabled":true,"_links":{"self":[{"href":"https:\/\/derechosinfronteras.pe\/ingles\/wp-json\/wp\/v2\/posts\/4411","targetHints":{"allow":["GET"]}}],"collection":[{"href":"https:\/\/derechosinfronteras.pe\/ingles\/wp-json\/wp\/v2\/posts"}],"about":[{"href":"https:\/\/derechosinfronteras.pe\/ingles\/wp-json\/wp\/v2\/types\/post"}],"author":[{"embeddable":true,"href":"https:\/\/derechosinfronteras.pe\/ingles\/wp-json\/wp\/v2\/users\/1"}],"replies":[{"embeddable":true,"href":"https:\/\/derechosinfronteras.pe\/ingles\/wp-json\/wp\/v2\/comments?post=4411"}],"version-history":[{"count":0,"href":"https:\/\/derechosinfronteras.pe\/ingles\/wp-json\/wp\/v2\/posts\/4411\/revisions"}],"wp:featuredmedia":[{"embeddable":true,"href":"https:\/\/derechosinfronteras.pe\/ingles\/wp-json\/wp\/v2\/media\/4412"}],"wp:attachment":[{"href":"https:\/\/derechosinfronteras.pe\/ingles\/wp-json\/wp\/v2\/media?parent=4411"}],"wp:term":[{"taxonomy":"category","embeddable":true,"href":"https:\/\/derechosinfronteras.pe\/ingles\/wp-json\/wp\/v2\/categories?post=4411"},{"taxonomy":"post_tag","embeddable":true,"href":"https:\/\/derechosinfronteras.pe\/ingles\/wp-json\/wp\/v2\/tags?post=4411"}],"curies":[{"name":"wp","href":"https:\/\/api.w.org\/{rel}","templated":true}]}}