{"id":4413,"date":"2019-04-24T17:49:33","date_gmt":"2019-04-24T22:49:33","guid":{"rendered":"http:\/\/derechosinfronteras.pe\/?p=4657"},"modified":"2019-04-24T17:49:33","modified_gmt":"2019-04-24T22:49:33","slug":"4657-2","status":"publish","type":"post","link":"https:\/\/derechosinfronteras.pe\/ingles\/4657-2\/","title":{"rendered":"Las Bambas: Toman acuerdos en mesa de DD.HH. y Justicia"},"content":{"rendered":"<p>Despu\u00e9s de m\u00e1s de tres horas de exposiciones, se instal\u00f3 en\u00a0<strong>Challhuahuacho\u00a0<\/strong>la mesa de Justicia y Derechos Humanos con las comunidades de la provincia de\u00a0<strong>Cotabambas\u00a0<\/strong>(<strong>Apur\u00edmac<\/strong>). La reuni\u00f3n que se realiz\u00f3 hoy, 25 de abril, congreg\u00f3 en el estadio de Molinopampa \u00a0a diferentes dirigentes que expusieron sus demandas a los representantes del Ejecutivo, Defensor\u00eda del Pueblo y autoridades locales.<\/p>\n<p>Seg\u00fan las y los l\u00edderes comunales, un promedio de \u00a0500 personas tienen alg\u00fan tipo de denuncia por haber participado en a\u00f1os anteriores en manifestaciones en contra de la empresa minera MMG Las Bambas.<\/p>\n<p>Despu\u00e9s\u00a0 de las intervenciones de dirigentes, autoridades y funcionarios del gobierno, La mesa tem\u00e1tica lleg\u00f3 a algunos acuerdos: El jefe de la OCMA, Vicente Walde J\u00e1uregui, asegur\u00f3 que designar\u00e1 un equipo especial de jueces que llegar\u00e1n a Cotabambas para investigar los expedientes de dirigentes criminalizadas en el plazo m\u00e1ximo de dos semanas a partir de hoy.<\/p>\n<p>Adem\u00e1s, el Ministerio de Justicia fortalecer\u00e1 la defensa p\u00fablica en <strong>Cotabambas<\/strong>. Asimismo, dispuso que el director general de Derechos Humanos y Acceso a la Justicia har\u00e1 una evaluaci\u00f3n integral a las denuncias a dirigentes y emitir\u00e1 un informe por cada caso. Adem\u00e1s, en el plazo de un mes, se habr\u00e1 instalado una oficina de Derechos Humanos en Cotabambas.<\/p>\n<p>Respecto al pedido de familiares de los fallecidos de las viudas y los heridos producto de los enfrentamientos con los polic\u00edas y militares, el Ministro de Justicia se\u00f1al\u00f3 que a\u00fan en una semana dar\u00e1 una respuesta integral.<\/p>\n<p>Finalmente, el congresista Richard Arce se\u00f1al\u00f3 que desde el Congreso de la Rep\u00fablica promover\u00e1 un proyecto de ley de amnist\u00eda en el plazo de un mes. Esta iniciativa ser\u00e1 coordinada tambi\u00e9n con el gobernador regional de\u00a0<strong>Apur\u00edmac<\/strong>, Baltazar Lantar\u00f3n. Por su parte, el Ministerio de Justicia se compromete a brindar el soporte t\u00e9cnico legal que corresponde.<\/p>","protected":false},"excerpt":{"rendered":"<p>Despu\u00e9s de m\u00e1s de tres horas de exposiciones, se instal\u00f3 en\u00a0Challhuahuacho\u00a0la mesa de Justicia y Derechos Humanos con las comunidades de la provincia de\u00a0Cotabambas\u00a0(Apur\u00edmac). La reuni\u00f3n que se realiz\u00f3 hoy, 25 de abril, congreg\u00f3 en el estadio de Molinopampa \u00a0a diferentes dirigentes que expusieron sus demandas a los representantes del Ejecutivo, Defensor\u00eda del Pueblo y [&hellip;]<\/p>\n","protected":false},"author":1,"featured_media":4414,"comment_status":"open","ping_status":"open","sticky":false,"template":"","format":"standard","meta":{"_monsterinsights_skip_tracking":false,"_monsterinsights_sitenote_active":false,"_monsterinsights_sitenote_note":"","_monsterinsights_sitenote_category":0,"_jetpack_memberships_contains_paid_content":false,"footnotes":"","jetpack_publicize_message":"","jetpack_publicize_feature_enabled":true,"jetpack_social_post_already_shared":false,"jetpack_social_options":{"image_generator_settings":{"template":"highway","default_image_id":0,"font":"","enabled":false},"version":2}},"categories":[1],"tags":[],"class_list":["post-4413","post","type-post","status-publish","format-standard","has-post-thumbnail","hentry","category-sin-categoria"],"blocksy_meta":[],"jetpack_publicize_connections":[],"jetpack_featured_media_url":"https:\/\/derechosinfronteras.pe\/wp-content\/uploads\/2019\/04\/Mesa-de-Justicia-1.jpg","jetpack_sharing_enabled":true,"jetpack_likes_enabled":true,"_links":{"self":[{"href":"https:\/\/derechosinfronteras.pe\/ingles\/wp-json\/wp\/v2\/posts\/4413","targetHints":{"allow":["GET"]}}],"collection":[{"href":"https:\/\/derechosinfronteras.pe\/ingles\/wp-json\/wp\/v2\/posts"}],"about":[{"href":"https:\/\/derechosinfronteras.pe\/ingles\/wp-json\/wp\/v2\/types\/post"}],"author":[{"embeddable":true,"href":"https:\/\/derechosinfronteras.pe\/ingles\/wp-json\/wp\/v2\/users\/1"}],"replies":[{"embeddable":true,"href":"https:\/\/derechosinfronteras.pe\/ingles\/wp-json\/wp\/v2\/comments?post=4413"}],"version-history":[{"count":0,"href":"https:\/\/derechosinfronteras.pe\/ingles\/wp-json\/wp\/v2\/posts\/4413\/revisions"}],"wp:featuredmedia":[{"embeddable":true,"href":"https:\/\/derechosinfronteras.pe\/ingles\/wp-json\/wp\/v2\/media\/4414"}],"wp:attachment":[{"href":"https:\/\/derechosinfronteras.pe\/ingles\/wp-json\/wp\/v2\/media?parent=4413"}],"wp:term":[{"taxonomy":"category","embeddable":true,"href":"https:\/\/derechosinfronteras.pe\/ingles\/wp-json\/wp\/v2\/categories?post=4413"},{"taxonomy":"post_tag","embeddable":true,"href":"https:\/\/derechosinfronteras.pe\/ingles\/wp-json\/wp\/v2\/tags?post=4413"}],"curies":[{"name":"wp","href":"https:\/\/api.w.org\/{rel}","templated":true}]}}