{"id":4415,"date":"2019-04-23T13:24:49","date_gmt":"2019-04-23T18:24:49","guid":{"rendered":"http:\/\/derechosinfronteras.pe\/?p=4652"},"modified":"2019-04-23T13:24:49","modified_gmt":"2019-04-23T18:24:49","slug":"espinar-comunidades-tendran-reunion-con-ministros-para-exigir-consulta-previa","status":"publish","type":"post","link":"https:\/\/derechosinfronteras.pe\/ingles\/espinar-comunidades-tendran-reunion-con-ministros-para-exigir-consulta-previa\/","title":{"rendered":"Espinar: Comunidades tendr\u00e1n reuni\u00f3n con ministros para exigir Consulta Previa"},"content":{"rendered":"<p>El pr\u00f3ximo, lunes 29 de abril las comunidades las Comunidades Campesinas de Alto Huancan\u00e9, Huancan\u00e9 Bajo, Tintaya Marquiri, Huano Huano, Cala Cala, entre otras; tendr\u00e1n una reuni\u00f3n con el Ministerio de Energ\u00eda y Minas para que se haga respetar su derecho de consulta previa.<\/p>\n<p>Ayer en las instalaciones del Gobierno Regional del Cusco los dirigentes comunales de Espinar lograron sacar este compromiso a partir de una reuni\u00f3n que sostuvieron con el gobernador Jean Paul Benavente, el congresista Armando Villanueva y el ministro Fracisco \u00cdsmodes Mezzano.<\/p>\n<p>Esta importante reuni\u00f3n se llevar\u00e1 a cabo en la comunidad de Tintaya Marquiri, los dirigentes tendr\u00e1n un espacio con el gobierno para informar sus problem\u00e1ticas y pedir que se la consulta previa respecto a la Modificatoria de EIA del proyecto Antapaccay Expansi\u00f3n Tintaya Integraci\u00f3n Coroccohuayco de la empresa minera Antapacay \u2013 Glencore.<\/p>","protected":false},"excerpt":{"rendered":"<p>El pr\u00f3ximo, lunes 29 de abril las comunidades las Comunidades Campesinas de Alto Huancan\u00e9, Huancan\u00e9 Bajo, Tintaya Marquiri, Huano Huano, Cala Cala, entre otras; tendr\u00e1n una reuni\u00f3n con el Ministerio de Energ\u00eda y Minas para que se haga respetar su derecho de consulta previa. Ayer en las instalaciones del Gobierno Regional del Cusco los dirigentes [&hellip;]<\/p>\n","protected":false},"author":1,"featured_media":4416,"comment_status":"open","ping_status":"open","sticky":false,"template":"","format":"standard","meta":{"_monsterinsights_skip_tracking":false,"_monsterinsights_sitenote_active":false,"_monsterinsights_sitenote_note":"","_monsterinsights_sitenote_category":0,"_jetpack_memberships_contains_paid_content":false,"footnotes":"","jetpack_publicize_message":"","jetpack_publicize_feature_enabled":true,"jetpack_social_post_already_shared":false,"jetpack_social_options":{"image_generator_settings":{"template":"highway","default_image_id":0,"font":"","enabled":false},"version":2}},"categories":[1],"tags":[],"class_list":["post-4415","post","type-post","status-publish","format-standard","has-post-thumbnail","hentry","category-sin-categoria"],"blocksy_meta":[],"jetpack_publicize_connections":[],"jetpack_featured_media_url":"https:\/\/derechosinfronteras.pe\/wp-content\/uploads\/2019\/04\/reunion.jpg","jetpack_sharing_enabled":true,"jetpack_likes_enabled":true,"_links":{"self":[{"href":"https:\/\/derechosinfronteras.pe\/ingles\/wp-json\/wp\/v2\/posts\/4415","targetHints":{"allow":["GET"]}}],"collection":[{"href":"https:\/\/derechosinfronteras.pe\/ingles\/wp-json\/wp\/v2\/posts"}],"about":[{"href":"https:\/\/derechosinfronteras.pe\/ingles\/wp-json\/wp\/v2\/types\/post"}],"author":[{"embeddable":true,"href":"https:\/\/derechosinfronteras.pe\/ingles\/wp-json\/wp\/v2\/users\/1"}],"replies":[{"embeddable":true,"href":"https:\/\/derechosinfronteras.pe\/ingles\/wp-json\/wp\/v2\/comments?post=4415"}],"version-history":[{"count":0,"href":"https:\/\/derechosinfronteras.pe\/ingles\/wp-json\/wp\/v2\/posts\/4415\/revisions"}],"wp:featuredmedia":[{"embeddable":true,"href":"https:\/\/derechosinfronteras.pe\/ingles\/wp-json\/wp\/v2\/media\/4416"}],"wp:attachment":[{"href":"https:\/\/derechosinfronteras.pe\/ingles\/wp-json\/wp\/v2\/media?parent=4415"}],"wp:term":[{"taxonomy":"category","embeddable":true,"href":"https:\/\/derechosinfronteras.pe\/ingles\/wp-json\/wp\/v2\/categories?post=4415"},{"taxonomy":"post_tag","embeddable":true,"href":"https:\/\/derechosinfronteras.pe\/ingles\/wp-json\/wp\/v2\/tags?post=4415"}],"curies":[{"name":"wp","href":"https:\/\/api.w.org\/{rel}","templated":true}]}}