{"id":4417,"date":"2019-04-17T18:00:18","date_gmt":"2019-04-17T23:00:18","guid":{"rendered":"http:\/\/derechosinfronteras.pe\/?p=4648"},"modified":"2019-04-17T18:00:18","modified_gmt":"2019-04-17T23:00:18","slug":"la-cnddhh-se-pronuncia-sobre-la-muerte-de-alan-garcia-perez","status":"publish","type":"post","link":"https:\/\/derechosinfronteras.pe\/ingles\/la-cnddhh-se-pronuncia-sobre-la-muerte-de-alan-garcia-perez\/","title":{"rendered":"La CNDDHH se pronuncia sobre la muerte de Alan Garc\u00eda P\u00e9rez"},"content":{"rendered":"<p>Desde la Coordinadora Nacional de Derechos Humanos expresamos nuestro respeto por el dolor y duelo de la familia y el entorno del se\u00f1or Alan Garc\u00eda P\u00e9rez, qui\u00e9n tom\u00f3 la tr\u00e1gica decisi\u00f3n del suicidio frente al mandato de detenci\u00f3n preliminar contra \u00e9l y otras ocho personas por las investigaciones de delitos de corrupci\u00f3n. La muerte de una persona es siempre un hecho lamentable y doloroso.<\/p>\n<p>Lo ocurrido debe ser esclarecido en el marco de las investigaciones por delitos de corrupci\u00f3n que actualmente se llevan en el sistema de justicia, salvaguardando el derecho a la verdad que demanda el pa\u00eds. En este sentido, expresamos nuestro rechazo a cualquier forma de uso pol\u00edtico de estos sucesos, en particular si \u00e9ste busca atentar contra el derecho a la verdad y la justicia de miles de peruanas y peruanos.<\/p>\n<p>Expresamos tambi\u00e9n nuestro respaldo a las y los funcionarios p\u00fablicos, que contin\u00faan con la lucha contra la corrupci\u00f3n y por la justicia en nuestro pa\u00eds, en especial a las y los fiscales del Equipo Especial Lavajato. Como plataforma nacional de organizaciones de derechos humanos, continuaremos acompa\u00f1ando a las v\u00edctimas de las graves violaciones a los derechos humanos y corrupci\u00f3n en sus demandas por verdad y justicia.<\/p>\n<p style=\"text-align: right;\">Lima, 17 de abril del 2019<\/p>","protected":false},"excerpt":{"rendered":"<p>Desde la Coordinadora Nacional de Derechos Humanos expresamos nuestro respeto por el dolor y duelo de la familia y el entorno del se\u00f1or Alan Garc\u00eda P\u00e9rez, qui\u00e9n tom\u00f3 la tr\u00e1gica decisi\u00f3n del suicidio frente al mandato de detenci\u00f3n preliminar contra \u00e9l y otras ocho personas por las investigaciones de delitos de corrupci\u00f3n. La muerte de [&hellip;]<\/p>\n","protected":false},"author":1,"featured_media":4418,"comment_status":"open","ping_status":"open","sticky":false,"template":"","format":"standard","meta":{"_monsterinsights_skip_tracking":false,"_monsterinsights_sitenote_active":false,"_monsterinsights_sitenote_note":"","_monsterinsights_sitenote_category":0,"_jetpack_memberships_contains_paid_content":false,"footnotes":"","jetpack_publicize_message":"","jetpack_publicize_feature_enabled":true,"jetpack_social_post_already_shared":false,"jetpack_social_options":{"image_generator_settings":{"template":"highway","default_image_id":0,"font":"","enabled":false},"version":2}},"categories":[1],"tags":[],"class_list":["post-4417","post","type-post","status-publish","format-standard","has-post-thumbnail","hentry","category-sin-categoria"],"blocksy_meta":[],"jetpack_publicize_connections":[],"jetpack_featured_media_url":"https:\/\/derechosinfronteras.pe\/wp-content\/uploads\/2019\/04\/GarciaCNDDHH.jpg","jetpack_sharing_enabled":true,"jetpack_likes_enabled":true,"_links":{"self":[{"href":"https:\/\/derechosinfronteras.pe\/ingles\/wp-json\/wp\/v2\/posts\/4417","targetHints":{"allow":["GET"]}}],"collection":[{"href":"https:\/\/derechosinfronteras.pe\/ingles\/wp-json\/wp\/v2\/posts"}],"about":[{"href":"https:\/\/derechosinfronteras.pe\/ingles\/wp-json\/wp\/v2\/types\/post"}],"author":[{"embeddable":true,"href":"https:\/\/derechosinfronteras.pe\/ingles\/wp-json\/wp\/v2\/users\/1"}],"replies":[{"embeddable":true,"href":"https:\/\/derechosinfronteras.pe\/ingles\/wp-json\/wp\/v2\/comments?post=4417"}],"version-history":[{"count":0,"href":"https:\/\/derechosinfronteras.pe\/ingles\/wp-json\/wp\/v2\/posts\/4417\/revisions"}],"wp:featuredmedia":[{"embeddable":true,"href":"https:\/\/derechosinfronteras.pe\/ingles\/wp-json\/wp\/v2\/media\/4418"}],"wp:attachment":[{"href":"https:\/\/derechosinfronteras.pe\/ingles\/wp-json\/wp\/v2\/media?parent=4417"}],"wp:term":[{"taxonomy":"category","embeddable":true,"href":"https:\/\/derechosinfronteras.pe\/ingles\/wp-json\/wp\/v2\/categories?post=4417"},{"taxonomy":"post_tag","embeddable":true,"href":"https:\/\/derechosinfronteras.pe\/ingles\/wp-json\/wp\/v2\/tags?post=4417"}],"curies":[{"name":"wp","href":"https:\/\/api.w.org\/{rel}","templated":true}]}}