{"id":4419,"date":"2019-04-16T12:44:47","date_gmt":"2019-04-16T17:44:47","guid":{"rendered":"http:\/\/derechosinfronteras.pe\/?p=4642"},"modified":"2019-04-16T12:44:47","modified_gmt":"2019-04-16T17:44:47","slug":"4642-2","status":"publish","type":"post","link":"https:\/\/derechosinfronteras.pe\/ingles\/4642-2\/","title":{"rendered":"Las Bambas: Comunidades de Challhuahuacho se retiran de di\u00e1logo y eval\u00faan retomar bloqueo de carretera"},"content":{"rendered":"<p>Apur\u00edmac. Para hoy, martes, se viene realizando la mesa de di\u00e1logo por el conflicto en las zonas de influencia del proyecto minero \u2018Las Bambas\u2019. Sin embargo, representantes de las comunidades de \u00a0<strong>Fuerabamba, Huancuire y Pumamarca<\/strong>\u00a0 denunciaron que\u00a0los representantes del Ejecutivo\u00a0no les permitieron ingresar a la reuni\u00f3n.<\/p>\n<p>Gregorio Rojas, presidente de la comunidad de Fuerabamba, ha declarado que se retiran de las conversaciones y ma\u00f1ana tendr\u00e1n una reuni\u00f3n para evaluar si se <strong>retoma el bloqueo de la carretera<\/strong>\u00a0que se ubica en sus territorios y es usada por la empresa minera MMG Las Bambas.<\/p>\n<p>Como se recuerda el \u00faltimo s\u00e1bado, la comunidad de Fuerabamba permiti\u00f3 el libre tr\u00e1nsito por la v\u00eda que atraviesa el fundo Yavi Yavi, tras los acuerdos alcanzados con\u00a0miembros del Consejo de Ministros.<\/p>","protected":false},"excerpt":{"rendered":"<p>Apur\u00edmac. Para hoy, martes, se viene realizando la mesa de di\u00e1logo por el conflicto en las zonas de influencia del proyecto minero \u2018Las Bambas\u2019. Sin embargo, representantes de las comunidades de \u00a0Fuerabamba, Huancuire y Pumamarca\u00a0 denunciaron que\u00a0los representantes del Ejecutivo\u00a0no les permitieron ingresar a la reuni\u00f3n. Gregorio Rojas, presidente de la comunidad de Fuerabamba, ha [&hellip;]<\/p>\n","protected":false},"author":1,"featured_media":4420,"comment_status":"open","ping_status":"open","sticky":false,"template":"","format":"standard","meta":{"_monsterinsights_skip_tracking":false,"_monsterinsights_sitenote_active":false,"_monsterinsights_sitenote_note":"","_monsterinsights_sitenote_category":0,"_jetpack_memberships_contains_paid_content":false,"footnotes":"","jetpack_publicize_message":"","jetpack_publicize_feature_enabled":true,"jetpack_social_post_already_shared":false,"jetpack_social_options":{"image_generator_settings":{"template":"highway","default_image_id":0,"font":"","enabled":false},"version":2}},"categories":[1],"tags":[],"class_list":["post-4419","post","type-post","status-publish","format-standard","has-post-thumbnail","hentry","category-sin-categoria"],"blocksy_meta":[],"jetpack_publicize_connections":[],"jetpack_featured_media_url":"https:\/\/derechosinfronteras.pe\/wp-content\/uploads\/2019\/04\/retiran.jpg","jetpack_sharing_enabled":true,"jetpack_likes_enabled":true,"_links":{"self":[{"href":"https:\/\/derechosinfronteras.pe\/ingles\/wp-json\/wp\/v2\/posts\/4419","targetHints":{"allow":["GET"]}}],"collection":[{"href":"https:\/\/derechosinfronteras.pe\/ingles\/wp-json\/wp\/v2\/posts"}],"about":[{"href":"https:\/\/derechosinfronteras.pe\/ingles\/wp-json\/wp\/v2\/types\/post"}],"author":[{"embeddable":true,"href":"https:\/\/derechosinfronteras.pe\/ingles\/wp-json\/wp\/v2\/users\/1"}],"replies":[{"embeddable":true,"href":"https:\/\/derechosinfronteras.pe\/ingles\/wp-json\/wp\/v2\/comments?post=4419"}],"version-history":[{"count":0,"href":"https:\/\/derechosinfronteras.pe\/ingles\/wp-json\/wp\/v2\/posts\/4419\/revisions"}],"wp:featuredmedia":[{"embeddable":true,"href":"https:\/\/derechosinfronteras.pe\/ingles\/wp-json\/wp\/v2\/media\/4420"}],"wp:attachment":[{"href":"https:\/\/derechosinfronteras.pe\/ingles\/wp-json\/wp\/v2\/media?parent=4419"}],"wp:term":[{"taxonomy":"category","embeddable":true,"href":"https:\/\/derechosinfronteras.pe\/ingles\/wp-json\/wp\/v2\/categories?post=4419"},{"taxonomy":"post_tag","embeddable":true,"href":"https:\/\/derechosinfronteras.pe\/ingles\/wp-json\/wp\/v2\/tags?post=4419"}],"curies":[{"name":"wp","href":"https:\/\/api.w.org\/{rel}","templated":true}]}}