{"id":4421,"date":"2019-04-15T16:59:29","date_gmt":"2019-04-15T21:59:29","guid":{"rendered":"http:\/\/derechosinfronteras.pe\/?p=4639"},"modified":"2019-04-15T16:59:29","modified_gmt":"2019-04-15T21:59:29","slug":"las-bambas-nuevamente-suspenden-juicio-contra-comuneros","status":"publish","type":"post","link":"https:\/\/derechosinfronteras.pe\/ingles\/las-bambas-nuevamente-suspenden-juicio-contra-comuneros\/","title":{"rendered":"Las Bambas: Nuevamente suspenden juicio contra comuneros"},"content":{"rendered":"<p>15 de abril.\u00a0 Para hoy estaba programado el inicio del juicio contra 19 dirigentes criminalizados por el conflicto con la empresa minera \u2018Las Bambas\u2019 en el 2015. Sin embargo, el\u00a0representante del Ministerio P\u00fablico no asisti\u00f3, raz\u00f3n por la cual el juez de la Subsede Judicial de Cotabambas decidi\u00f3 postergar la audiencia. \u00a0Cabe se\u00f1alar que esta es la segunda postergaci\u00f3n.<\/p>\n<p><span style=\"font-style: inherit; font-weight: inherit;\">Como se recuerda, en setiembre del 2015, Cotabambas fue escenario de un paro indefinido en contra de la empresa MMG Las Bambas. Debido a la represi\u00f3n policial, fallecieron 3 comuneros y se denunci\u00f3 penalmente a 19 dirigentes que fueron detenidos durante el conflicto. Los procesado han declarado que fueron torturados en un \u2018centro de detenci\u00f3n\u2019 dentro de las instalaciones de la propia empresa. Sin embargo, El Fiscal y el Juez que llevan el caso no han tomado en cuenta sus testimonios, ni tampoco investigaron a los efectivos policiales, que ofrec\u00eda servicios a la empresa. Adem\u00e1s, \u2018Las Bambas\u2019 ha solicitado\u00a0<strong style=\"font-style: inherit;\">86 mil d\u00f3lares\u00a0<\/strong>como reparaci\u00f3n civil.<\/span><\/p>\n<p>La audiencia ha sido reprogramada para el 22 de mayo. Este tipo de situaciones terminan por perjudicar a los criminalizados, debido a que se multiplican sus gastos de dinero y tiempo que cubren el traslado hasta el lugar de la audiencia. De otro lado los abogados han solicitado que durante las audiencias se cuente con traductores, pues la mayor\u00eda de procesados son quechuahablantes.<\/p>\n<p>&nbsp;<\/p>","protected":false},"excerpt":{"rendered":"<p>15 de abril.\u00a0 Para hoy estaba programado el inicio del juicio contra 19 dirigentes criminalizados por el conflicto con la empresa minera \u2018Las Bambas\u2019 en el 2015. Sin embargo, el\u00a0representante del Ministerio P\u00fablico no asisti\u00f3, raz\u00f3n por la cual el juez de la Subsede Judicial de Cotabambas decidi\u00f3 postergar la audiencia. \u00a0Cabe se\u00f1alar que esta [&hellip;]<\/p>\n","protected":false},"author":1,"featured_media":4422,"comment_status":"open","ping_status":"open","sticky":false,"template":"","format":"standard","meta":{"_monsterinsights_skip_tracking":false,"_monsterinsights_sitenote_active":false,"_monsterinsights_sitenote_note":"","_monsterinsights_sitenote_category":0,"_jetpack_memberships_contains_paid_content":false,"footnotes":"","jetpack_publicize_message":"","jetpack_publicize_feature_enabled":true,"jetpack_social_post_already_shared":false,"jetpack_social_options":{"image_generator_settings":{"template":"highway","default_image_id":0,"font":"","enabled":false},"version":2}},"categories":[1],"tags":[],"class_list":["post-4421","post","type-post","status-publish","format-standard","has-post-thumbnail","hentry","category-sin-categoria"],"blocksy_meta":[],"jetpack_publicize_connections":[],"jetpack_featured_media_url":"https:\/\/derechosinfronteras.pe\/wp-content\/uploads\/2019\/04\/Las-Bambasweb.jpg","jetpack_sharing_enabled":true,"jetpack_likes_enabled":true,"_links":{"self":[{"href":"https:\/\/derechosinfronteras.pe\/ingles\/wp-json\/wp\/v2\/posts\/4421","targetHints":{"allow":["GET"]}}],"collection":[{"href":"https:\/\/derechosinfronteras.pe\/ingles\/wp-json\/wp\/v2\/posts"}],"about":[{"href":"https:\/\/derechosinfronteras.pe\/ingles\/wp-json\/wp\/v2\/types\/post"}],"author":[{"embeddable":true,"href":"https:\/\/derechosinfronteras.pe\/ingles\/wp-json\/wp\/v2\/users\/1"}],"replies":[{"embeddable":true,"href":"https:\/\/derechosinfronteras.pe\/ingles\/wp-json\/wp\/v2\/comments?post=4421"}],"version-history":[{"count":0,"href":"https:\/\/derechosinfronteras.pe\/ingles\/wp-json\/wp\/v2\/posts\/4421\/revisions"}],"wp:featuredmedia":[{"embeddable":true,"href":"https:\/\/derechosinfronteras.pe\/ingles\/wp-json\/wp\/v2\/media\/4422"}],"wp:attachment":[{"href":"https:\/\/derechosinfronteras.pe\/ingles\/wp-json\/wp\/v2\/media?parent=4421"}],"wp:term":[{"taxonomy":"category","embeddable":true,"href":"https:\/\/derechosinfronteras.pe\/ingles\/wp-json\/wp\/v2\/categories?post=4421"},{"taxonomy":"post_tag","embeddable":true,"href":"https:\/\/derechosinfronteras.pe\/ingles\/wp-json\/wp\/v2\/tags?post=4421"}],"curies":[{"name":"wp","href":"https:\/\/api.w.org\/{rel}","templated":true}]}}