{"id":4425,"date":"2019-04-01T15:43:52","date_gmt":"2019-04-01T20:43:52","guid":{"rendered":"http:\/\/derechosinfronteras.pe\/?p=4629"},"modified":"2019-04-01T15:43:52","modified_gmt":"2019-04-01T20:43:52","slug":"colectivo-de-abogadas-os-del-sur-andino-se-pronuncia-sobre-la-criminalizacion-de-dirigentes-de-fuerabamba","status":"publish","type":"post","link":"https:\/\/derechosinfronteras.pe\/ingles\/colectivo-de-abogadas-os-del-sur-andino-se-pronuncia-sobre-la-criminalizacion-de-dirigentes-de-fuerabamba\/","title":{"rendered":"Colectivo de abogadas\/os del Sur Andino se pronuncia sobre la criminalizaci\u00f3n de dirigentes de Fuerabamba"},"content":{"rendered":"<p><strong>SE\u00d1OR PRESIDENTE DE LA REP\u00daBLICA DEL PER\u00da;<\/strong><\/p>\n<p><strong>SE\u00d1OR PRESIDENTE DEL CONSEJO DE MINISTROS;<\/strong><\/p>\n<p><strong>SE\u00d1OR PRESIDENTE DEL CONGRESO DE LA REPUBLICA; <\/strong><\/p>\n<p><strong>SE\u00d1OR PRESIDENTE DEL PODER JUDICIAL; <\/strong><\/p>\n<p><strong>SE\u00d1ORA FISCAL DE LA NACI\u00d3N; <\/strong><\/p>\n<p><strong>SE\u00d1OR DEFENSOR DEL PUEBLO; y, <\/strong><strong>PUEBLO PERUANO<\/strong><\/p>\n<p><strong>\u00a0<\/strong>En nuestra condici\u00f3n de abogadas, abogados e Instituciones dedicados a la defensa de derechos humanos en las comunidades y poblaci\u00f3n afectada por proyectos extractivos, expresamos nuestra preocupaci\u00f3n y nos pronunciamos sobre los hechos de detenci\u00f3n y criminalizaci\u00f3n de los dirigentes de la comunidad de Fuera bamba &#8211; Yavi Yavi.<strong>\u00a0<\/strong><\/p>\n<p>Desde el a\u00f1o 2015 las comunidades campesinas y organizaciones sociales de la provincia de Cotabambas, regi\u00f3n Apur\u00edmac han dado a conocer al Estado su discrepancia por la forma inconsulta como se aprobaron las modificaciones al proyecto de exploraci\u00f3n y explotaci\u00f3n de la empresa minera MMG Las Bambas en sus territorios, estos constantes reclamos han llevado a diversos enfrentamientos entre organizaciones sociales y comunales de la provincia de Cotabambas con la empresa minera, los hechos m\u00e1s graves sucedieron el a\u00f1o 2015 y 2016.<strong>\u00a0<\/strong><\/p>\n<p>En la mayor\u00eda de estas protestas el Estado Peruano ha respondido con represi\u00f3n, lo que ha ocasionado hasta fecha la muerte de cuatro personas en la zona del proyecto Las Bambas y la criminalizaci\u00f3n de los representantes o dirigentes de las comunidades, resultando denunciados por delitos de entorpecimiento de las v\u00edas de transporte, disturbios, extorsi\u00f3n o violaci\u00f3n de domicilio, en agravio de las empresas, con el apoyo y respaldo del Ministerio P\u00fablico, Poder Judicial, Ministerio del Interior, Polic\u00eda Nacional y la misma empresa minera Las Bambas.<strong>\u00a0<\/strong><\/p>\n<p>Los \u00faltimos hechos ocurridos con los comuneros de Fuerabamba no hacen m\u00e1s que confirmar que estamos ante un Estado que prioriza, los intereses econ\u00f3micos sobre los derechos humanos. En ese sentido, nos preocupa la orden de detenci\u00f3n contra el presidente Gregorio Rojas, su vicepresidente y la secretaria de la comunidad. Una vez m\u00e1s el gobierno recurre a pr\u00e1cticas de criminalizaci\u00f3n para acallar los conflictos sociales ambientales, sin analizar la ra\u00edz del problema. Se acusa a estas personas de crimen organizado y extorsi\u00f3n contra el Estado Peruano y la empresa minera sin que sus actos respondan a los supuestos que configuran estos delitos.<strong>\u00a0<\/strong><\/p>\n<p>Rechazamos la orden de detenci\u00f3n de los miembros de la comunidad, no solo porque est\u00e1 dictada sin la debida justificaci\u00f3n y motivaci\u00f3n, sino porque violar\u00eda el Convenio 169 que en caso de ind\u00edgenas proscribe la aplicaci\u00f3n de las medidas privativas de libertad, y recomienda otras medidas menos gravosas, debiendo aplicarse solo excepcionalmente y bajo estricta justificaci\u00f3n.<strong>\u00a0<\/strong><\/p>\n<p>Todo parece indicar que la detenci\u00f3n de los abogados, asesores de la comunidad tampoco ser\u00eda ajustada a derecho. Si bien rechazamos su manera de asesorar a la comunidad, no puede calificarse a los mismos como criminales sin evidencias incriminatorias y sin un debido proceso. Esto ser\u00eda un grave atentado a la libertad del ejercicio profesional de la defensa, y sienta p\u00e9simos precedentes para el Estado de Derecho.\u00a0<strong>\u00a0<\/strong><\/p>\n<p>Demandamos respeto estricto al derecho constitucional de la Presunci\u00f3n de Inocencia; no puede de ninguna manera la polic\u00eda, el Ministerio P\u00fablico, ni cualquier \u00f3rgano del Estado violar este derecho presentando en medios a las personas investigadas, con sobrenombres o apelativos propios de una organizaci\u00f3n delictiva.<strong>\u00a0<\/strong><\/p>\n<p>Rechazamos cualquier acto que criminalice la protesta social contra defensores y defensoras del territorio, ya que es un derecho reconocido en la Constituci\u00f3n Pol\u00edtica del Per\u00fa y los tratados internacionales. En ese sentido, hacemos un llamado al Estado Peruano para que cumpla con su obligaci\u00f3n de garantizar el derecho a defender derechos.<strong>\u00a0<\/strong><\/p>\n<p>Exigimos al gobierno que respete los derechos fundamentales de las comunidades campesinas originarias cuyos territorios se han visto afectados por la miner\u00eda en la zona, respete el derecho irrestricto a la libertad de reuni\u00f3n, de expresi\u00f3n y de organizaci\u00f3n colectiva, cultural y consuetudinaria que consagra la constituci\u00f3n y el Convenio N\u00b0 169 de la OIT, vigente en el Per\u00fa desde el a\u00f1o 1995.<strong>\u00a0<\/strong><\/p>\n<p>Recordamos al Ministerio P\u00fablico y al Poder Judicial que existen precedentes jur\u00eddicos respecto al contenido de los delitos de extorsi\u00f3n y asociaci\u00f3n il\u00edcita para delinquir que de ninguna manera se aplican al presente caso, en tal sentido, de no corregir estas irregularidades, esto calificar\u00eda como criminalizaci\u00f3n de la protesta y persecuci\u00f3n que atenta contra derechos constitucionales y democr\u00e1ticos.<strong>\u00a0<\/strong><\/p>\n<p>Finalmente exigimos al gobierno que <strong>PRIORICE <\/strong>el di\u00e1logo para la b\u00fasqueda de la soluci\u00f3n del conflicto, el mismo que debe ser un <em>\u201cdi\u00e1logo intercultural\u201d<\/em> que permita entender la visi\u00f3n de las comunidades, el origen y la problem\u00e1tica de sus reclamos, dejando de lado pr\u00e1cticas de criminalizaci\u00f3n de sus l\u00edderes, dirigentes y representantes.<\/p>\n<p><img fetchpriority=\"high\" decoding=\"async\" class=\"aligncenter wp-image-4630\" src=\"http:\/\/derechosinfronteras.pe\/wp-content\/uploads\/2019\/04\/logos.jpg\" alt=\"\" width=\"1000\" height=\"377\" \/><\/p>","protected":false},"excerpt":{"rendered":"<p>SE\u00d1OR PRESIDENTE DE LA REP\u00daBLICA DEL PER\u00da; SE\u00d1OR PRESIDENTE DEL CONSEJO DE MINISTROS; SE\u00d1OR PRESIDENTE DEL CONGRESO DE LA REPUBLICA; SE\u00d1OR PRESIDENTE DEL PODER JUDICIAL; SE\u00d1ORA FISCAL DE LA NACI\u00d3N; SE\u00d1OR DEFENSOR DEL PUEBLO; y, PUEBLO PERUANO \u00a0En nuestra condici\u00f3n de abogadas, abogados e Instituciones dedicados a la defensa de derechos humanos en las comunidades [&hellip;]<\/p>\n","protected":false},"author":1,"featured_media":4426,"comment_status":"open","ping_status":"open","sticky":false,"template":"","format":"standard","meta":{"_monsterinsights_skip_tracking":false,"_monsterinsights_sitenote_active":false,"_monsterinsights_sitenote_note":"","_monsterinsights_sitenote_category":0,"_jetpack_memberships_contains_paid_content":false,"footnotes":"","jetpack_publicize_message":"","jetpack_publicize_feature_enabled":true,"jetpack_social_post_already_shared":false,"jetpack_social_options":{"image_generator_settings":{"template":"highway","default_image_id":0,"font":"","enabled":false},"version":2}},"categories":[1],"tags":[],"class_list":["post-4425","post","type-post","status-publish","format-standard","has-post-thumbnail","hentry","category-sin-categoria"],"blocksy_meta":[],"jetpack_publicize_connections":[],"jetpack_featured_media_url":"https:\/\/derechosinfronteras.pe\/wp-content\/uploads\/2019\/04\/Gregorio-Rojas.jpg","jetpack_sharing_enabled":true,"jetpack_likes_enabled":true,"_links":{"self":[{"href":"https:\/\/derechosinfronteras.pe\/ingles\/wp-json\/wp\/v2\/posts\/4425","targetHints":{"allow":["GET"]}}],"collection":[{"href":"https:\/\/derechosinfronteras.pe\/ingles\/wp-json\/wp\/v2\/posts"}],"about":[{"href":"https:\/\/derechosinfronteras.pe\/ingles\/wp-json\/wp\/v2\/types\/post"}],"author":[{"embeddable":true,"href":"https:\/\/derechosinfronteras.pe\/ingles\/wp-json\/wp\/v2\/users\/1"}],"replies":[{"embeddable":true,"href":"https:\/\/derechosinfronteras.pe\/ingles\/wp-json\/wp\/v2\/comments?post=4425"}],"version-history":[{"count":0,"href":"https:\/\/derechosinfronteras.pe\/ingles\/wp-json\/wp\/v2\/posts\/4425\/revisions"}],"wp:featuredmedia":[{"embeddable":true,"href":"https:\/\/derechosinfronteras.pe\/ingles\/wp-json\/wp\/v2\/media\/4426"}],"wp:attachment":[{"href":"https:\/\/derechosinfronteras.pe\/ingles\/wp-json\/wp\/v2\/media?parent=4425"}],"wp:term":[{"taxonomy":"category","embeddable":true,"href":"https:\/\/derechosinfronteras.pe\/ingles\/wp-json\/wp\/v2\/categories?post=4425"},{"taxonomy":"post_tag","embeddable":true,"href":"https:\/\/derechosinfronteras.pe\/ingles\/wp-json\/wp\/v2\/tags?post=4425"}],"curies":[{"name":"wp","href":"https:\/\/api.w.org\/{rel}","templated":true}]}}