{"id":4428,"date":"2019-03-29T09:24:19","date_gmt":"2019-03-29T14:24:19","guid":{"rendered":"http:\/\/derechosinfronteras.pe\/?p=4625"},"modified":"2019-03-29T09:24:19","modified_gmt":"2019-03-29T14:24:19","slug":"las-bambas-gobierno-declara-estado-de-emergencia-en-challhuahuacho","status":"publish","type":"post","link":"https:\/\/derechosinfronteras.pe\/ingles\/las-bambas-gobierno-declara-estado-de-emergencia-en-challhuahuacho\/","title":{"rendered":"Las Bambas: Gobierno declara Estado de emergencia en Challhuahuacho"},"content":{"rendered":"<p>29 de marzo. El Gobierno decidi\u00f3 declarar en Estado de emergencia el distrito de Challhuahuacho, provincia de Cotabambas &#8211; Apur\u00edmac, pero adem\u00e1s <a href=\"https:\/\/www.facebook.com\/derechossinfronteras.pe\/photos\/a.741549455963585\/1952750584843460\/?type=3&amp;theater\" target=\"_blank\" rel=\"noopener\">prorrog\u00f3 por s\u00e9ptima vez<\/a> el Estado de emergencia declarado en parte del Corredor Vial Apur\u00edmac &#8211; Cusco &#8211; Arequipa, precisamente en la zona que bordea el fundo Yavi Yavi, en el distrito de Colquemarca, provincia de Chumbivilcas &#8211; Cusco.\u00a0<strong> \u00bfSer\u00e1 la mejor decisi\u00f3n frente al conflicto?\u00a0<\/strong><\/p>\n<div class=\"text_exposed_show\">\n<p>La medida fue dispuesta a trav\u00e9s del decreto supremo <strong>N\u00b0 056-2019 &#8211; PCM\u00a0<\/strong>\u00a0publicado en el Diario Oficial El Peruano, edici\u00f3n extraordinaria. Esta vez, el Estado de emergencia en\u00a0Challhuahuacho ser\u00e1 solo por 15 d\u00edas calendario, a empieza a regir desde el 29 de marzo de 2019.<\/p>\n<p>Adem\u00e1s, como lo se\u00f1ala el documento, la pr\u00f3rroga de declaratoria es para un sector de la v\u00eda: \u2018el Estado de Emergencia en parte del Corredor Vial Apur\u00edmac \u2013 Cusco \u2013 Arequipa, desde el kil\u00f3metro 130 (Ref. Sector Muyu Orcco) hasta el kil\u00f3metro 160 (Ref. Sector Tiendayoc), de la Ruta Nacional PE-3SY, que comprende el distrito de Colquemarca de la provincia de Chumbivilcas, departamento del Cusco, incluyendo los quinientos (500) metros adyacentes a cada lado del Corredor Vial en menci\u00f3n\u2019.<\/p>\n<div class=\"fb-post\" data-href=\"https:\/\/www.facebook.com\/derechossinfronteras.pe\/posts\/1337506013034590:0\" data-width=\"552\" style=\"background-color: #fff; display: inline-block;\"><\/div>\n<p><a href=\"https:\/\/www.facebook.com\/derechossinfronteras.pe\/photos\/a.741549455963585\/1337506013034590\/?type=3&amp;theater\" target=\"_blank\" rel=\"noopener\"><strong>\u00bfQu\u00e9 implica un estado de emergencia?<\/strong><\/a><\/p>\n<p>Seg\u00fan lo que dicta nuestra Constituci\u00f3n, la declaratoria de un Estado de Emergencia deja abierta la posibilidad de suspender o restringir -todos o alguno- de los siguientes derechos:<\/p>\n<p><strong>*Libertad y seguridad personal:<\/strong>\u00a0Las detenciones pueden ocurrir sin flagrancia o sin mandato judicial. Las acciones de habeas corpus en relaci\u00f3n a personas detenidas ser\u00e1n declaradas improcedentes.<\/p>\n<p><strong>*Inviolabilidad de domicilio:<\/strong>\u00a0Las PNP y\/o Fuerzas Armadas pueden ingresar a cualquier domicilio sin mandato judicial o flagrancia.<\/p>\n<p><strong>*Libertad de Reuni\u00f3n:<\/strong>\u00a0Se suspenden todo tipo de reuniones.<\/p>\n<p><strong>*Libertad de Tr\u00e1nsito:<\/strong>\u00a0Se puede suspender la libertad de circular en ciertos lugares y\/o en ciertos horarios (No es lo mismo que un \u2018Toque de queda\u2019)<\/p>\n<div class=\"fb-post\" data-href=\"https:\/\/www.facebook.com\/derechossinfronteras.pe\/photos\/a.741549455963585\/1952750584843460\/?type=3&#038;theater\" data-width=\"552\" style=\"background-color: #fff; display: inline-block;\"><\/div>\n<\/div>","protected":false},"excerpt":{"rendered":"<p>29 de marzo. El Gobierno decidi\u00f3 declarar en Estado de emergencia el distrito de Challhuahuacho, provincia de Cotabambas &#8211; Apur\u00edmac, pero adem\u00e1s prorrog\u00f3 por s\u00e9ptima vez el Estado de emergencia declarado en parte del Corredor Vial Apur\u00edmac &#8211; Cusco &#8211; Arequipa, precisamente en la zona que bordea el fundo Yavi Yavi, en el distrito de [&hellip;]<\/p>\n","protected":false},"author":1,"featured_media":4429,"comment_status":"open","ping_status":"open","sticky":false,"template":"","format":"standard","meta":{"_monsterinsights_skip_tracking":false,"_monsterinsights_sitenote_active":false,"_monsterinsights_sitenote_note":"","_monsterinsights_sitenote_category":0,"_jetpack_memberships_contains_paid_content":false,"footnotes":"","jetpack_publicize_message":"","jetpack_publicize_feature_enabled":true,"jetpack_social_post_already_shared":false,"jetpack_social_options":{"image_generator_settings":{"template":"highway","default_image_id":0,"font":"","enabled":false},"version":2}},"categories":[1],"tags":[],"class_list":["post-4428","post","type-post","status-publish","format-standard","has-post-thumbnail","hentry","category-sin-categoria"],"blocksy_meta":[],"jetpack_publicize_connections":[],"jetpack_featured_media_url":"https:\/\/derechosinfronteras.pe\/wp-content\/uploads\/2019\/03\/Emergencia.jpg","jetpack_sharing_enabled":true,"jetpack_likes_enabled":true,"_links":{"self":[{"href":"https:\/\/derechosinfronteras.pe\/ingles\/wp-json\/wp\/v2\/posts\/4428","targetHints":{"allow":["GET"]}}],"collection":[{"href":"https:\/\/derechosinfronteras.pe\/ingles\/wp-json\/wp\/v2\/posts"}],"about":[{"href":"https:\/\/derechosinfronteras.pe\/ingles\/wp-json\/wp\/v2\/types\/post"}],"author":[{"embeddable":true,"href":"https:\/\/derechosinfronteras.pe\/ingles\/wp-json\/wp\/v2\/users\/1"}],"replies":[{"embeddable":true,"href":"https:\/\/derechosinfronteras.pe\/ingles\/wp-json\/wp\/v2\/comments?post=4428"}],"version-history":[{"count":0,"href":"https:\/\/derechosinfronteras.pe\/ingles\/wp-json\/wp\/v2\/posts\/4428\/revisions"}],"wp:featuredmedia":[{"embeddable":true,"href":"https:\/\/derechosinfronteras.pe\/ingles\/wp-json\/wp\/v2\/media\/4429"}],"wp:attachment":[{"href":"https:\/\/derechosinfronteras.pe\/ingles\/wp-json\/wp\/v2\/media?parent=4428"}],"wp:term":[{"taxonomy":"category","embeddable":true,"href":"https:\/\/derechosinfronteras.pe\/ingles\/wp-json\/wp\/v2\/categories?post=4428"},{"taxonomy":"post_tag","embeddable":true,"href":"https:\/\/derechosinfronteras.pe\/ingles\/wp-json\/wp\/v2\/tags?post=4428"}],"curies":[{"name":"wp","href":"https:\/\/api.w.org\/{rel}","templated":true}]}}