{"id":4434,"date":"2019-03-27T19:23:58","date_gmt":"2019-03-28T00:23:58","guid":{"rendered":"http:\/\/derechosinfronteras.pe\/?p=4610"},"modified":"2019-03-27T19:23:58","modified_gmt":"2019-03-28T00:23:58","slug":"las-bambas-un-nuevo-conflicto-en-velille","status":"publish","type":"post","link":"https:\/\/derechosinfronteras.pe\/ingles\/las-bambas-un-nuevo-conflicto-en-velille\/","title":{"rendered":"Las Bambas: \u00bfUn nuevo conflicto en Velille?"},"content":{"rendered":"<p>Cusco. Al parecer, <a href=\"https:\/\/www.facebook.com\/derechossinfronteras.pe\/videos\/2249208495137490\/\" target=\"_blank\" rel=\"noopener\">el conflicto en Fuerabamba<\/a>, no ser\u00eda el \u00fanico que estar\u00eda afrontando la empresa minera MMG Las Bambas, pues, hoy -27 de marzo- en el distrito Chumbivilcano de Velille, se llev\u00f3 a cabo la reuni\u00f3n del C<strong>omit\u00e9 de di\u00e1logo ampliado para el Desarrollo<\/strong>. En este espacio participaron principalmente funcionarios de la empresa minera en menci\u00f3n, dirigentes, autoridades y representantes de sociedad civil de dicho distrito, as\u00ed como tambi\u00e9n funcionarios del Ejecutivo. El principal tema en agenda fue debatir la inclusi\u00f3n de Velille en la <strong>Modificatoria del Estudio de Impacto Ambiental<\/strong> como \u00e1rea de influencia directa, un pedido que el distrito est\u00e1 haciendo desde el a\u00f1o pasado.<\/p>\n<p>Despu\u00e9s de mucho tiempo de debate, y ante la negativa de la empresa, la Municipalidad distrital de Velille presentar\u00e1 ante el Servicio Nacional de Certificaci\u00f3n Ambiental para las Inversiones Sostenibles (SENACE) un informe t\u00e9cnico de impacto ambiental y social del proyecto minero \u2018Las Bambas\u2019, con el objetivo de que la empresa decida iniciar un proceso de nueva modificatoria.<\/p>\n<figure id=\"attachment_4611\" aria-describedby=\"caption-attachment-4611\" style=\"width: 300px\" class=\"wp-caption aligncenter\"><img fetchpriority=\"high\" decoding=\"async\" class=\"wp-image-4611 size-full\" src=\"http:\/\/derechosinfronteras.pe\/wp-content\/uploads\/2019\/03\/55480106_1255774197903920_1567306898582011904_n-e1553732315322.png\" alt=\"\" width=\"300\" height=\"400\" \/><figcaption id=\"caption-attachment-4611\" class=\"wp-caption-text\">Informe T\u00e9cnico elaborado por la Municipalidad de Velille.<\/figcaption><\/figure>\n<p>Adem\u00e1s. Dirigentes y autoridades de Velille solicitaron a los representantes del gobierno convoquen al SENACE, MTC, NIMAN y OEFA para la pr\u00f3xima reuni\u00f3n que se llevar\u00e1 a cabo el 12 de abril.<\/p>\n<p>Finalmente, en el acta firmada por todos los asistentes, solicitan que el SENACE se pronuncie en un plazo m\u00e1ximo de 15 d\u00edas, para tener en cuenta sus observaciones en la siguiente reuni\u00f3n.<\/p>","protected":false},"excerpt":{"rendered":"<p>Cusco. Al parecer, el conflicto en Fuerabamba, no ser\u00eda el \u00fanico que estar\u00eda afrontando la empresa minera MMG Las Bambas, pues, hoy -27 de marzo- en el distrito Chumbivilcano de Velille, se llev\u00f3 a cabo la reuni\u00f3n del Comit\u00e9 de di\u00e1logo ampliado para el Desarrollo. En este espacio participaron principalmente funcionarios de la empresa minera [&hellip;]<\/p>\n","protected":false},"author":1,"featured_media":4435,"comment_status":"open","ping_status":"open","sticky":false,"template":"","format":"standard","meta":{"_monsterinsights_skip_tracking":false,"_monsterinsights_sitenote_active":false,"_monsterinsights_sitenote_note":"","_monsterinsights_sitenote_category":0,"_jetpack_memberships_contains_paid_content":false,"footnotes":"","jetpack_publicize_message":"","jetpack_publicize_feature_enabled":true,"jetpack_social_post_already_shared":false,"jetpack_social_options":{"image_generator_settings":{"template":"highway","default_image_id":0,"font":"","enabled":false},"version":2}},"categories":[1],"tags":[],"class_list":["post-4434","post","type-post","status-publish","format-standard","has-post-thumbnail","hentry","category-sin-categoria"],"blocksy_meta":[],"jetpack_publicize_connections":[],"jetpack_featured_media_url":"https:\/\/derechosinfronteras.pe\/wp-content\/uploads\/2019\/03\/Velille.jpg","jetpack_sharing_enabled":true,"jetpack_likes_enabled":true,"_links":{"self":[{"href":"https:\/\/derechosinfronteras.pe\/ingles\/wp-json\/wp\/v2\/posts\/4434","targetHints":{"allow":["GET"]}}],"collection":[{"href":"https:\/\/derechosinfronteras.pe\/ingles\/wp-json\/wp\/v2\/posts"}],"about":[{"href":"https:\/\/derechosinfronteras.pe\/ingles\/wp-json\/wp\/v2\/types\/post"}],"author":[{"embeddable":true,"href":"https:\/\/derechosinfronteras.pe\/ingles\/wp-json\/wp\/v2\/users\/1"}],"replies":[{"embeddable":true,"href":"https:\/\/derechosinfronteras.pe\/ingles\/wp-json\/wp\/v2\/comments?post=4434"}],"version-history":[{"count":0,"href":"https:\/\/derechosinfronteras.pe\/ingles\/wp-json\/wp\/v2\/posts\/4434\/revisions"}],"wp:featuredmedia":[{"embeddable":true,"href":"https:\/\/derechosinfronteras.pe\/ingles\/wp-json\/wp\/v2\/media\/4435"}],"wp:attachment":[{"href":"https:\/\/derechosinfronteras.pe\/ingles\/wp-json\/wp\/v2\/media?parent=4434"}],"wp:term":[{"taxonomy":"category","embeddable":true,"href":"https:\/\/derechosinfronteras.pe\/ingles\/wp-json\/wp\/v2\/categories?post=4434"},{"taxonomy":"post_tag","embeddable":true,"href":"https:\/\/derechosinfronteras.pe\/ingles\/wp-json\/wp\/v2\/tags?post=4434"}],"curies":[{"name":"wp","href":"https:\/\/api.w.org\/{rel}","templated":true}]}}