{"id":4439,"date":"2019-03-27T10:52:33","date_gmt":"2019-03-27T15:52:33","guid":{"rendered":"http:\/\/derechosinfronteras.pe\/?p=4601"},"modified":"2019-03-27T10:52:33","modified_gmt":"2019-03-27T15:52:33","slug":"las-bambas-challhuahuacho-inicia-hoy-paro-indefinido","status":"publish","type":"post","link":"https:\/\/derechosinfronteras.pe\/ingles\/las-bambas-challhuahuacho-inicia-hoy-paro-indefinido\/","title":{"rendered":"Las Bambas: Challhuahuacho inicia hoy paro indefinido"},"content":{"rendered":"<p><strong>Apur\u00edmac<\/strong>. Los dirigentes de 38 comunidades campesinas del distrito de Challhuahuacho, de la provincia de Cotabambas,\u00a0 acordaron iniciar un paro indefinido desde las 00:00 horas de hoy en solidaridad con situaci\u00f3n que enfrenta la comunidad de Fuerabamba.<\/p>\n<p>A trav\u00e9s de diferentes comunicados y pronunciamientos, exigen la liberaci\u00f3n del presidente de la comunidad de Fuerabamba,\u00a0<strong>Gregorio Rojas<\/strong>, quien fue detenido el \u00faltimo jueves en la ciudad capital, acusado por el delito de extorsi\u00f3n.<\/p>\n<p>De otro lado, el Gobierno Regional de Apur\u00edmac y los alcaldes de de \u00a0Challhuahuacho, Abancay, Andahuaylas, Antabamba, Aymaraes, Chincheros y Grau, han expresado su respaldo a <strong>Fuerabamba<\/strong>.<\/p>\n<p>A pesar que se han hecho p\u00fablicos las transcripciones de audios que revelan que los abogados Ch\u00e1vez recomendaban bloquear la carretera, los dirigentes se mantienen firmes en su decisi\u00f3n. Percy Astete, comunero de Fuerabamba, e<a href=\"https:\/\/www.facebook.com\/elcomercio.pe\/videos\/163600091220980\/UzpfSTEwMDAxNDc0MzgwOTAxOTo1OTMyNjAzNTQ1MDg3NTM\/\" target=\"_blank\" rel=\"noopener\">n una entrevista al Diario El Comercio<\/a>, no creo que los audios difundidos y se\u00f1alo textualmente \u2018Es una conversaci\u00f3n de abogado entre el abogado y una autoridad (comunal) (\u2026) Nuestros dirigentes siempre van a querer dialogar\u2019<\/p>\n<div class=\"fb-video\" data-allowfullscreen=\"true\" data-href=\"https:\/\/www.facebook.com\/derechossinfronteras.pe\/videos\/440587483379519\/\" style=\"background-color: #fff; display: inline-block;\"><\/div>\n<p>&nbsp;<\/p>","protected":false},"excerpt":{"rendered":"<p>Apur\u00edmac. Los dirigentes de 38 comunidades campesinas del distrito de Challhuahuacho, de la provincia de Cotabambas,\u00a0 acordaron iniciar un paro indefinido desde las 00:00 horas de hoy en solidaridad con situaci\u00f3n que enfrenta la comunidad de Fuerabamba. A trav\u00e9s de diferentes comunicados y pronunciamientos, exigen la liberaci\u00f3n del presidente de la comunidad de Fuerabamba,\u00a0Gregorio Rojas, [&hellip;]<\/p>\n","protected":false},"author":1,"featured_media":4440,"comment_status":"open","ping_status":"open","sticky":false,"template":"","format":"standard","meta":{"_monsterinsights_skip_tracking":false,"_monsterinsights_sitenote_active":false,"_monsterinsights_sitenote_note":"","_monsterinsights_sitenote_category":0,"_jetpack_memberships_contains_paid_content":false,"footnotes":"","jetpack_publicize_message":"","jetpack_publicize_feature_enabled":true,"jetpack_social_post_already_shared":false,"jetpack_social_options":{"image_generator_settings":{"template":"highway","default_image_id":0,"font":"","enabled":false},"version":2}},"categories":[1],"tags":[],"class_list":["post-4439","post","type-post","status-publish","format-standard","has-post-thumbnail","hentry","category-sin-categoria"],"blocksy_meta":[],"jetpack_publicize_connections":[],"jetpack_featured_media_url":"https:\/\/derechosinfronteras.pe\/wp-content\/uploads\/2019\/03\/Paro-.jpg","jetpack_sharing_enabled":true,"jetpack_likes_enabled":true,"_links":{"self":[{"href":"https:\/\/derechosinfronteras.pe\/ingles\/wp-json\/wp\/v2\/posts\/4439","targetHints":{"allow":["GET"]}}],"collection":[{"href":"https:\/\/derechosinfronteras.pe\/ingles\/wp-json\/wp\/v2\/posts"}],"about":[{"href":"https:\/\/derechosinfronteras.pe\/ingles\/wp-json\/wp\/v2\/types\/post"}],"author":[{"embeddable":true,"href":"https:\/\/derechosinfronteras.pe\/ingles\/wp-json\/wp\/v2\/users\/1"}],"replies":[{"embeddable":true,"href":"https:\/\/derechosinfronteras.pe\/ingles\/wp-json\/wp\/v2\/comments?post=4439"}],"version-history":[{"count":0,"href":"https:\/\/derechosinfronteras.pe\/ingles\/wp-json\/wp\/v2\/posts\/4439\/revisions"}],"wp:featuredmedia":[{"embeddable":true,"href":"https:\/\/derechosinfronteras.pe\/ingles\/wp-json\/wp\/v2\/media\/4440"}],"wp:attachment":[{"href":"https:\/\/derechosinfronteras.pe\/ingles\/wp-json\/wp\/v2\/media?parent=4439"}],"wp:term":[{"taxonomy":"category","embeddable":true,"href":"https:\/\/derechosinfronteras.pe\/ingles\/wp-json\/wp\/v2\/categories?post=4439"},{"taxonomy":"post_tag","embeddable":true,"href":"https:\/\/derechosinfronteras.pe\/ingles\/wp-json\/wp\/v2\/tags?post=4439"}],"curies":[{"name":"wp","href":"https:\/\/api.w.org\/{rel}","templated":true}]}}