{"id":4441,"date":"2019-03-26T18:09:39","date_gmt":"2019-03-26T23:09:39","guid":{"rendered":"http:\/\/derechosinfronteras.pe\/?p=4595"},"modified":"2019-03-26T18:09:39","modified_gmt":"2019-03-26T23:09:39","slug":"caso-yavi-yavi-municipalidad-de-challhuahuacho-exige-liberacion-de-gregorio-rojas","status":"publish","type":"post","link":"https:\/\/derechosinfronteras.pe\/ingles\/caso-yavi-yavi-municipalidad-de-challhuahuacho-exige-liberacion-de-gregorio-rojas\/","title":{"rendered":"Caso Yavi Yavi: Municipalidad de Challhuahuacho exige liberaci\u00f3n de Gregorio Rojas"},"content":{"rendered":"<p style=\"text-align: center;\"><strong>PRONUNCIAMIENTO<\/strong><\/p>\n<p><strong>La Municipalidad Distrital de Challhuahuacho, Provincia Cotabambas,\u00a0<\/strong>Departamento de Apur\u00edmac, frente a los conflictos sociales que se vienen suscitando\u00a0en nuestro Distrito y en el fundo Yavi Yavi del hermano distrito de Colquemarca\u00a0Provincia de Chumbivilcas, Departamento de Cusco, hacemos llegar a la opini\u00f3n\u00a0p\u00fablica local, regional, nacional e internacional, lo siguiente:<\/p>\n<p>1. Exigimos la liberaci\u00f3n inmediata del Sr. Gregorio Rojas Paniura, Presidente\u00a0de la Comunidad Campesina de Fuerabamba.<\/p>\n<p>2. Como Gobierno Local, reiteramos nuestra convocatoria a los representantes\u00a0del Gobierno Central a que, en el lugar de los hechos busquen una soluci\u00f3n\u00a0inmediata y pac\u00edfica al conflicto y se evite la p\u00e9rdida de vidas humanas, ya<br \/>\nque existe el antecedente de que solo cuando hay muertes vienen\u00a0comisionados de alto nivel.<\/p>\n<p>3. Que de conformidad al Art\u00edculo 1\u00b0 de la Constituci\u00f3n Pol\u00edtica del Per\u00fa, \u201cLa\u00a0defensa de la persona humana y el respeto de su dignidad son el fin\u00a0supremo de la sociedad y del Estado\u201d, en tal sentido, exigimos respeto para\u00a0los pobladores del Distrito de Challhuahuacho y hermanos del corredor\u00a0minero.<\/p>\n<p>4. Exigimos el levantamiento del Estado de Emergencia en todo el corredor\u00a0minero y la implementaci\u00f3n de una soluci\u00f3n integral con las poblaciones a\u00a0su entorno, a fin de que todos se sientan involucrados en un proceso de\u00a0bienestar.<\/p>\n<p>5. Finalmente, exigimos el cumplimiento a los compromisos asumidos por parte\u00a0del Gobierno Central y la Empresa MMG Las Bambas con las comunidades\u00a0del distrito de Challhuahuacho, hasta la fecha el Plan de Desarrollo de\u00a0Cotabambas, solo se ha cumplido en un 30%, al mismo tiempo, planteamos\u00a0la implementaci\u00f3n de un Convenio Marco para promover el desarrollo de\u00a0nuestro Distrito.<\/p>\n<p>&nbsp;<\/p>\n<p style=\"margin: 12px auto 6px auto; font-family: Helvetica,Arial,Sans-serif; font-style: normal; font-variant: normal; font-weight: normal; font-size: 14px; line-height: normal; font-size-adjust: none; font-stretch: normal; -x-system-font: none; display: block;\"><a style=\"text-decoration: underline;\" title=\"View PRONUNCIAMIENT1 on Scribd\" href=\"https:\/\/www.scribd.com\/document\/403256513\/PRONUNCIAMIENT1#from_embed\" target=\"_blank\" rel=\"noopener\">PRONUNCIAMIENT1<\/a> by <a style=\"text-decoration: underline;\" title=\"View Derechos Humanos Cusco&#039;s profile on Scribd\" href=\"https:\/\/www.scribd.com\/user\/319042434\/Derechos-Humanos-Cusco#from_embed\" target=\"_blank\" rel=\"noopener\">Derechos Humanos Cusco<\/a> on Scribd<\/p>\n<p><iframe id=\"doc_76781\" class=\"scribd_iframe_embed\" title=\"PRONUNCIAMIENT1\" src=\"https:\/\/es.scribd.com\/embeds\/403256513\/content?start_page=1&amp;view_mode=scroll&amp;access_key=key-pg6ZCcnELURTwu142e3U&amp;show_recommendations=true\" width=\"100%\" height=\"600\" frameborder=\"0\" scrolling=\"no\" data-auto-height=\"false\" data-aspect-ratio=\"0.707221350078493\"><\/iframe><\/p>","protected":false},"excerpt":{"rendered":"<p>PRONUNCIAMIENTO La Municipalidad Distrital de Challhuahuacho, Provincia Cotabambas,\u00a0Departamento de Apur\u00edmac, frente a los conflictos sociales que se vienen suscitando\u00a0en nuestro Distrito y en el fundo Yavi Yavi del hermano distrito de Colquemarca\u00a0Provincia de Chumbivilcas, Departamento de Cusco, hacemos llegar a la opini\u00f3n\u00a0p\u00fablica local, regional, nacional e internacional, lo siguiente: 1. Exigimos la liberaci\u00f3n inmediata del [&hellip;]<\/p>\n","protected":false},"author":1,"featured_media":4442,"comment_status":"open","ping_status":"open","sticky":false,"template":"","format":"standard","meta":{"_monsterinsights_skip_tracking":false,"_monsterinsights_sitenote_active":false,"_monsterinsights_sitenote_note":"","_monsterinsights_sitenote_category":0,"_jetpack_memberships_contains_paid_content":false,"footnotes":"","jetpack_publicize_message":"","jetpack_publicize_feature_enabled":true,"jetpack_social_post_already_shared":false,"jetpack_social_options":{"image_generator_settings":{"template":"highway","default_image_id":0,"font":"","enabled":false},"version":2}},"categories":[1],"tags":[],"class_list":["post-4441","post","type-post","status-publish","format-standard","has-post-thumbnail","hentry","category-sin-categoria"],"blocksy_meta":[],"jetpack_publicize_connections":[],"jetpack_featured_media_url":"https:\/\/derechosinfronteras.pe\/wp-content\/uploads\/2019\/03\/actualidad-conflicto-bambas-pobladores-yavi-yavi-bloquean-via-n364665-696x418-562852.jpg","jetpack_sharing_enabled":true,"jetpack_likes_enabled":true,"_links":{"self":[{"href":"https:\/\/derechosinfronteras.pe\/ingles\/wp-json\/wp\/v2\/posts\/4441","targetHints":{"allow":["GET"]}}],"collection":[{"href":"https:\/\/derechosinfronteras.pe\/ingles\/wp-json\/wp\/v2\/posts"}],"about":[{"href":"https:\/\/derechosinfronteras.pe\/ingles\/wp-json\/wp\/v2\/types\/post"}],"author":[{"embeddable":true,"href":"https:\/\/derechosinfronteras.pe\/ingles\/wp-json\/wp\/v2\/users\/1"}],"replies":[{"embeddable":true,"href":"https:\/\/derechosinfronteras.pe\/ingles\/wp-json\/wp\/v2\/comments?post=4441"}],"version-history":[{"count":0,"href":"https:\/\/derechosinfronteras.pe\/ingles\/wp-json\/wp\/v2\/posts\/4441\/revisions"}],"wp:featuredmedia":[{"embeddable":true,"href":"https:\/\/derechosinfronteras.pe\/ingles\/wp-json\/wp\/v2\/media\/4442"}],"wp:attachment":[{"href":"https:\/\/derechosinfronteras.pe\/ingles\/wp-json\/wp\/v2\/media?parent=4441"}],"wp:term":[{"taxonomy":"category","embeddable":true,"href":"https:\/\/derechosinfronteras.pe\/ingles\/wp-json\/wp\/v2\/categories?post=4441"},{"taxonomy":"post_tag","embeddable":true,"href":"https:\/\/derechosinfronteras.pe\/ingles\/wp-json\/wp\/v2\/tags?post=4441"}],"curies":[{"name":"wp","href":"https:\/\/api.w.org\/{rel}","templated":true}]}}