{"id":4443,"date":"2019-03-25T17:36:41","date_gmt":"2019-03-25T22:36:41","guid":{"rendered":"http:\/\/derechosinfronteras.pe\/?p=4590"},"modified":"2019-03-25T17:36:41","modified_gmt":"2019-03-25T22:36:41","slug":"red-muqui-primero-son-los-derechos-de-la-comunidad-de-fuerabamba","status":"publish","type":"post","link":"https:\/\/derechosinfronteras.pe\/ingles\/red-muqui-primero-son-los-derechos-de-la-comunidad-de-fuerabamba\/","title":{"rendered":"Red Muqui: &#8216;Primero son los derechos de la Comunidad de Fuerabamba&#8217;"},"content":{"rendered":"<p>La Comunidad Campesina de Fuerabamba se ha esforzado por mantener un proceso de di\u00e1logo y negociaci\u00f3n con la empresa minera china MMG Las Bambas a cargo del proyecto minero en Apur\u00edmac, para lograr la atenci\u00f3n de sus leg\u00edtimas demandas por la afectaci\u00f3n de sus derechos fundamentales y colectivos a causa de las actividades mineras y en particular por el impacto ambiental y de salud que genera el transporte de mineral de dicha operaci\u00f3n. Por las afectaciones a su territorio, en gran parte por los incumplimientos de los acuerdos con la empresa, sin que haya una respuesta efectiva de parte del gobierno; que ha desencadenado la actual protesta que lleva cerca de 50 d\u00edas.<\/p>\n<p>Hasta la fecha el Estado peruano, nuevamente, <a href=\"https:\/\/www.facebook.com\/watch\/?v=2249208495137490\" target=\"_blank\" rel=\"noopener\">no ha cumplido con asumir su rol como garante de derechos fundamentales de las poblaciones y comunidades afectadas<\/a>; \u00e9sta vez en el caso del proyecto minero Las Bambas. Hace poco el Viceministro de Gobernanza Territorial de la Presidencia del Consejo de Ministros, Ra\u00fal Molina, se\u00f1alaba que la negociaci\u00f3n entre la comunidad y la empresa minera es un \u201casunto privado\u201d, donde supuestamente el Estado no tiene injerencia. \u00c9stas declaraciones develan la pol\u00edtica de abstenci\u00f3n que maneja el gobierno peruano para resguardar los derechos de las comunidades, y esa postura es la que incita a la conflictividad social.<\/p>\n<p>En medio de \u00e9sta permanente ausencia estatal para garantizar los derechos de las comunidades; el jueves \u00faltimo, la Polic\u00eda Nacional (PNP) ha detenido en Lima a Gregorio Rojas Paniura, Presidente de la Comunidad Campesina de Fuerabamba; a los abogados Frank An\u00edbal Ch\u00e1vez Sotelo y Jorge Mart\u00edn Ch\u00e1vez Sotelo; y a Carlos Fernando Vargas Arizabal, por orden de la Fiscal\u00eda de Crimen Organizado de Apur\u00edmac; qui\u00e9nes son acusados por los delitos de crimen organizado y extorsi\u00f3n.<\/p>\n<p>Al respecto, desde Red Muqui y nuestras instituciones miembros; mostramos nuestra profunda preocupaci\u00f3n por la detenci\u00f3n del Presidente de la Comunidad Campesina de Fuerabamba, Gregorio Rojas, y de los abogados Ch\u00e1vez Sotelo; debido a la acusaci\u00f3n de que sean parte de una \u201corganizaci\u00f3n criminal\u201d, como les imputa la Fiscal\u00eda. Respecto de los abogados, se\u00f1alamos que debe haber una investigaci\u00f3n r\u00e1pida e imparcial para determinar si existen responsabilidades. Se pueden tener diversas estrategias legales, pero consideramos que no se puede criminalizar la defensa de derechos, m\u00e1s a\u00fan cuando se trata de defensa de derechos humanos.<\/p>\n<p>Estos m\u00e9todos de criminalizaci\u00f3n donde se hace uso ileg\u00edtimo del derecho penal, son una pr\u00e1ctica estatal recurrente para desarticular la organizaci\u00f3n de comunidades que buscan exigir el respeto de sus derechos.<\/p>\n<p>Finalmente, exigimos al gobierno que reconsidere el pedido de \u201cimponer la fuerza\u201d en el caso Las Bambas; pues una posible intervenci\u00f3n de la PNP <a href=\"https:\/\/www.facebook.com\/watch\/?v=584215408726474\" target=\"_blank\" rel=\"noopener\">s\u00f3lo agudizar\u00eda m\u00e1s la actual situaci\u00f3n de conflictividad<\/a> que ya ha ocasionado con sus decisiones; y exigimos que agote todas las v\u00edas para desarrollar un di\u00e1logo informado y participativo.<\/p>\n<p><strong>Pronunciamiento de la Red Muqui<\/strong><\/p>","protected":false},"excerpt":{"rendered":"<p>La Comunidad Campesina de Fuerabamba se ha esforzado por mantener un proceso de di\u00e1logo y negociaci\u00f3n con la empresa minera china MMG Las Bambas a cargo del proyecto minero en Apur\u00edmac, para lograr la atenci\u00f3n de sus leg\u00edtimas demandas por la afectaci\u00f3n de sus derechos fundamentales y colectivos a causa de las actividades mineras y [&hellip;]<\/p>\n","protected":false},"author":1,"featured_media":4444,"comment_status":"open","ping_status":"open","sticky":false,"template":"","format":"standard","meta":{"_monsterinsights_skip_tracking":false,"_monsterinsights_sitenote_active":false,"_monsterinsights_sitenote_note":"","_monsterinsights_sitenote_category":0,"_jetpack_memberships_contains_paid_content":false,"footnotes":"","jetpack_publicize_message":"","jetpack_publicize_feature_enabled":true,"jetpack_social_post_already_shared":false,"jetpack_social_options":{"image_generator_settings":{"template":"highway","default_image_id":0,"font":"","enabled":false},"version":2}},"categories":[1],"tags":[],"class_list":["post-4443","post","type-post","status-publish","format-standard","has-post-thumbnail","hentry","category-sin-categoria"],"blocksy_meta":[],"jetpack_publicize_connections":[],"jetpack_featured_media_url":"https:\/\/derechosinfronteras.pe\/wp-content\/uploads\/2019\/03\/Red-Muqui.jpg","jetpack_sharing_enabled":true,"jetpack_likes_enabled":true,"_links":{"self":[{"href":"https:\/\/derechosinfronteras.pe\/ingles\/wp-json\/wp\/v2\/posts\/4443","targetHints":{"allow":["GET"]}}],"collection":[{"href":"https:\/\/derechosinfronteras.pe\/ingles\/wp-json\/wp\/v2\/posts"}],"about":[{"href":"https:\/\/derechosinfronteras.pe\/ingles\/wp-json\/wp\/v2\/types\/post"}],"author":[{"embeddable":true,"href":"https:\/\/derechosinfronteras.pe\/ingles\/wp-json\/wp\/v2\/users\/1"}],"replies":[{"embeddable":true,"href":"https:\/\/derechosinfronteras.pe\/ingles\/wp-json\/wp\/v2\/comments?post=4443"}],"version-history":[{"count":0,"href":"https:\/\/derechosinfronteras.pe\/ingles\/wp-json\/wp\/v2\/posts\/4443\/revisions"}],"wp:featuredmedia":[{"embeddable":true,"href":"https:\/\/derechosinfronteras.pe\/ingles\/wp-json\/wp\/v2\/media\/4444"}],"wp:attachment":[{"href":"https:\/\/derechosinfronteras.pe\/ingles\/wp-json\/wp\/v2\/media?parent=4443"}],"wp:term":[{"taxonomy":"category","embeddable":true,"href":"https:\/\/derechosinfronteras.pe\/ingles\/wp-json\/wp\/v2\/categories?post=4443"},{"taxonomy":"post_tag","embeddable":true,"href":"https:\/\/derechosinfronteras.pe\/ingles\/wp-json\/wp\/v2\/tags?post=4443"}],"curies":[{"name":"wp","href":"https:\/\/api.w.org\/{rel}","templated":true}]}}