{"id":4445,"date":"2019-03-22T16:42:10","date_gmt":"2019-03-22T21:42:10","guid":{"rendered":"http:\/\/derechosinfronteras.pe\/?p=4585"},"modified":"2019-03-22T16:42:10","modified_gmt":"2019-03-22T21:42:10","slug":"fuerabamba-cnddhh-se-pronuncia-sobre-el-caso-yavi-yavi","status":"publish","type":"post","link":"https:\/\/derechosinfronteras.pe\/ingles\/fuerabamba-cnddhh-se-pronuncia-sobre-el-caso-yavi-yavi\/","title":{"rendered":"Fuerabamba: CNDDHH se pronuncia sobre el caso &#8216;Yavi Yavi&#8217;"},"content":{"rendered":"<p><strong>La Coordinadora Nacional de Derechos Humanos frente a la actuaci\u00f3n del Estado por las protestas de las comunidades afectadas por el proyecto minero Las Bambas expresa lo siguiente:<\/strong><\/p>\n<p>La protesta de las comunidades y de los pobladores de Cotabambas \u2013 Apur\u00edmac, por el accionar de la empresa MMG Las Bambas no es solo de hace 50 d\u00edas, se vienen dando desde el 2015. Las principales causas son las constantes modificaciones inconsultas que la empresa y el Estado hacen respecto al proyecto, y que terminar\u00e1n afectando a la poblaci\u00f3n local. Las m\u00e1s graves, el traslado de la planta de molibdeno de Cusco a Apur\u00edmac y, el cambio de medio de transporte del mineral de un mineroducto a una carretera.<\/p>\n<p>En el 2015 y 2016 las demandas de la poblaci\u00f3n en torno a la propiedad comunal y los impactos que genera el transporte del mineral fueron respondidas principalmente con represi\u00f3n, dejando 4 comuneros muertos, respecto a lo cual no hay un proceso judicial que investigue esto. Sin embargo, los comuneros que reclaman sus derechos s\u00ed est\u00e1n siendo procesados por delitos como asociaci\u00f3n il\u00edcita para delinquir, disturbios o da\u00f1os y sus casos avanzan de manera acelerada. A esto se suman los mecanismos represivos de la declaratoria de los Estados de emergencia preventivos, que se dictan recurrentemente desde hace m\u00e1s de 2 a\u00f1os y que suspenden derechos fundamentales de la poblaci\u00f3n. De igual forma, persisten los convenios de prestaci\u00f3n de servicios que pone a la polic\u00eda al servicio privado de la empresa minera.<\/p>\n<p>Preocupa que el gobierno no est\u00e9 siendo diligente para atender estos conflictos, una muestra de ello es la extinci\u00f3n intempestiva de la Mesa de Dialogo para el Desarrollo de la Provincia de Cotabambas, el 12 de diciembre de 2018, mesa que se conform\u00f3 luego de las protestas del a\u00f1o 2015, y que dej\u00f3 a las comunidades sin mecanismo de interlocuci\u00f3n con el Estado.<\/p>\n<p>Respecto a la comunidad de Fuerabamba, hay que tener en cuenta que tiene un historial de impactos, fue trasladada de su territorio ancestral y los ubicaron en zonas suburbanas sin adecuaci\u00f3n intercultural. Urge reconocer que existe un reclamo leg\u00edtimo que debe revisarse, por lo mismo denunciamos la detenci\u00f3n de los dirigentes campesinos C<strong>arlos Fernando Vargas Ariz\u00e1bal y Gregorio Rojas Paniura<\/strong>; llamamos la atenci\u00f3n nacional e internacional sobre la acusaci\u00f3n hecha sobre estos l\u00edderes como integrantes de una organizaci\u00f3n criminal, y le recordamos al gobierno que los comuneros han insistido por a\u00f1os en el di\u00e1logo de buena fe. As\u00ed tambi\u00e9n con relaci\u00f3n a la defensa legal de los abogados Ch\u00e1vez, si bien no avalamos su forma de di\u00e1logo y trabajo, denunciamos los intentos de criminalizar la defensa legal de las comunidades afectadas.<\/p>\n<p>Hacemos un llamado urgente a evitar cualquier intervenci\u00f3n violenta de la PNP, lo cual solo agudizar\u00e1 m\u00e1s el conflicto. Es imprescindible evitar que se repitan sucesos como los de Bagua o los del mismo Apur\u00edmac en el 2015 y el 2016, nada justifica la p\u00e9rdida de vidas humanas.<\/p>\n<p>Exigimos al gobierno central que no se deje amedrentar por la campa\u00f1a de presi\u00f3n y de desprestigio para con las y los l\u00edderes de las comunidades afectadas ejercidas por diferentes gremios extractivos. Insistir con una pol\u00edtica de mano dura generar\u00e1 m\u00e1s violencia y no dar\u00e1 soluci\u00f3n institucional y duradera a las leg\u00edtimas demandas de la poblaci\u00f3n. Por el contrario, es imprescindible que el gobierno asuma su obligaci\u00f3n de realizar el saneamiento f\u00edsico legal de la propiedad de las comunidades afectadas y cuyas tierras est\u00e1n siendo usadas por el Estado sin su autorizaci\u00f3n.<\/p>\n<p><strong>22 de marzo de 2019<\/strong><br \/>\n<strong>Coordinadora Nacional de Derechos Humanos<\/strong><\/p>","protected":false},"excerpt":{"rendered":"<p>La Coordinadora Nacional de Derechos Humanos frente a la actuaci\u00f3n del Estado por las protestas de las comunidades afectadas por el proyecto minero Las Bambas expresa lo siguiente: La protesta de las comunidades y de los pobladores de Cotabambas \u2013 Apur\u00edmac, por el accionar de la empresa MMG Las Bambas no es solo de hace [&hellip;]<\/p>\n","protected":false},"author":1,"featured_media":4446,"comment_status":"open","ping_status":"open","sticky":false,"template":"","format":"standard","meta":{"_monsterinsights_skip_tracking":false,"_monsterinsights_sitenote_active":false,"_monsterinsights_sitenote_note":"","_monsterinsights_sitenote_category":0,"_jetpack_memberships_contains_paid_content":false,"footnotes":"","jetpack_publicize_message":"","jetpack_publicize_feature_enabled":true,"jetpack_social_post_already_shared":false,"jetpack_social_options":{"image_generator_settings":{"template":"highway","default_image_id":0,"font":"","enabled":false},"version":2}},"categories":[1],"tags":[],"class_list":["post-4445","post","type-post","status-publish","format-standard","has-post-thumbnail","hentry","category-sin-categoria"],"blocksy_meta":[],"jetpack_publicize_connections":[],"jetpack_featured_media_url":"https:\/\/derechosinfronteras.pe\/wp-content\/uploads\/2019\/03\/CNDDHH.jpg","jetpack_sharing_enabled":true,"jetpack_likes_enabled":true,"_links":{"self":[{"href":"https:\/\/derechosinfronteras.pe\/ingles\/wp-json\/wp\/v2\/posts\/4445","targetHints":{"allow":["GET"]}}],"collection":[{"href":"https:\/\/derechosinfronteras.pe\/ingles\/wp-json\/wp\/v2\/posts"}],"about":[{"href":"https:\/\/derechosinfronteras.pe\/ingles\/wp-json\/wp\/v2\/types\/post"}],"author":[{"embeddable":true,"href":"https:\/\/derechosinfronteras.pe\/ingles\/wp-json\/wp\/v2\/users\/1"}],"replies":[{"embeddable":true,"href":"https:\/\/derechosinfronteras.pe\/ingles\/wp-json\/wp\/v2\/comments?post=4445"}],"version-history":[{"count":0,"href":"https:\/\/derechosinfronteras.pe\/ingles\/wp-json\/wp\/v2\/posts\/4445\/revisions"}],"wp:featuredmedia":[{"embeddable":true,"href":"https:\/\/derechosinfronteras.pe\/ingles\/wp-json\/wp\/v2\/media\/4446"}],"wp:attachment":[{"href":"https:\/\/derechosinfronteras.pe\/ingles\/wp-json\/wp\/v2\/media?parent=4445"}],"wp:term":[{"taxonomy":"category","embeddable":true,"href":"https:\/\/derechosinfronteras.pe\/ingles\/wp-json\/wp\/v2\/categories?post=4445"},{"taxonomy":"post_tag","embeddable":true,"href":"https:\/\/derechosinfronteras.pe\/ingles\/wp-json\/wp\/v2\/tags?post=4445"}],"curies":[{"name":"wp","href":"https:\/\/api.w.org\/{rel}","templated":true}]}}