{"id":4447,"date":"2019-03-22T14:46:54","date_gmt":"2019-03-22T19:46:54","guid":{"rendered":"http:\/\/derechosinfronteras.pe\/?p=4577"},"modified":"2019-03-22T14:46:54","modified_gmt":"2019-03-22T19:46:54","slug":"caso-anabi-poder-judicial-anulo-audiencia-contra-dirigentes-criminalizados","status":"publish","type":"post","link":"https:\/\/derechosinfronteras.pe\/ingles\/caso-anabi-poder-judicial-anulo-audiencia-contra-dirigentes-criminalizados\/","title":{"rendered":"Caso Anabi: Poder Judicial Anul\u00f3 audiencia contra dirigentes criminalizados"},"content":{"rendered":"<blockquote>\n<p style=\"text-align: right;\">Por Julisa Calle &#8211; \u00c1rea Legal DHSF<\/p>\n<\/blockquote>\n<p>Cusco, 22 de marzo.<\/p>\n<p>Hoy se suspendi\u00f3, por cuarta vez,\u00a0 la audiencia de inicio de juicio oral que se desarrollaba en el Juzgado Penal Colegiado Supraprovincial de Cusco, debido a que el Juzgado no cumpli\u00f3 con notificar a todas las partes involucradas en el proceso, precisamente a la empresa Maya S.A.C, concesionaria de la empresa minera ANABI . Esta situaci\u00f3n gener\u00f3 la nulidad de la audiencia la cual se desarrollaba desde las 8 de la ma\u00f1ana.<\/p>\n<p>Un gesto que vale la pena descatar, fue la presencia de<a href=\"https:\/\/www.facebook.com\/derechossinfronteras.pe\/videos\/2697735493586384\/\" target=\"_blank\" rel=\"noopener\"> m\u00e1s de 200 personas que viajaron desde Chumbivilcas para respaldar a sus ex dirigentes.<\/a> Hombres y mujeres de todas las edades realizaron una simb\u00f3lica marcha por las principales calles de Cusco y se dirigieron hasta el frontis del Poder Judicial para hacer llegar su solidaridad en favor de las personas procesadas.<\/p>\n<p>Como se recuerda, entre diciembre del a\u00f1o 2011 y febrero del 2012,\u00a0 las organizaciones sociales y comunidades del distrito chumbivicalno de Llusco protestaron contra la minera ANABI por la contaminaci\u00f3n que generaba el paso de sus camiones por su territorio. A ra\u00edz de estas protestas, la Fiscal\u00eda de Chumbivilcas\u00a0 denunci\u00f3 a los comuneros por los delitos de violaci\u00f3n de domicilio, secuestro, disturbios, da\u00f1os y entorpecimiento al funcionamiento de los servicios p\u00fablicos.\u00a0solicitando la pena privativa de libertad de hasta 30 a\u00f1os y una reparaci\u00f3n civil a favor de la minera de hasta dos millones quinientos setenta y siete mil novecientos veintisiete nuevos soles.\u00a0Esta situaci\u00f3n marca un mal precedente para las comunidades que protestan por la defensa de sus derechos y territorio.<\/p>\n<p>Este caso, de criminalizaci\u00f3n de defensores de derechos humanos, se encuentra en tr\u00e1mite desde hace m\u00e1s de 8 a\u00f1os sin que existan elementos probatorios que incriminen directamente a los defensores con los delitos que se les imputa. La pr\u00f3xima audiencia se program\u00f3 para el 26 de abril a las 9 de la ma\u00f1ana. Los jueces ordenaron que los procesados puedan participar de la audiencia a trav\u00e9s de video conferencia desde el Juzgado de Chumbivilcas, dado que ser\u00eda la cuarta vez que la referida audiencia se reprograma, lo cual perjudica a los campesinos que no cuenta con los recursos econ\u00f3micos para movilizarse nuevamente desde su comunidad hasta la ciudad del Cusco.<\/p>\n<div class=\"fb-video\" data-allowfullscreen=\"true\" data-href=\"https:\/\/www.facebook.com\/derechossinfronteras.pe\/videos\/2697735493586384\/\" style=\"background-color: #fff; display: inline-block;\"><\/div>\n<p>&nbsp;<\/p>\n<p>&nbsp;<\/p>","protected":false},"excerpt":{"rendered":"<p>Por Julisa Calle &#8211; \u00c1rea Legal DHSF Cusco, 22 de marzo. Hoy se suspendi\u00f3, por cuarta vez,\u00a0 la audiencia de inicio de juicio oral que se desarrollaba en el Juzgado Penal Colegiado Supraprovincial de Cusco, debido a que el Juzgado no cumpli\u00f3 con notificar a todas las partes involucradas en el proceso, precisamente a la [&hellip;]<\/p>\n","protected":false},"author":1,"featured_media":4448,"comment_status":"open","ping_status":"open","sticky":false,"template":"","format":"standard","meta":{"_monsterinsights_skip_tracking":false,"_monsterinsights_sitenote_active":false,"_monsterinsights_sitenote_note":"","_monsterinsights_sitenote_category":0,"_jetpack_memberships_contains_paid_content":false,"footnotes":"","jetpack_publicize_message":"","jetpack_publicize_feature_enabled":true,"jetpack_social_post_already_shared":false,"jetpack_social_options":{"image_generator_settings":{"template":"highway","default_image_id":0,"font":"","enabled":false},"version":2}},"categories":[1],"tags":[],"class_list":["post-4447","post","type-post","status-publish","format-standard","has-post-thumbnail","hentry","category-sin-categoria"],"blocksy_meta":[],"jetpack_publicize_connections":[],"jetpack_featured_media_url":"https:\/\/derechosinfronteras.pe\/wp-content\/uploads\/2019\/03\/ANabi.jpg","jetpack_sharing_enabled":true,"jetpack_likes_enabled":true,"_links":{"self":[{"href":"https:\/\/derechosinfronteras.pe\/ingles\/wp-json\/wp\/v2\/posts\/4447","targetHints":{"allow":["GET"]}}],"collection":[{"href":"https:\/\/derechosinfronteras.pe\/ingles\/wp-json\/wp\/v2\/posts"}],"about":[{"href":"https:\/\/derechosinfronteras.pe\/ingles\/wp-json\/wp\/v2\/types\/post"}],"author":[{"embeddable":true,"href":"https:\/\/derechosinfronteras.pe\/ingles\/wp-json\/wp\/v2\/users\/1"}],"replies":[{"embeddable":true,"href":"https:\/\/derechosinfronteras.pe\/ingles\/wp-json\/wp\/v2\/comments?post=4447"}],"version-history":[{"count":0,"href":"https:\/\/derechosinfronteras.pe\/ingles\/wp-json\/wp\/v2\/posts\/4447\/revisions"}],"wp:featuredmedia":[{"embeddable":true,"href":"https:\/\/derechosinfronteras.pe\/ingles\/wp-json\/wp\/v2\/media\/4448"}],"wp:attachment":[{"href":"https:\/\/derechosinfronteras.pe\/ingles\/wp-json\/wp\/v2\/media?parent=4447"}],"wp:term":[{"taxonomy":"category","embeddable":true,"href":"https:\/\/derechosinfronteras.pe\/ingles\/wp-json\/wp\/v2\/categories?post=4447"},{"taxonomy":"post_tag","embeddable":true,"href":"https:\/\/derechosinfronteras.pe\/ingles\/wp-json\/wp\/v2\/tags?post=4447"}],"curies":[{"name":"wp","href":"https:\/\/api.w.org\/{rel}","templated":true}]}}