{"id":4451,"date":"2019-03-20T18:56:07","date_gmt":"2019-03-20T23:56:07","guid":{"rendered":"http:\/\/derechosinfronteras.pe\/?p=4566"},"modified":"2019-03-20T18:56:07","modified_gmt":"2019-03-20T23:56:07","slug":"dirigentes-de-fuerabamba-ya-no-confian-en-dialogo-con-el-gobierno-y-la-empresa-minera","status":"publish","type":"post","link":"https:\/\/derechosinfronteras.pe\/ingles\/dirigentes-de-fuerabamba-ya-no-confian-en-dialogo-con-el-gobierno-y-la-empresa-minera\/","title":{"rendered":"Dirigentes de Fuerabamba ya no confian en di\u00e1logo con el gobierno y la empresa minera"},"content":{"rendered":"<p>Este \u00faltimo martes 19 de marzo se suspendi\u00f3, por tercera vez, la mesa de di\u00e1logo entre la comunidad de Fuerabamba, la empresa minera Las Bambas, el Gobierno Regional del Cusco y el Ejecutivo. La reuni\u00f3n estuvo convocada para las 11 de la ma\u00f1ana en la ciudad del Cusco, estuvieron presentes los funcionarios de Estado y la empresa minera, los representantes de la comunidad no asistieron porque se encontraban en gestiones en la ciudad de Lima.<\/p>\n<p>En declaraciones para RPP, Gregorio Rojas, dirigente de la comunidad de Fuerabamba, indic\u00f3 que ya no quieren que los 300 camiones que trasladan cobre salgan por su carretera, denunci\u00f3 que est\u00e1n siendo perseguidos y criminalizados, \u201cestamos queriendo respeto a la propiedad, no queremos ni diez c\u00e9ntimos, nada, que se lleven su carretera a otro lado\u00bb, advirti\u00f3 el dirigente.<\/p>\n<p>Los dirigentes anunciaron que recurrir\u00e1n ante una instancia internacional para solicitar una auditoria que investigue este conflicto social; tambi\u00e9n fueron enf\u00e1ticos en indicar que la comunidad est\u00e1 a favor de una miner\u00eda responsable y rechaz\u00f3 que sean \u201cantimineros\u201d, en referencia al conflicto con la empresa <strong>MMG Las Bambas<\/strong>.<\/p>\n<p>&nbsp;<\/p>\n<p><img fetchpriority=\"high\" decoding=\"async\" class=\"aligncenter size-full wp-image-4567\" src=\"http:\/\/derechosinfronteras.pe\/wp-content\/uploads\/2019\/03\/gore-cusco.png\" alt=\"\" width=\"505\" height=\"209\" \/><\/p>\n<p>El gobernador regional del Cusco, Jean Paul Benavente ha calificado como lamentablemente e innecesaria esta ruptura del di\u00e1logo.<\/p>\n<figure id=\"attachment_4570\" aria-describedby=\"caption-attachment-4570\" style=\"width: 413px\" class=\"wp-caption aligncenter\"><img decoding=\"async\" class=\"wp-image-4570\" src=\"http:\/\/derechosinfronteras.pe\/wp-content\/uploads\/2019\/03\/54458089_1036477896553297_3873906715392999424_o-1024x1024.jpg\" alt=\"\" width=\"413\" height=\"413\" \/><figcaption id=\"caption-attachment-4570\" class=\"wp-caption-text\">Redes sociales del congresista Edgar Ochoa Pezo<\/figcaption><\/figure>\n<p>Por su parte el congresista de Cusco, Edgar Ochoa cuestiona que el Ministro de Energ\u00eda y Minas, Francisco \u00cdsmodes, pida sanci\u00f3n contra los comuneros de Fuerabamba, cuando la responsabilidad recae en funcionarios de Ministerio de Transportes que permitieron irregularmente la construcci\u00f3n de una carretera en propiedad privada y el cambio de la carretera comunal de Yavi Yavi a v\u00eda nacional. <strong>\u00bfPor qu\u00e9 el Ministro de Energ\u00eda y Minas defiende a Las Bambas?<\/strong> Refiri\u00f3 el parlamentario.<\/p>","protected":false},"excerpt":{"rendered":"<p>Este \u00faltimo martes 19 de marzo se suspendi\u00f3, por tercera vez, la mesa de di\u00e1logo entre la comunidad de Fuerabamba, la empresa minera Las Bambas, el Gobierno Regional del Cusco y el Ejecutivo. La reuni\u00f3n estuvo convocada para las 11 de la ma\u00f1ana en la ciudad del Cusco, estuvieron presentes los funcionarios de Estado y [&hellip;]<\/p>\n","protected":false},"author":1,"featured_media":4452,"comment_status":"open","ping_status":"open","sticky":false,"template":"","format":"standard","meta":{"_monsterinsights_skip_tracking":false,"_monsterinsights_sitenote_active":false,"_monsterinsights_sitenote_note":"","_monsterinsights_sitenote_category":0,"_jetpack_memberships_contains_paid_content":false,"footnotes":"","jetpack_publicize_message":"","jetpack_publicize_feature_enabled":true,"jetpack_social_post_already_shared":false,"jetpack_social_options":{"image_generator_settings":{"template":"highway","default_image_id":0,"font":"","enabled":false},"version":2}},"categories":[1],"tags":[],"class_list":["post-4451","post","type-post","status-publish","format-standard","has-post-thumbnail","hentry","category-sin-categoria"],"blocksy_meta":[],"jetpack_publicize_connections":[],"jetpack_featured_media_url":"https:\/\/derechosinfronteras.pe\/wp-content\/uploads\/2019\/03\/Las-Bambas.png","jetpack_sharing_enabled":true,"jetpack_likes_enabled":true,"_links":{"self":[{"href":"https:\/\/derechosinfronteras.pe\/ingles\/wp-json\/wp\/v2\/posts\/4451","targetHints":{"allow":["GET"]}}],"collection":[{"href":"https:\/\/derechosinfronteras.pe\/ingles\/wp-json\/wp\/v2\/posts"}],"about":[{"href":"https:\/\/derechosinfronteras.pe\/ingles\/wp-json\/wp\/v2\/types\/post"}],"author":[{"embeddable":true,"href":"https:\/\/derechosinfronteras.pe\/ingles\/wp-json\/wp\/v2\/users\/1"}],"replies":[{"embeddable":true,"href":"https:\/\/derechosinfronteras.pe\/ingles\/wp-json\/wp\/v2\/comments?post=4451"}],"version-history":[{"count":0,"href":"https:\/\/derechosinfronteras.pe\/ingles\/wp-json\/wp\/v2\/posts\/4451\/revisions"}],"wp:featuredmedia":[{"embeddable":true,"href":"https:\/\/derechosinfronteras.pe\/ingles\/wp-json\/wp\/v2\/media\/4452"}],"wp:attachment":[{"href":"https:\/\/derechosinfronteras.pe\/ingles\/wp-json\/wp\/v2\/media?parent=4451"}],"wp:term":[{"taxonomy":"category","embeddable":true,"href":"https:\/\/derechosinfronteras.pe\/ingles\/wp-json\/wp\/v2\/categories?post=4451"},{"taxonomy":"post_tag","embeddable":true,"href":"https:\/\/derechosinfronteras.pe\/ingles\/wp-json\/wp\/v2\/tags?post=4451"}],"curies":[{"name":"wp","href":"https:\/\/api.w.org\/{rel}","templated":true}]}}