{"id":4454,"date":"2019-03-19T11:00:55","date_gmt":"2019-03-19T16:00:55","guid":{"rendered":"http:\/\/derechosinfronteras.pe\/?p=4560"},"modified":"2019-03-19T11:00:55","modified_gmt":"2019-03-19T16:00:55","slug":"espinar-comunidades-afectadas-por-nuevo-proyecto-minero-de-glencore-presentan-demanda-de-consulta-previa","status":"publish","type":"post","link":"https:\/\/derechosinfronteras.pe\/ingles\/espinar-comunidades-afectadas-por-nuevo-proyecto-minero-de-glencore-presentan-demanda-de-consulta-previa\/","title":{"rendered":"Espinar: Comunidades afectadas por nuevo proyecto minero de Glencore presentan demanda de consulta previa"},"content":{"rendered":"<p>El d\u00eda de ayer, 18 de marzo de 2019, en la mesa de partes del Poder Judicial \u2013 Sede Espinar las comunidades originarias Huini Coroccohuaycco y Pacopata, afectadas por la Modificatoria del Estudio de Impacto Ambiental denominado<strong> \u201cGlencore Antapaccay Expansi\u00f3n Tintaya \u2013 Integraci\u00f3n Coroccohuayco\u201d<\/strong> de la Minera Glencore Antapaccay, han presentado una demanda constitucional de amparo exigiendo al Estado Peruano a trav\u00e9s del Servicio Nacional de Certificaci\u00f3n Ambiental para las Inversiones Sostenibles \u2013 SENACE\u00a0 inicie el proceso de consulta previa libre e informada conforme a los est\u00e1ndares internacionales.\u00a0El caso est\u00e1 siendo patrocinado por el Instituto de Defensa Legal, Derechos Humanos sin Fronteras y CooperAcci\u00f3n.<\/p>\n<p>Cabe destacar que desde el a\u00f1o 2018 la empresa minera Glencore Antapaccay tramita ante SENACE la evaluaci\u00f3n y aprobaci\u00f3n de la MEIA denominado <strong>\u201cGlencore Antapaccay Expansi\u00f3n Tintaya \u2013 Integraci\u00f3n Coroccohuayco<\/strong>\u201d. Este tiene como objetivo ampliar sus operaciones tanto en Tintaya y en Antapaccay, as\u00ed como construir un nuevo tajo y operaciones de la zona Coroccohuayco. A pesar de sus dimensiones y altos impactos, dicho estudio no ha incluido la consulta previa a las comunidades que ser\u00e1n afectadas; adem\u00e1s no se ha incluido a las comunidades que tambi\u00e9n podr\u00e1n ser afectadas por los impactos acumulativos de las operaciones mineras en las fuentes de agua.<\/p>\n<p>As\u00ed mismo, en los \u00faltimos d\u00edas la empresa minera ha visitado las comunidades para entregar en manos de estas el levantamiento de observaciones al MEIA, sin embargo, este acto administrativo lo debe implementar el SENACE como \u00f3rgano rector que aprueba los estudios de impacto ambiental y no la empresa minera. En ese sentido, las comunidades mencionadas exigen que se realice la consulta previa del MEIA previo a su aprobaci\u00f3n, este en un procedimiento necesario que decidir\u00e1 si la empresa minera interviene o no la zona afectada a partir de su expansi\u00f3n.<\/p>\n<p>Las comunidades campesinas originarias de Espinar exigen que se respeten sus derechos fundamentales y se realice la consulta previa del MEIA, en el momento se\u00f1alado de acuerdo a los est\u00e1ndares internacionales: antes de que este sea aprobado por el SENACE. Solo mediante la consulta previa de este instrumento, podr\u00e1n dimensionarse de manera real sus impactos y medidas de mitigaci\u00f3n; y as\u00ed garantizar los derechos fundamentales de la poblaci\u00f3n a decidir sobre sus vidas y territorios.<\/p>\n<p>A pesar de m\u00e1s de 30 a\u00f1os de miner\u00eda en Espinar, nunca se ha realizado en la zona un proceso de consulta. Las comunidades denuncian la falta de transparencia y de real participaci\u00f3n, lo que genera conflictos y desconfianza en la poblaci\u00f3n.<\/p>\n<p><a href=\"https:\/\/www.facebook.com\/ideele\/\" target=\"_blank\" rel=\"noopener\"><strong>INSTITUTO DE DEFENSA LEGAL<\/strong><\/a><\/p>\n<p><a href=\"https:\/\/www.facebook.com\/derechossinfronteras.pe\/\" target=\"_blank\" rel=\"noopener\"><strong>DERECHOS HUMANOS SIN FRONTERAS<\/strong><\/a><\/p>\n<p><a href=\"https:\/\/www.facebook.com\/CooperAccionPeru\/\" target=\"_blank\" rel=\"noopener\"><strong>COOPERACCION<\/strong><\/a><\/p>","protected":false},"excerpt":{"rendered":"<p>El d\u00eda de ayer, 18 de marzo de 2019, en la mesa de partes del Poder Judicial \u2013 Sede Espinar las comunidades originarias Huini Coroccohuaycco y Pacopata, afectadas por la Modificatoria del Estudio de Impacto Ambiental denominado \u201cGlencore Antapaccay Expansi\u00f3n Tintaya \u2013 Integraci\u00f3n Coroccohuayco\u201d de la Minera Glencore Antapaccay, han presentado una demanda constitucional de [&hellip;]<\/p>\n","protected":false},"author":1,"featured_media":4455,"comment_status":"open","ping_status":"open","sticky":false,"template":"","format":"standard","meta":{"_monsterinsights_skip_tracking":false,"_monsterinsights_sitenote_active":false,"_monsterinsights_sitenote_note":"","_monsterinsights_sitenote_category":0,"_jetpack_memberships_contains_paid_content":false,"footnotes":"","jetpack_publicize_message":"","jetpack_publicize_feature_enabled":true,"jetpack_social_post_already_shared":false,"jetpack_social_options":{"image_generator_settings":{"template":"highway","default_image_id":0,"font":"","enabled":false},"version":2}},"categories":[1],"tags":[],"class_list":["post-4454","post","type-post","status-publish","format-standard","has-post-thumbnail","hentry","category-sin-categoria"],"blocksy_meta":[],"jetpack_publicize_connections":[],"jetpack_featured_media_url":"https:\/\/derechosinfronteras.pe\/wp-content\/uploads\/2019\/03\/consulta-previa.jpg","jetpack_sharing_enabled":true,"jetpack_likes_enabled":true,"_links":{"self":[{"href":"https:\/\/derechosinfronteras.pe\/ingles\/wp-json\/wp\/v2\/posts\/4454","targetHints":{"allow":["GET"]}}],"collection":[{"href":"https:\/\/derechosinfronteras.pe\/ingles\/wp-json\/wp\/v2\/posts"}],"about":[{"href":"https:\/\/derechosinfronteras.pe\/ingles\/wp-json\/wp\/v2\/types\/post"}],"author":[{"embeddable":true,"href":"https:\/\/derechosinfronteras.pe\/ingles\/wp-json\/wp\/v2\/users\/1"}],"replies":[{"embeddable":true,"href":"https:\/\/derechosinfronteras.pe\/ingles\/wp-json\/wp\/v2\/comments?post=4454"}],"version-history":[{"count":0,"href":"https:\/\/derechosinfronteras.pe\/ingles\/wp-json\/wp\/v2\/posts\/4454\/revisions"}],"wp:featuredmedia":[{"embeddable":true,"href":"https:\/\/derechosinfronteras.pe\/ingles\/wp-json\/wp\/v2\/media\/4455"}],"wp:attachment":[{"href":"https:\/\/derechosinfronteras.pe\/ingles\/wp-json\/wp\/v2\/media?parent=4454"}],"wp:term":[{"taxonomy":"category","embeddable":true,"href":"https:\/\/derechosinfronteras.pe\/ingles\/wp-json\/wp\/v2\/categories?post=4454"},{"taxonomy":"post_tag","embeddable":true,"href":"https:\/\/derechosinfronteras.pe\/ingles\/wp-json\/wp\/v2\/tags?post=4454"}],"curies":[{"name":"wp","href":"https:\/\/api.w.org\/{rel}","templated":true}]}}