{"id":4456,"date":"2019-03-15T17:29:18","date_gmt":"2019-03-15T22:29:18","guid":{"rendered":"http:\/\/derechosinfronteras.pe\/?p=4553"},"modified":"2019-03-15T17:29:18","modified_gmt":"2019-03-15T22:29:18","slug":"comunicado-sobre-la-expansion-del-proyecto-minero-de-glencore-en-espinar-cusco","status":"publish","type":"post","link":"https:\/\/derechosinfronteras.pe\/ingles\/comunicado-sobre-la-expansion-del-proyecto-minero-de-glencore-en-espinar-cusco\/","title":{"rendered":"Comunicado: Sobre la expansi\u00f3n del proyecto minero de Glencore en Espinar- Cusco"},"content":{"rendered":"<p>Las organizaciones de la sociedad civil preocupados por lo que viene ocurriendo con las Comunidades Campesinas que integran el \u00c1rea de Influencia Directa e Indirecta del que ser\u00e1 el Proyecto Minero Antapaccay\u2013 Expansi\u00f3n Tintaya \u2013 Integraci\u00f3n Coroccohuayco, a ejecutarse en el distrito de Espinar por la Empresa Minera Glencore expresamos ante la opini\u00f3n p\u00fablica lo siguiente:<\/p>\n<p>&#8211; En el ejercicio de sus funciones, el SENACE se encuentra evaluando el instrumento de gesti\u00f3n ambiental denominado Modificatoria del Estudio de Impacto Ambiental del Proyecto Minero Antapaccay\u2013 Expansi\u00f3n Tintaya \u2013 Integraci\u00f3n Coroccohuayco (en adelante MEIA) presentado por la Empresa Minera Glencore, en el 2018. &#8211; Tanto las comunidades campesinas del \u00e1rea de influencia en la provincia de Espinar como el propio SENACE han presentado un conjunto de observaciones a dicho instrumento ambiental. Estas observaciones, de forma y de fondo, cuestionan el dise\u00f1o del proyecto y la manera en la que la empresa minera ha dimensionado sus impactos y las medidas de mitigaci\u00f3n propuestas.<\/p>\n<p>&#8211; Durante los \u00faltimos d\u00edas, la empresa ha notificado a los presidentes comunales el levantamiento de dichas observaciones. Esto ha llamado la atenci\u00f3n y producido una situaci\u00f3n de rechazo y tensi\u00f3n en la zona: las comunidades afectadas denuncian no haber participado del proceso de levantamiento de observaciones implementado por la empresa minera; siendo que incluso, seg\u00fan sus testimonios, funcionarios de la empresa habr\u00edan ingresado sin su consentimiento ni informaci\u00f3n a los territorios comunales.<\/p>\n<p>&#8211; Las comunidades denuncian tambi\u00e9n que el proceso de elaboraci\u00f3n del MEIA (esto es la evaluaci\u00f3n de sus impactos sobre sus territorios, as\u00ed como las medidas de mitigaci\u00f3n dise\u00f1adas) no han sido parte de un proceso de consulta previa, libre e informada. Por tanto, responden a un proceso exclusivo de la empresa y no recogen realmente las afectaciones de las comunidades campesinas e ind\u00edgenas de la zona, de acuerdo a los est\u00e1ndares nacionales e internacionales.<\/p>\n<p>&#8211; Estas denuncias -de lado de las observaciones presentadas de manera leg\u00edtima por las comunidades afectadas- nos dan claros indicios de que el proceso de evaluaci\u00f3n ambiental de este instrumento no cumple con los fines de garantizar los derechos fundamentales de las comunidades afectadas.<\/p>\n<p>&#8211; Esta situaci\u00f3n es grave. Debemos precisar que esta Modificatoria de EIA solicitada por Glencore implica, en la pr\u00e1ctica, la construcci\u00f3n de un nuevo proyecto minero: el proyecto Coroccohuayco implica un nuevo tajo abierto, adem\u00e1s de labores subterr\u00e1neas en nuevas comunidades de la provincia de Espinar. Despu\u00e9s de 30 de a\u00f1os de explotaci\u00f3n, la mina Tintaya Antapaccay vuelve a expandirse sobre el territorio K\u00b4ana, nuevamente sin procesos de consulta previa, sin participaci\u00f3n ciudadana efectiva, sin una verdadera evaluaci\u00f3n de los impactos ambientales y sociales que involucre realmente a los afectados, y en medio de un contexto local de afectaci\u00f3n a la calidad del agua y la salud humana que no est\u00e1 siendo atendido.<\/p>\n<p>&#8211; Las comunidades locales no se oponen al desarrollo del proyecto minero, pero exigen el reconocimiento de su derecho a la propiedad, tener un ambiente sano y equilibrado, al agua limpia sin presencia de metales t\u00f3xicos y a su identidad, que esta vez sean respetados. La historia de explotaci\u00f3n y abuso de derechos por la miner\u00eda en Espinar no debe repetirse.<\/p>\n<p>&#8211; Invocamos al SENACE para que garantice la participaci\u00f3n de la poblaci\u00f3n afectada y aplique efectivamente un enfoque de derechos al proceso de evaluaci\u00f3n ambiental en curso.<\/p>\n<p>Lima, 15 de marzo de 2019<\/p>\n<p>Derechos Humanos sin Fronteras \/ Cooperacci\u00f3n \/ Instituto de Defensa Legal<\/p>\n<p>&nbsp;<\/p>\n<p style=\"margin: 12px auto 6px auto; font-family: Helvetica,Arial,Sans-serif; font-style: normal; font-variant: normal; font-weight: normal; font-size: 14px; line-height: normal; font-size-adjust: none; font-stretch: normal; -x-system-font: none; display: block;\"><a style=\"text-decoration: underline;\" title=\"View Comunicado Espinar Final- 15 Marzo 2019 on Scribd\" href=\"https:\/\/www.scribd.com\/document\/402016210\/Comunicado-Espinar-Final-15-Marzo-2019#from_embed\" target=\"_blank\" rel=\"noopener\">Comunicado Espinar Final- 15 Marzo 2019<\/a> by <a style=\"text-decoration: underline;\" title=\"View Derechos Humanos Cusco&#039;s profile on Scribd\" href=\"https:\/\/www.scribd.com\/user\/319042434\/Derechos-Humanos-Cusco#from_embed\" target=\"_blank\" rel=\"noopener\">Derechos Humanos Cusco<\/a> on Scribd<\/p>\n<p><iframe id=\"doc_1951\" class=\"scribd_iframe_embed\" title=\"Comunicado Espinar Final- 15 Marzo 2019\" src=\"https:\/\/es.scribd.com\/embeds\/402016210\/content?start_page=1&amp;view_mode=scroll&amp;access_key=key-BJFkxQjEqC04GoAWb0ww&amp;show_recommendations=true\" width=\"100%\" height=\"600\" frameborder=\"0\" scrolling=\"no\" data-auto-height=\"false\" data-aspect-ratio=\"0.7080062794348508\"><\/iframe><\/p>","protected":false},"excerpt":{"rendered":"<p>Las organizaciones de la sociedad civil preocupados por lo que viene ocurriendo con las Comunidades Campesinas que integran el \u00c1rea de Influencia Directa e Indirecta del que ser\u00e1 el Proyecto Minero Antapaccay\u2013 Expansi\u00f3n Tintaya \u2013 Integraci\u00f3n Coroccohuayco, a ejecutarse en el distrito de Espinar por la Empresa Minera Glencore expresamos ante la opini\u00f3n p\u00fablica lo [&hellip;]<\/p>\n","protected":false},"author":1,"featured_media":4457,"comment_status":"open","ping_status":"open","sticky":false,"template":"","format":"standard","meta":{"_monsterinsights_skip_tracking":false,"_monsterinsights_sitenote_active":false,"_monsterinsights_sitenote_note":"","_monsterinsights_sitenote_category":0,"_jetpack_memberships_contains_paid_content":false,"footnotes":"","jetpack_publicize_message":"","jetpack_publicize_feature_enabled":true,"jetpack_social_post_already_shared":false,"jetpack_social_options":{"image_generator_settings":{"template":"highway","default_image_id":0,"font":"","enabled":false},"version":2}},"categories":[1],"tags":[],"class_list":["post-4456","post","type-post","status-publish","format-standard","has-post-thumbnail","hentry","category-sin-categoria"],"blocksy_meta":[],"jetpack_publicize_connections":[],"jetpack_featured_media_url":"https:\/\/derechosinfronteras.pe\/wp-content\/uploads\/2019\/03\/Comunicado.jpg","jetpack_sharing_enabled":true,"jetpack_likes_enabled":true,"_links":{"self":[{"href":"https:\/\/derechosinfronteras.pe\/ingles\/wp-json\/wp\/v2\/posts\/4456","targetHints":{"allow":["GET"]}}],"collection":[{"href":"https:\/\/derechosinfronteras.pe\/ingles\/wp-json\/wp\/v2\/posts"}],"about":[{"href":"https:\/\/derechosinfronteras.pe\/ingles\/wp-json\/wp\/v2\/types\/post"}],"author":[{"embeddable":true,"href":"https:\/\/derechosinfronteras.pe\/ingles\/wp-json\/wp\/v2\/users\/1"}],"replies":[{"embeddable":true,"href":"https:\/\/derechosinfronteras.pe\/ingles\/wp-json\/wp\/v2\/comments?post=4456"}],"version-history":[{"count":0,"href":"https:\/\/derechosinfronteras.pe\/ingles\/wp-json\/wp\/v2\/posts\/4456\/revisions"}],"wp:featuredmedia":[{"embeddable":true,"href":"https:\/\/derechosinfronteras.pe\/ingles\/wp-json\/wp\/v2\/media\/4457"}],"wp:attachment":[{"href":"https:\/\/derechosinfronteras.pe\/ingles\/wp-json\/wp\/v2\/media?parent=4456"}],"wp:term":[{"taxonomy":"category","embeddable":true,"href":"https:\/\/derechosinfronteras.pe\/ingles\/wp-json\/wp\/v2\/categories?post=4456"},{"taxonomy":"post_tag","embeddable":true,"href":"https:\/\/derechosinfronteras.pe\/ingles\/wp-json\/wp\/v2\/tags?post=4456"}],"curies":[{"name":"wp","href":"https:\/\/api.w.org\/{rel}","templated":true}]}}