{"id":4458,"date":"2019-03-14T18:52:26","date_gmt":"2019-03-14T23:52:26","guid":{"rendered":"http:\/\/derechosinfronteras.pe\/?p=4547"},"modified":"2019-03-14T18:52:26","modified_gmt":"2019-03-14T23:52:26","slug":"yavi-yavi-que-hace-el-gobierno-para-solucionar-el-conflicto","status":"publish","type":"post","link":"https:\/\/derechosinfronteras.pe\/ingles\/yavi-yavi-que-hace-el-gobierno-para-solucionar-el-conflicto\/","title":{"rendered":"Yavi Yavi: \u00bfQu\u00e9 hace el gobierno para solucionar el conflicto?"},"content":{"rendered":"<blockquote>\n<p style=\"text-align: right;\"><strong>Por Mart\u00edn L\u00f3pez\u00a0<\/strong><\/p>\n<p style=\"text-align: right;\"><strong>\u00c1rea de Comunicaci\u00f3n e Incidencia &#8211; DHSF<\/strong><\/p>\n<\/blockquote>\n<p>Ya es de conocimiento p\u00fablico que el pasado lunes se suspendi\u00f3 la reuni\u00f3n programada entre la comunidad campesina de Fuerabamba y la empresa minera Las Bambas. En este espacio de di\u00e1logo el Ejecutivo se mantiene como mediador.<\/p>\n<p>La reuni\u00f3n debi\u00f3 empezar a las 11 de la ma\u00f1ana en las instalaciones del Gobierno Regional de Cusco, pero los comuneros nunca llegaron. Como hemos informado, Fuerabamba le est\u00e1 prohibiendo a la empresa minera \u2018Las Bambas\u2019, hace m\u00e1s de un mes, usar territorios de la comunidad (V\u00eda nacional CU-135) para que transiten\u00a0 veh\u00edculos transportando minerales. As\u00ed que la reuni\u00f3n ten\u00eda como punto principal solucionar esta problem\u00e1tica, que afecta directamente a la empresa minera, y que ha preocupado a la Sociedad Nacional de Miner\u00eda, Petr\u00f3leo y Energ\u00eda.<a href=\"http:\/\/derechosinfronteras.pe\/ingles\/chumbivilcas-se-frustra-dialogo-entre-comunidad-de-fuerabamba-y-la-empresa-minera-mmg-las-bambas\/\"> Es necesario se\u00f1alar que en ning\u00fan momento se han realizado acciones de bloqueos y violencia<\/a> c\u00f3mo se viene difundiendo en algunos medios locales y nacionales.<\/p>\n<p>Seg\u00fan el oficio que enviaron los representantes de Fuerabamba al Gobierno Regional de Cusco, decidieron no asistir al encuentro porque no se han cumplido los acuerdos de la reuni\u00f3n que tuvieron el \u00faltimo 7 de marzo en Lima, en las instalaciones del Viceministerio de Gobernanza Territorial. El Gobierno se hab\u00eda comprometido a la desclasificaci\u00f3n de la v\u00eda nacional CU-135, y que pase a ser regional, adem\u00e1s del estudio de impacto ambiental y la entrega del expediente t\u00e9cnico de la carretera en el fundo Yavi Yavi.<\/p>\n<p>Por otro lado, se\u00f1alaron que la renuncia de C\u00e9sar Villanueva y la reestructuraci\u00f3n del Consejo de Ministros tambi\u00e9n es una de las razones para no asistir. \u00abNo se puede realizar mientras no est\u00e9 debidamente conformado el nuevo presidente del Consejo de Ministros, as\u00ed como los miembros de su gabinete\u00bb se\u00f1ala textualmente el documento firmado por Gregorio Rojas, Presidente de la comunidad.<\/p>\n<p>La\u00a0comunidad ha solicitado que se le pagu\u00e9 80 d\u00f3lares por metro cuadrado por el territorio que hace uso la empresa minera, este monto har\u00eda un total de 30 millones 400 mil d\u00f3lares, mientras que la empresa solo quiere compensarles con 50 mil soles por hect\u00e1rea, haciendo un total de 1 mill\u00f3n 900 mil soles. Una diferencia grande que no permite llegar a consensos. <a href=\"https:\/\/gestion.pe\/economia\/bambas-frustra-dialogo-mem-fuerabamba-bloqueo-corredor-minero-261037\" target=\"_blank\" rel=\"noopener\">\u00abEso no lo podemos aceptar por una raz\u00f3n simple: Es una v\u00eda p\u00fablica nacional desde el a\u00f1o 2018\u00bb<\/a> ha dicho ante la opini\u00f3n p\u00fablica el Viceministro de Gobernanza Territorial, Ra\u00fal Molina.<\/p>\n<p>Lo que es cierto, y no lo ha se\u00f1alado Molina, es que el conflicto ha iniciado justamente por la declaratoria de la carretera que atraviesa Yavi Yavi como v\u00eda nacional, sin consentimiento y consulta previa de las y los comuneros. Cuando la comunidad ha buscado explicaciones al gobierno, a trav\u00e9s del Ministerio de Transportes y Comunicaciones, y a la misma empresa minera, no han sabido justificar las razones para declarar la v\u00eda como tal. La sospecha de la comunidad es que, desde el gobierno, el objetivo es beneficiar a la empresa para que pueda transportar el mineral que exporta, afectando derechos fundamentales y generando afectaciones ambientales y territoriales a la comunidad de Fuerabamba.<\/p>\n<p>Para ayer, mi\u00e9rcoles, el escenario fue el mismo, a pesar de la solicitud de la comunidad de hacer la reuni\u00f3n en Yavi Yavi, se decidi\u00f3 convocar en el Gobierno Regional de Cusco, por obvias razones, la comunidad decidi\u00f3 no asistir. El conflicto parece agravarse, pues la empresa no pueda trasladar mineral hasta el Puerto Matarani (Final del Corredor minero del Sur) desde hace m\u00e1s de un mes. Han intentado hacerlo por una ruta alterna que pertenece a Paruro, pero las condiciones del territorio no son las id\u00f3neas.<\/p>\n<div class=\"fb-post\" data-href=\"https:\/\/www.facebook.com\/derechossinfronteras.pe\/photos\/a.741549455963585\/1952750584843460\/?type=3&#038;theater\" data-width=\"552\" style=\"background-color: #fff; display: inline-block;\"><\/div>\n<p>Otro tema que agudiza el conflicto es la permanente declaratoria de Estado de Emergencia. <a href=\"https:\/\/www.facebook.com\/derechossinfronteras.pe\/photos\/a.741549455963585\/1952750584843460\/?type=3&amp;theater\" target=\"_blank\" rel=\"noopener\">Durante el 2018 se declar\u00f3 en emergencia cinco veces consecutivas el corredor minero del sur<\/a>. Desde Setiembre del 2018, el gobierno de Mart\u00edn Vizcarra decide focalizar la emergencia en el distritito de Colquemarca, en donde se ubica el fundo de Yavi Yavi. Como lo se\u00f1ala los Decretros, la declaratoria es para un sector de la v\u00eda: \u2018el Estado de Emergencia en parte del Corredor Vial Apur\u00edmac \u2013 Cusco \u2013 Arequipa, desde el kil\u00f3metro 130 (Ref. Sector Muyu Orcco) hasta el kil\u00f3metro 160 (Ref. Sector Tiendayoc), de la Ruta Nacional PE-3SY, que comprende el distrito de Colquemarca de la provincia de Chumbivilcas, departamento del Cusco, incluyendo los quinientos (500) metros adyacentes a cada lado del Corredor Vial en menci\u00f3n\u2019.<\/p>\n<p>Esta medida aplicada para Apur\u00edmac, Cusco y Arequipa de declarar Estados de emergencia bajo la figura \u201cpreventiva\u201d, ya se ha convertido en una hecho reiterativo, siendo contrario al respeto de los derechos humanos, el Estado de derecho y la democracia. A pesar de los esfuerzos de las comunidades y organizaciones sociales de base de generar espacios de di\u00e1logo, el Estado insiste en militarizar la zona para garantizar la producci\u00f3n minera. \u00bfEsta es la forma correcta de solucionar conflictos sociales? \u00bfQu\u00e9 dir\u00e1n despu\u00e9s los medios de comunicaci\u00f3n de los dirigentes que deciden defender sus recursos naturales? Exhortamos al gobierno a iniciar un proceso de di\u00e1logo que prime los derechos de nuestras comunidades ind\u00edgenas y campesinas, que a diario se ven afectadas por las empresas transnacionales que hacen uso diario del corredor minero del sur.<\/p>\n<p>&nbsp;<\/p>\n<p>&nbsp;<\/p>","protected":false},"excerpt":{"rendered":"<p>Por Mart\u00edn L\u00f3pez\u00a0 \u00c1rea de Comunicaci\u00f3n e Incidencia &#8211; DHSF Ya es de conocimiento p\u00fablico que el pasado lunes se suspendi\u00f3 la reuni\u00f3n programada entre la comunidad campesina de Fuerabamba y la empresa minera Las Bambas. En este espacio de di\u00e1logo el Ejecutivo se mantiene como mediador. La reuni\u00f3n debi\u00f3 empezar a las 11 de [&hellip;]<\/p>\n","protected":false},"author":1,"featured_media":4459,"comment_status":"open","ping_status":"open","sticky":false,"template":"","format":"standard","meta":{"_monsterinsights_skip_tracking":false,"_monsterinsights_sitenote_active":false,"_monsterinsights_sitenote_note":"","_monsterinsights_sitenote_category":0,"_jetpack_memberships_contains_paid_content":false,"footnotes":"","jetpack_publicize_message":"","jetpack_publicize_feature_enabled":true,"jetpack_social_post_already_shared":false,"jetpack_social_options":{"image_generator_settings":{"template":"highway","default_image_id":0,"font":"","enabled":false},"version":2}},"categories":[1],"tags":[],"class_list":["post-4458","post","type-post","status-publish","format-standard","has-post-thumbnail","hentry","category-sin-categoria"],"blocksy_meta":[],"jetpack_publicize_connections":[],"jetpack_featured_media_url":"https:\/\/derechosinfronteras.pe\/wp-content\/uploads\/2019\/03\/Yavi-YAvi.jpg","jetpack_sharing_enabled":true,"jetpack_likes_enabled":true,"_links":{"self":[{"href":"https:\/\/derechosinfronteras.pe\/ingles\/wp-json\/wp\/v2\/posts\/4458","targetHints":{"allow":["GET"]}}],"collection":[{"href":"https:\/\/derechosinfronteras.pe\/ingles\/wp-json\/wp\/v2\/posts"}],"about":[{"href":"https:\/\/derechosinfronteras.pe\/ingles\/wp-json\/wp\/v2\/types\/post"}],"author":[{"embeddable":true,"href":"https:\/\/derechosinfronteras.pe\/ingles\/wp-json\/wp\/v2\/users\/1"}],"replies":[{"embeddable":true,"href":"https:\/\/derechosinfronteras.pe\/ingles\/wp-json\/wp\/v2\/comments?post=4458"}],"version-history":[{"count":0,"href":"https:\/\/derechosinfronteras.pe\/ingles\/wp-json\/wp\/v2\/posts\/4458\/revisions"}],"wp:featuredmedia":[{"embeddable":true,"href":"https:\/\/derechosinfronteras.pe\/ingles\/wp-json\/wp\/v2\/media\/4459"}],"wp:attachment":[{"href":"https:\/\/derechosinfronteras.pe\/ingles\/wp-json\/wp\/v2\/media?parent=4458"}],"wp:term":[{"taxonomy":"category","embeddable":true,"href":"https:\/\/derechosinfronteras.pe\/ingles\/wp-json\/wp\/v2\/categories?post=4458"},{"taxonomy":"post_tag","embeddable":true,"href":"https:\/\/derechosinfronteras.pe\/ingles\/wp-json\/wp\/v2\/tags?post=4458"}],"curies":[{"name":"wp","href":"https:\/\/api.w.org\/{rel}","templated":true}]}}