{"id":4460,"date":"2019-03-13T16:16:19","date_gmt":"2019-03-13T21:16:19","guid":{"rendered":"http:\/\/derechosinfronteras.pe\/?p=4540"},"modified":"2019-03-13T16:16:19","modified_gmt":"2019-03-13T21:16:19","slug":"las-bambas-se-suspende-juicio-a-dirigentes-criminalizados-por-conflicto-del-2015","status":"publish","type":"post","link":"https:\/\/derechosinfronteras.pe\/ingles\/las-bambas-se-suspende-juicio-a-dirigentes-criminalizados-por-conflicto-del-2015\/","title":{"rendered":"Las Bambas: Se suspende juicio contra dirigentes criminalizados por conflicto del 2015"},"content":{"rendered":"<p>Para hoy, desde las 8:30 a.m., estaba programado el inicio del juicio contra 19 dirigentes criminalizados por el conflicto con la empresa minera &#8216;Las Bambas&#8217; en el 2015. Sin embargo, el\u00a0propio juez advirti\u00f3 que el procesado,\u00a0Willian Richard Huillca Ocon, no hab\u00eda sido notificado, y a\u00fan as\u00ed el representante de La Procuradur\u00eda y los abogados de la empresa minera insist\u00edan en que se instale la audiencia y se declare reo contumaz a Huillca.\u00a0 La respuesta de su abogado de oficio fue oportuna, y cuestiono que la responsabilidad era del propio juzgado.<\/p>\n<p>David Nolazco, de la\u00a0<strong>Fundaci\u00f3n Ecum\u00e9nica para el Desarrollo y La Paz (FEDEPAZ)<\/strong>\u00a0y Mirtha V\u00e1squez de la\u00a0<strong>Asociaci\u00f3n Pro Derechos Humanos (APRODEH),\u00a0<\/strong>quienes acompa\u00f1an el caso legalmente,\u00a0 manifestaron que s\u00ed se instalaba la audiencia se podr\u00eda generar un vicio de nulidad, adem\u00e1s el hecho afecta el derecho al debido proceso y defensa de Huillca. Ante esta situaci\u00f3n, el Juez decidi\u00f3 suspender la audiencia.<\/p>\n<p>Como se recuerda, en setiembre del 2015, Cotabambas fue escenario de un para indefinido en contra de la empresa MMG Las Bambas. Debido a la represi\u00f3n policial, fallecieron 3 comuneros y se denunci\u00f3 penalmente a 19 dirigentes que fueron detenidos durante el conflicto.<\/p>\n<p>Los procesado han declarado que fueron torturados en un \u2018centro de detenci\u00f3n\u2019 dentro de las instalaciones de la propia empresa. Sin embargo, El Fiscal y el Juez que llevan el caso no han tomado en cuenta sus testimonios, ni tampoco investigaron a la polic\u00eda, que ofrec\u00eda servicios a la empresa. Adem\u00e1s, \u2018Las Bambas\u2019 ha solicitado <strong>86 mil d\u00f3lares\u00a0<\/strong>como reparaci\u00f3n civil.<\/p>\n<p>La audiencia ha sido reprogramada para el 15 de abril. Este tipo de situaciones terminan por perjudicar a los criminalizados, debido a que se multiplican sus gastos de dinero y tiempo que cubren el traslado hasta el lugar de la audiencia.<\/p>\n<p>&nbsp;<\/p>","protected":false},"excerpt":{"rendered":"<p>Para hoy, desde las 8:30 a.m., estaba programado el inicio del juicio contra 19 dirigentes criminalizados por el conflicto con la empresa minera &#8216;Las Bambas&#8217; en el 2015. Sin embargo, el\u00a0propio juez advirti\u00f3 que el procesado,\u00a0Willian Richard Huillca Ocon, no hab\u00eda sido notificado, y a\u00fan as\u00ed el representante de La Procuradur\u00eda y los abogados de [&hellip;]<\/p>\n","protected":false},"author":1,"featured_media":4461,"comment_status":"open","ping_status":"open","sticky":false,"template":"","format":"standard","meta":{"_monsterinsights_skip_tracking":false,"_monsterinsights_sitenote_active":false,"_monsterinsights_sitenote_note":"","_monsterinsights_sitenote_category":0,"_jetpack_memberships_contains_paid_content":false,"footnotes":"","jetpack_publicize_message":"","jetpack_publicize_feature_enabled":true,"jetpack_social_post_already_shared":false,"jetpack_social_options":{"image_generator_settings":{"template":"highway","default_image_id":0,"font":"","enabled":false},"version":2}},"categories":[1],"tags":[],"class_list":["post-4460","post","type-post","status-publish","format-standard","has-post-thumbnail","hentry","category-sin-categoria"],"blocksy_meta":[],"jetpack_publicize_connections":[],"jetpack_featured_media_url":"https:\/\/derechosinfronteras.pe\/wp-content\/uploads\/2019\/03\/audincia-suspendida-13.09.19-960x640-1.jpg","jetpack_sharing_enabled":true,"jetpack_likes_enabled":true,"_links":{"self":[{"href":"https:\/\/derechosinfronteras.pe\/ingles\/wp-json\/wp\/v2\/posts\/4460","targetHints":{"allow":["GET"]}}],"collection":[{"href":"https:\/\/derechosinfronteras.pe\/ingles\/wp-json\/wp\/v2\/posts"}],"about":[{"href":"https:\/\/derechosinfronteras.pe\/ingles\/wp-json\/wp\/v2\/types\/post"}],"author":[{"embeddable":true,"href":"https:\/\/derechosinfronteras.pe\/ingles\/wp-json\/wp\/v2\/users\/1"}],"replies":[{"embeddable":true,"href":"https:\/\/derechosinfronteras.pe\/ingles\/wp-json\/wp\/v2\/comments?post=4460"}],"version-history":[{"count":0,"href":"https:\/\/derechosinfronteras.pe\/ingles\/wp-json\/wp\/v2\/posts\/4460\/revisions"}],"wp:featuredmedia":[{"embeddable":true,"href":"https:\/\/derechosinfronteras.pe\/ingles\/wp-json\/wp\/v2\/media\/4461"}],"wp:attachment":[{"href":"https:\/\/derechosinfronteras.pe\/ingles\/wp-json\/wp\/v2\/media?parent=4460"}],"wp:term":[{"taxonomy":"category","embeddable":true,"href":"https:\/\/derechosinfronteras.pe\/ingles\/wp-json\/wp\/v2\/categories?post=4460"},{"taxonomy":"post_tag","embeddable":true,"href":"https:\/\/derechosinfronteras.pe\/ingles\/wp-json\/wp\/v2\/tags?post=4460"}],"curies":[{"name":"wp","href":"https:\/\/api.w.org\/{rel}","templated":true}]}}