{"id":4462,"date":"2019-03-07T18:38:00","date_gmt":"2019-03-07T23:38:00","guid":{"rendered":"http:\/\/derechosinfronteras.pe\/?p=4534"},"modified":"2019-03-07T18:38:00","modified_gmt":"2019-03-07T23:38:00","slug":"chumbivilcas-gobierno-prorroga-por-sexta-vez-el-estado-de-emergencia-en-un-sector-del-corredor-minero","status":"publish","type":"post","link":"https:\/\/derechosinfronteras.pe\/ingles\/chumbivilcas-gobierno-prorroga-por-sexta-vez-el-estado-de-emergencia-en-un-sector-del-corredor-minero\/","title":{"rendered":"Chumbivilcas: Gobierno prorroga por sexta vez el Estado de Emergencia en un sector del Corredor Minero"},"content":{"rendered":"<p>El pasado 26 de febrero, con\u00a0<strong>Decreto Supremo N\u00ba 38-2019-PCM<\/strong>, el gobierno prorrog\u00f3 por sexta vez, y por un plazo de 30 d\u00edas calendarios, el Estado de Emergencia en el Corredor Vial Minero Apur\u00edmac \u2013 Cusco \u2013 Arequipa. Como lo se\u00f1ala el documento, la declaratoria es para un sector de la v\u00eda: \u2018el Estado de Emergencia en parte del Corredor Vial Apur\u00edmac \u2013 Cusco \u2013 Arequipa, desde el kil\u00f3metro 130 (Ref. Sector Muyu Orcco) hasta el kil\u00f3metro 160 (Ref. Sector Tiendayoc), de la Ruta Nacional PE-3SY, que comprende el distrito de Colquemarca de la provincia de Chumbivilcas, departamento del Cusco, incluyendo los quinientos (500) metros adyacentes a cada lado del Corredor Vial en menci\u00f3n\u2019. Esta nueva medida empez\u00f3 desde el 27 de febrero.<\/p>\n<p>Es de conocimiento p\u00fablico que por esta v\u00eda son permanentes las manifestaciones de la comunidad de Yavi Yavi en contra de la empresa minera\u00a0\u00a0<strong>\u2018MMG Las Bambas\u2019, <\/strong>exigiendo se les otorgue un resarcimiento econ\u00f3mico por el uso de sus territorios por el que transitan veh\u00edculos de la empresa en menci\u00f3n. Aunque contin\u00faa el proceso de di\u00e1logo entre la comunidad y la minera, a\u00fan no han llegado a ning\u00fan acuerdo que compense a ambas partes. Cabe se\u00f1alar que por toda la v\u00eda del corredor minero transitan m\u00e1s de 500 veh\u00edculos por d\u00eda, generando polvareda, contaminaci\u00f3n ambiental y ac\u00fastica, y en algunos zonas, derrames de materiales t\u00f3xicos.<\/p>\n<p>Esta medida aplicada para Apur\u00edmac, Cusco y Arequipa de declarar estados de emergencia bajo la figura \u201cpreventiva\u201d, ya se ha convertido en una hecho reiterativo, siendo contrario al respeto de los derechos humanos, el Estado de derecho y la democracia. A pesar de los esfuerzos de las comunidades y organizaciones sociales de base de generar espacios de di\u00e1logo, el Estado insiste en militarizar la zona para garantizar la producci\u00f3n minera.<\/p>\n<div class=\"fb-post\" data-href=\"https:\/\/www.facebook.com\/derechossinfronteras.pe\/photos\/a.741549455963585\/1952750584843460\/?type=3&#038;theater\" data-width=\"552\" style=\"background-color: #fff; display: inline-block;\"><\/div>\n<p><strong>\u00bfQu\u00e9 implica un estado de emergencia?<\/strong><\/p>\n<p>Seg\u00fan lo que dicta nuestra Constituci\u00f3n, la declaratoria de un Estado de Emergencia deja abierta la posibilidad de suspender o restringir -todos o alguno- de los siguientes derechos:<\/p>\n<p><strong>*Libertad y seguridad personal:<\/strong>\u00a0Las detenciones pueden ocurrir sin flagrancia o sin mandato judicial. Las acciones de habeas corpus en relaci\u00f3n a personas detenidas ser\u00e1n declaradas improcedentes.<\/p>\n<p><strong>*Inviolabilidad de domicilio:<\/strong>\u00a0Las PNP y\/o Fuerzas Armadas pueden ingresar a cualquier domicilio sin mandato judicial o flagrancia.<\/p>\n<p><strong>*Libertad de Reuni\u00f3n:<\/strong>\u00a0Se suspenden todo tipo de reuniones.<\/p>\n<p><strong>*Libertad de Tr\u00e1nsito:<\/strong>\u00a0Se puede suspender la libertad de circular en ciertos lugares y\/o en ciertos horarios (No es lo mismo que un \u2018Toque de queda\u2019)<\/p>\n<div class=\"fb-post\" data-href=\"https:\/\/www.facebook.com\/derechossinfronteras.pe\/photos\/a.741549455963585\/1337506013034590\/?type=3\" data-width=\"552\" style=\"background-color: #fff; display: inline-block;\"><\/div>","protected":false},"excerpt":{"rendered":"<p>El pasado 26 de febrero, con\u00a0Decreto Supremo N\u00ba 38-2019-PCM, el gobierno prorrog\u00f3 por sexta vez, y por un plazo de 30 d\u00edas calendarios, el Estado de Emergencia en el Corredor Vial Minero Apur\u00edmac \u2013 Cusco \u2013 Arequipa. Como lo se\u00f1ala el documento, la declaratoria es para un sector de la v\u00eda: \u2018el Estado de Emergencia [&hellip;]<\/p>\n","protected":false},"author":1,"featured_media":4463,"comment_status":"open","ping_status":"open","sticky":false,"template":"","format":"standard","meta":{"_monsterinsights_skip_tracking":false,"_monsterinsights_sitenote_active":false,"_monsterinsights_sitenote_note":"","_monsterinsights_sitenote_category":0,"_jetpack_memberships_contains_paid_content":false,"footnotes":"","jetpack_publicize_message":"","jetpack_publicize_feature_enabled":true,"jetpack_social_post_already_shared":false,"jetpack_social_options":{"image_generator_settings":{"template":"highway","default_image_id":0,"font":"","enabled":false},"version":2}},"categories":[1],"tags":[],"class_list":["post-4462","post","type-post","status-publish","format-standard","has-post-thumbnail","hentry","category-sin-categoria"],"blocksy_meta":[],"jetpack_publicize_connections":[],"jetpack_featured_media_url":"https:\/\/derechosinfronteras.pe\/wp-content\/uploads\/2019\/03\/Estado-de-Emergencia.jpg","jetpack_sharing_enabled":true,"jetpack_likes_enabled":true,"_links":{"self":[{"href":"https:\/\/derechosinfronteras.pe\/ingles\/wp-json\/wp\/v2\/posts\/4462","targetHints":{"allow":["GET"]}}],"collection":[{"href":"https:\/\/derechosinfronteras.pe\/ingles\/wp-json\/wp\/v2\/posts"}],"about":[{"href":"https:\/\/derechosinfronteras.pe\/ingles\/wp-json\/wp\/v2\/types\/post"}],"author":[{"embeddable":true,"href":"https:\/\/derechosinfronteras.pe\/ingles\/wp-json\/wp\/v2\/users\/1"}],"replies":[{"embeddable":true,"href":"https:\/\/derechosinfronteras.pe\/ingles\/wp-json\/wp\/v2\/comments?post=4462"}],"version-history":[{"count":0,"href":"https:\/\/derechosinfronteras.pe\/ingles\/wp-json\/wp\/v2\/posts\/4462\/revisions"}],"wp:featuredmedia":[{"embeddable":true,"href":"https:\/\/derechosinfronteras.pe\/ingles\/wp-json\/wp\/v2\/media\/4463"}],"wp:attachment":[{"href":"https:\/\/derechosinfronteras.pe\/ingles\/wp-json\/wp\/v2\/media?parent=4462"}],"wp:term":[{"taxonomy":"category","embeddable":true,"href":"https:\/\/derechosinfronteras.pe\/ingles\/wp-json\/wp\/v2\/categories?post=4462"},{"taxonomy":"post_tag","embeddable":true,"href":"https:\/\/derechosinfronteras.pe\/ingles\/wp-json\/wp\/v2\/tags?post=4462"}],"curies":[{"name":"wp","href":"https:\/\/api.w.org\/{rel}","templated":true}]}}