{"id":4464,"date":"2019-03-06T17:58:08","date_gmt":"2019-03-06T22:58:08","guid":{"rendered":"http:\/\/derechosinfronteras.pe\/?p=4529"},"modified":"2019-03-06T17:58:08","modified_gmt":"2019-03-06T22:58:08","slug":"estado-vs-estado-calidad-de-agua-y-salud-en-espinar","status":"publish","type":"post","link":"https:\/\/derechosinfronteras.pe\/ingles\/estado-vs-estado-calidad-de-agua-y-salud-en-espinar\/","title":{"rendered":"Estado vs. Estado: Calidad de agua y salud en Espinar"},"content":{"rendered":"<blockquote><p>&nbsp;<\/p>\n<p style=\"text-align: right;\"><strong>Por Helio Cruz &#8211; \u00c1rea Legal DHSF<\/strong><\/p>\n<\/blockquote>\n<p>Espinar, es una provincia con un nivel de conflicto socioambiental permanente y en ascenso, debido a la presencia de la Empresa Minera Glencore Antapaccay, quien ha demostrado una ineficiente capacidad de negociaci\u00f3n colectiva en los temas ambientales y sus impactos. Tambi\u00e9n es resaltante la fragilidad del Estado para atender a la poblaci\u00f3n afectada como parte de su obligaci\u00f3n de garantizar el bienestar de las personas en la Provincia de Espinar y con mayor raz\u00f3n de las Comunidades Campesinas quienes denuncian desde hace a\u00f1os que viven con metales t\u00f3xicos en su sangre.<\/p>\n<p>La Miner\u00eda es para el \u201cEstado\u201d la principal fuente de ingresos para resolver demandas sociales a trav\u00e9s del Canon y Sobre Canon distribuidas en todos los niveles de gobierno. El Gobierno refuerza el discurso que las actividades extractivas son la &#8216;columna vertebral&#8217; de nuestra econom\u00eda, y no realiza un verdadero sistema de fiscalizaci\u00f3n por temor de ahuyentar a las &#8216;grandes inversiones&#8217;.<\/p>\n<p><strong>La Red de Salud Canas Canchis Espinar,\u00a0<\/strong>en noviembre 2018, ha emitido un informe sobre la situaci\u00f3n del agua potable indicando que los par\u00e1metros de aluminio, ars\u00e9nico, hierro y manganeso, exceden los l\u00edmites m\u00e1ximos permisibles, y como es sabido, su ingesta podr\u00eda ocasionar alg\u00fan da\u00f1o a la salud e incrementar la anemia y desnutrici\u00f3n cr\u00f3nica en ni\u00f1os menores a 5 a\u00f1os. Esta informaci\u00f3n ha sido proporcionada por el sector de Salud, quien ha creado preocupaci\u00f3n sobre la calidad del agua. Sin embargo, en el mes de febrero en una reuni\u00f3n cerrada y sin convocatoria p\u00fablica, la <strong>Direcci\u00f3n Regional de Salud (DIRESA &#8211; Cusco)<\/strong> ha emitido un comunicado indicando que el agua es apta para el consumo humano, desmereciendo el informe de la Red de Salud.<\/p>\n<p>Frente a este panorama, las Comunidades Campesinas de la Provincia de Espinar emitieron un <strong>\u201cMEMORIAL POR LA SALUD Y AGUA EN ESPINAR\u201d<\/strong> dirigido a diversas entidades del Estado, entre ellas al <strong>Presidente de la Rep\u00fablica, Congreso de la Republica, Defensor\u00eda del Pueblo, Gobierno Regional Cusco, Municipalidad de Espinar,<\/strong> mostrando su indignaci\u00f3n colectiva por el discurso institucional Estatal desde el Ministerio de Salud respecto al tratamiento y atenci\u00f3n de la Salud y el Agua en Espinar.<\/p>\n<p>Ese doble discurso del sector de Salud causa preocupaci\u00f3n, porque hasta la fecha no se ha socializado en Espinar ante sus Autoridades y Sociedad civil sobre la situaci\u00f3n de Agua en Espinar, por ello Las Comunidades Campesinas exigen que se esclarezca la verdad, y que el Estado asuma el rol protector de la persona humana.<\/p>\n<p>En el memorial se destaca principalmente: i El Ministerio de Salud y la DIRESA actu\u00e9 con transparencia y sin faltar a la verdad. <strong>ii La Defensor\u00eda del Pueblo participe como ente veedor en la visita programada para el mes de marzo por parte del sector de Salud en Espinar. iii Establecer mecanismos de comunicaci\u00f3n id\u00f3nea con la Plataforma Nacional de Personas Afectadas con Metales Pesados y permitir la participaci\u00f3n de entes veedores independientes.<\/strong><\/p>\n<p>Frente a este panorama es necesario instalar una MESA DE TRABAJO SOBRE LA SALUD Y AGUA EN ESPINAR compuesta por el Estado en sus diferentes niveles de gobierno, la Plataforma de personas afectadas y la Sociedad Civil debidamente representada en la que se pueda administrar mejor las pol\u00edticas emprendidas desde el sector de Salud y con fiscalizaci\u00f3n permanente para su cumplimiento. Retomar el trabajo de Declaratoria de Emergencia Sanitaria en la Provincia de Espinar como parte de las pol\u00edticas de un\u00a0Estado que garantiza los derechos humanos fundamentales abonando presupuesto p\u00fablico para el tratamiento en la salud de las personas afectadas con metales pesados y evitar la contaminaci\u00f3n del agua potable en la Provincia de Espinar.<\/p>\n<p><a href=\"https:\/\/es.scribd.com\/document\/401156904\/Memorial-Por-La-Salud-y-El-Agua-Espinar\" target=\"_blank\" rel=\"noopener\">VER Y DESCARGAR MEMORIAL POR LA SALUD Y AGUA EN ESPINAR:<\/a><\/p>\n<p style=\"margin: 12px auto 6px auto; font-family: Helvetica,Arial,Sans-serif; font-style: normal; font-variant: normal; font-weight: normal; font-size: 14px; line-height: normal; font-size-adjust: none; font-stretch: normal; -x-system-font: none; display: block;\"><a style=\"text-decoration: underline;\" title=\"View Memorial Por La Salud y El Agua - Espinar on Scribd\" href=\"https:\/\/www.scribd.com\/document\/401156904\/Memorial-Por-La-Salud-y-El-Agua-Espinar#from_embed\" target=\"_blank\" rel=\"noopener\">Memorial Por La Salud y El Agua &#8211; Espinar<\/a> by <a style=\"text-decoration: underline;\" title=\"View Derechos Humanos Cusco&#039;s profile on Scribd\" href=\"https:\/\/www.scribd.com\/user\/319042434\/Derechos-Humanos-Cusco#from_embed\" target=\"_blank\" rel=\"noopener\">Derechos Humanos Cusco<\/a> on Scribd<\/p>\n<p><iframe id=\"doc_67519\" class=\"scribd_iframe_embed\" title=\"Memorial Por La Salud y El Agua - Espinar\" src=\"https:\/\/es.scribd.com\/embeds\/401156904\/content?start_page=1&amp;view_mode=scroll&amp;access_key=key-OgpfoB8Y2RFoADc26xXU&amp;show_recommendations=true\" width=\"100%\" height=\"600\" frameborder=\"0\" scrolling=\"no\" data-auto-height=\"false\" data-aspect-ratio=\"0.7068965517241379\"><\/iframe><\/p>","protected":false},"excerpt":{"rendered":"<p>&nbsp; Por Helio Cruz &#8211; \u00c1rea Legal DHSF Espinar, es una provincia con un nivel de conflicto socioambiental permanente y en ascenso, debido a la presencia de la Empresa Minera Glencore Antapaccay, quien ha demostrado una ineficiente capacidad de negociaci\u00f3n colectiva en los temas ambientales y sus impactos. Tambi\u00e9n es resaltante la fragilidad del Estado [&hellip;]<\/p>\n","protected":false},"author":1,"featured_media":4465,"comment_status":"open","ping_status":"open","sticky":false,"template":"","format":"standard","meta":{"_monsterinsights_skip_tracking":false,"_monsterinsights_sitenote_active":false,"_monsterinsights_sitenote_note":"","_monsterinsights_sitenote_category":0,"_jetpack_memberships_contains_paid_content":false,"footnotes":"","jetpack_publicize_message":"","jetpack_publicize_feature_enabled":true,"jetpack_social_post_already_shared":false,"jetpack_social_options":{"image_generator_settings":{"template":"highway","default_image_id":0,"font":"","enabled":false},"version":2}},"categories":[1],"tags":[],"class_list":["post-4464","post","type-post","status-publish","format-standard","has-post-thumbnail","hentry","category-sin-categoria"],"blocksy_meta":[],"jetpack_publicize_connections":[],"jetpack_featured_media_url":"https:\/\/derechosinfronteras.pe\/wp-content\/uploads\/2019\/03\/Estado.jpg","jetpack_sharing_enabled":true,"jetpack_likes_enabled":true,"_links":{"self":[{"href":"https:\/\/derechosinfronteras.pe\/ingles\/wp-json\/wp\/v2\/posts\/4464","targetHints":{"allow":["GET"]}}],"collection":[{"href":"https:\/\/derechosinfronteras.pe\/ingles\/wp-json\/wp\/v2\/posts"}],"about":[{"href":"https:\/\/derechosinfronteras.pe\/ingles\/wp-json\/wp\/v2\/types\/post"}],"author":[{"embeddable":true,"href":"https:\/\/derechosinfronteras.pe\/ingles\/wp-json\/wp\/v2\/users\/1"}],"replies":[{"embeddable":true,"href":"https:\/\/derechosinfronteras.pe\/ingles\/wp-json\/wp\/v2\/comments?post=4464"}],"version-history":[{"count":0,"href":"https:\/\/derechosinfronteras.pe\/ingles\/wp-json\/wp\/v2\/posts\/4464\/revisions"}],"wp:featuredmedia":[{"embeddable":true,"href":"https:\/\/derechosinfronteras.pe\/ingles\/wp-json\/wp\/v2\/media\/4465"}],"wp:attachment":[{"href":"https:\/\/derechosinfronteras.pe\/ingles\/wp-json\/wp\/v2\/media?parent=4464"}],"wp:term":[{"taxonomy":"category","embeddable":true,"href":"https:\/\/derechosinfronteras.pe\/ingles\/wp-json\/wp\/v2\/categories?post=4464"},{"taxonomy":"post_tag","embeddable":true,"href":"https:\/\/derechosinfronteras.pe\/ingles\/wp-json\/wp\/v2\/tags?post=4464"}],"curies":[{"name":"wp","href":"https:\/\/api.w.org\/{rel}","templated":true}]}}