{"id":4468,"date":"2019-02-21T16:50:29","date_gmt":"2019-02-21T21:50:29","guid":{"rendered":"http:\/\/derechosinfronteras.pe\/?p=4520"},"modified":"2019-02-21T16:50:29","modified_gmt":"2019-02-21T21:50:29","slug":"coordinadora-andina-de-organizaciones-indigenas-se-pronuncia-a-favor-de-la-comunidad-de-fuerabamba","status":"publish","type":"post","link":"https:\/\/derechosinfronteras.pe\/ingles\/coordinadora-andina-de-organizaciones-indigenas-se-pronuncia-a-favor-de-la-comunidad-de-fuerabamba\/","title":{"rendered":"Coordinadora Andina de Organizaciones Ind\u00edgenas se pronuncia a favor de la comunidad de Fuerabamba"},"content":{"rendered":"<p style=\"text-align: center;\"><strong>PRONUNCIAMIENTO<\/strong><\/p>\n<p>La Coordinadora Andina de Organizaciones Ind\u00edgenas, frente a la intolerancia y abuso por parte del Ministerio de Transportes y Comunicaciones y la Empresa Minera MMG Las Bambas SAC., a la comunidad Campesina de Fuerabamba, expresamos lo siguiente:<\/p>\n<p>1) Las Comunidades Campesinas y Pueblos Originarios, cuenta con una profunda conexi\u00f3n con sus tierras y los recursos naturales que se encuentran en su territorio, merecen un respeto a sus derechos colectivos de acuerdo al Convenio 169, por lo que el gobierno peruano tiene la obligaci\u00f3n de proteger a las familias de la Comunidad Campesina de Fuerabamba, frente al abuso de la Empresa Minera MMG Las Bambas SAC.<\/p>\n<p>2) La Comunidad Campesina de Fuerabamba desde agosto del 2018 est\u00e1 en una lucha por reivindicar sus derechos colectivos frente a la Empresa Minera MMG Las Bambas SAC., est\u00e1 en proceso de di\u00e1logo para la negociaci\u00f3n de ls servidumbre por el uso del tramo de la v\u00eda de la carretera que cruza por el territorio de la Comunidad en el sector Yavi Yavi, ubicado en el distrito de Colquemarca de la provincia de Chumbivilcas, que hasta el momento no se resuelve por el capricho de la Empresa Minera MMG Las Bambas y el Ministerio de Transportes y Comunicaciones que no facilita el proceso de negociaci\u00f3n perjudicando a las familias comuneras.<\/p>\n<p>3) Tenemos conocimiento que el 30 de enero se ha realizado en el Sector Yavi Yavi el di\u00e1logo, estando presente importantes autoridades del gobierno peruano y la Empresa Minera MMG Las Bambas SAC, en donde quedaron llegar el 04 de febrero del presente a\u00f1o, para la presentaci\u00f3n de las propuestas y la negociaci\u00f3n, la reuni\u00f3n se ha frustr\u00f3 por el cambio de la sede de la reuni\u00f3n por parte del Ministerio de Transportes y Comunicaciones sin consultar a la Comunidad Campesina de Fuerabamba, lo cual consideramos como una maniobra injusta, en donde los comuneros esperaron puntualmente en el lugar fijado con anterioridad, en la sede de la Comunidad Campesina de Fuerabamba, tal consta en el Acta de la Comunidad<\/p>\n<p>4) Hacemos un llamado al Presidente de la Rep\u00fablica, Ing. Mart\u00edn Vizcarra, que facilite el proceso de negociaci\u00f3n por intermedio del Ministerio de Transportes y Comunicaciones, creemos que los derechos de los comuneros est\u00e1 por encima de los intereses de las empresas privadas.<\/p>\n<p>5) La Coordinadora Andina de Organizaciones Ind\u00edgenas &#8211; CAOI, difundir\u00e1 en los espacios internacionales, la problem\u00e1tica de la Comunidad Campesina de Fuerabamba, para lograr la solidaridad internacional en defensa de los derechos colectivos de los pueblos ind\u00edgenas originarios.<\/p>\n<p style=\"text-align: right;\"><strong>Lima, febrero del 2019<\/strong><\/p>\n<p>&nbsp;<\/p>","protected":false},"excerpt":{"rendered":"<p>PRONUNCIAMIENTO La Coordinadora Andina de Organizaciones Ind\u00edgenas, frente a la intolerancia y abuso por parte del Ministerio de Transportes y Comunicaciones y la Empresa Minera MMG Las Bambas SAC., a la comunidad Campesina de Fuerabamba, expresamos lo siguiente: 1) Las Comunidades Campesinas y Pueblos Originarios, cuenta con una profunda conexi\u00f3n con sus tierras y los [&hellip;]<\/p>\n","protected":false},"author":1,"featured_media":4469,"comment_status":"open","ping_status":"open","sticky":false,"template":"","format":"standard","meta":{"_monsterinsights_skip_tracking":false,"_monsterinsights_sitenote_active":false,"_monsterinsights_sitenote_note":"","_monsterinsights_sitenote_category":0,"_jetpack_memberships_contains_paid_content":false,"footnotes":"","jetpack_publicize_message":"","jetpack_publicize_feature_enabled":true,"jetpack_social_post_already_shared":false,"jetpack_social_options":{"image_generator_settings":{"template":"highway","default_image_id":0,"font":"","enabled":false},"version":2}},"categories":[1],"tags":[],"class_list":["post-4468","post","type-post","status-publish","format-standard","has-post-thumbnail","hentry","category-sin-categoria"],"blocksy_meta":[],"jetpack_publicize_connections":[],"jetpack_featured_media_url":"https:\/\/derechosinfronteras.pe\/wp-content\/uploads\/2019\/02\/Pronunciamiento.jpg","jetpack_sharing_enabled":true,"jetpack_likes_enabled":true,"_links":{"self":[{"href":"https:\/\/derechosinfronteras.pe\/ingles\/wp-json\/wp\/v2\/posts\/4468","targetHints":{"allow":["GET"]}}],"collection":[{"href":"https:\/\/derechosinfronteras.pe\/ingles\/wp-json\/wp\/v2\/posts"}],"about":[{"href":"https:\/\/derechosinfronteras.pe\/ingles\/wp-json\/wp\/v2\/types\/post"}],"author":[{"embeddable":true,"href":"https:\/\/derechosinfronteras.pe\/ingles\/wp-json\/wp\/v2\/users\/1"}],"replies":[{"embeddable":true,"href":"https:\/\/derechosinfronteras.pe\/ingles\/wp-json\/wp\/v2\/comments?post=4468"}],"version-history":[{"count":0,"href":"https:\/\/derechosinfronteras.pe\/ingles\/wp-json\/wp\/v2\/posts\/4468\/revisions"}],"wp:featuredmedia":[{"embeddable":true,"href":"https:\/\/derechosinfronteras.pe\/ingles\/wp-json\/wp\/v2\/media\/4469"}],"wp:attachment":[{"href":"https:\/\/derechosinfronteras.pe\/ingles\/wp-json\/wp\/v2\/media?parent=4468"}],"wp:term":[{"taxonomy":"category","embeddable":true,"href":"https:\/\/derechosinfronteras.pe\/ingles\/wp-json\/wp\/v2\/categories?post=4468"},{"taxonomy":"post_tag","embeddable":true,"href":"https:\/\/derechosinfronteras.pe\/ingles\/wp-json\/wp\/v2\/tags?post=4468"}],"curies":[{"name":"wp","href":"https:\/\/api.w.org\/{rel}","templated":true}]}}