{"id":4472,"date":"2019-02-18T17:57:34","date_gmt":"2019-02-18T22:57:34","guid":{"rendered":"http:\/\/derechosinfronteras.pe\/?p=4510"},"modified":"2019-02-18T17:57:34","modified_gmt":"2019-02-18T22:57:34","slug":"chumbivilcas-fuerabamba-retoma-dialogo-con-mmg-las-bambas","status":"publish","type":"post","link":"https:\/\/derechosinfronteras.pe\/ingles\/chumbivilcas-fuerabamba-retoma-dialogo-con-mmg-las-bambas\/","title":{"rendered":"Chumbivilcas: Fuerabamba retoma di\u00e1logo con MMG Las Bambas"},"content":{"rendered":"<p>El 13 y 14 de febrero dirigentes de la comunidad de Fuerabamba retomaron el di\u00e1logo con funcionarios de la empresa minera MMG Las Bambas. Este espacio fue mediado por la Presidencia del Consejo de Ministros, y tambi\u00e9n participaron representantes de tambi\u00e9n los ministerios de Transportes y Comunicaciones, Energ\u00eda y Minas, Defensor\u00eda del Pueblo, la Regi\u00f3n Policial de Cusco y Prefecta de Cusco.<\/p>\n<p>Aunque el di\u00e1logo se ha retomado, no existen consensos que ayuden a solucionar el conflicto que existe en la zona de Yavi Yavi (Chumbivilcas).<\/p>\n<p>No hay consenso en los montos de la compensaci\u00f3n por los\u00a0<strong>terrenos comunales\u00a0<\/strong>cedidos a la minera para construir el corredor minero del sur, usado por la empresa para el transporte de los minerales que explota en Las Bambas.<\/p>\n<p>Seg\u00fan lo report\u00f3 el Diario La Rep\u00fablica, la\u00a0<strong>comunidad campesina<\/strong>\u00a0ha solicitado que se le pagu\u00e9 80 d\u00f3lares por metro cuadrado por el territorio que hace uso la empresa minera, que ahora se ha convertido en una v\u00eda nacional, este monto har\u00eda un total de 30 millones 400 mil d\u00f3lares, mientras que la empresa solo quiere compensarles con 50 mil soles por hect\u00e1rea, haciendo un global de 1 mill\u00f3n 900 mil soles. Una diferencia muy grande que estancar\u00eda el di\u00e1logo.<\/p>\n<p>Cerrados los dos d\u00eda de reuni\u00f3n no hab\u00eda un acuerdo que satisfaga a ambas partes, por ello se decidi\u00f3 tener una pr\u00f3xima reuni\u00f3n el 24 de febrero a las diez de la ma\u00f1ana en la\u00a0<strong>Ciudad Imperial<\/strong>.<\/p>\n<p>&nbsp;<\/p>\n<p>&nbsp;<\/p>\n<p>&nbsp;<\/p>","protected":false},"excerpt":{"rendered":"<p>El 13 y 14 de febrero dirigentes de la comunidad de Fuerabamba retomaron el di\u00e1logo con funcionarios de la empresa minera MMG Las Bambas. Este espacio fue mediado por la Presidencia del Consejo de Ministros, y tambi\u00e9n participaron representantes de tambi\u00e9n los ministerios de Transportes y Comunicaciones, Energ\u00eda y Minas, Defensor\u00eda del Pueblo, la Regi\u00f3n [&hellip;]<\/p>\n","protected":false},"author":1,"featured_media":4473,"comment_status":"open","ping_status":"open","sticky":false,"template":"","format":"standard","meta":{"_monsterinsights_skip_tracking":false,"_monsterinsights_sitenote_active":false,"_monsterinsights_sitenote_note":"","_monsterinsights_sitenote_category":0,"_jetpack_memberships_contains_paid_content":false,"footnotes":"","jetpack_publicize_message":"","jetpack_publicize_feature_enabled":true,"jetpack_social_post_already_shared":false,"jetpack_social_options":{"image_generator_settings":{"template":"highway","default_image_id":0,"font":"","enabled":false},"version":2}},"categories":[1],"tags":[],"class_list":["post-4472","post","type-post","status-publish","format-standard","has-post-thumbnail","hentry","category-sin-categoria"],"blocksy_meta":[],"jetpack_publicize_connections":[],"jetpack_featured_media_url":"https:\/\/derechosinfronteras.pe\/wp-content\/uploads\/2019\/02\/51899515_413946826015142_8733371785128443904_n.jpg","jetpack_sharing_enabled":true,"jetpack_likes_enabled":true,"_links":{"self":[{"href":"https:\/\/derechosinfronteras.pe\/ingles\/wp-json\/wp\/v2\/posts\/4472","targetHints":{"allow":["GET"]}}],"collection":[{"href":"https:\/\/derechosinfronteras.pe\/ingles\/wp-json\/wp\/v2\/posts"}],"about":[{"href":"https:\/\/derechosinfronteras.pe\/ingles\/wp-json\/wp\/v2\/types\/post"}],"author":[{"embeddable":true,"href":"https:\/\/derechosinfronteras.pe\/ingles\/wp-json\/wp\/v2\/users\/1"}],"replies":[{"embeddable":true,"href":"https:\/\/derechosinfronteras.pe\/ingles\/wp-json\/wp\/v2\/comments?post=4472"}],"version-history":[{"count":0,"href":"https:\/\/derechosinfronteras.pe\/ingles\/wp-json\/wp\/v2\/posts\/4472\/revisions"}],"wp:featuredmedia":[{"embeddable":true,"href":"https:\/\/derechosinfronteras.pe\/ingles\/wp-json\/wp\/v2\/media\/4473"}],"wp:attachment":[{"href":"https:\/\/derechosinfronteras.pe\/ingles\/wp-json\/wp\/v2\/media?parent=4472"}],"wp:term":[{"taxonomy":"category","embeddable":true,"href":"https:\/\/derechosinfronteras.pe\/ingles\/wp-json\/wp\/v2\/categories?post=4472"},{"taxonomy":"post_tag","embeddable":true,"href":"https:\/\/derechosinfronteras.pe\/ingles\/wp-json\/wp\/v2\/tags?post=4472"}],"curies":[{"name":"wp","href":"https:\/\/api.w.org\/{rel}","templated":true}]}}