{"id":4474,"date":"2019-02-14T19:08:01","date_gmt":"2019-02-15T00:08:01","guid":{"rendered":"http:\/\/derechosinfronteras.pe\/?p=4501"},"modified":"2019-02-14T19:08:01","modified_gmt":"2019-02-15T00:08:01","slug":"agua-y-metales-toxicos-a-que-juega-la-direccion-regional-de-salud-del-cusco-en-la-provincia-de-espinar","status":"publish","type":"post","link":"https:\/\/derechosinfronteras.pe\/ingles\/agua-y-metales-toxicos-a-que-juega-la-direccion-regional-de-salud-del-cusco-en-la-provincia-de-espinar\/","title":{"rendered":"Agua y metales t\u00f3xicos: \u00bfA qu\u00e9 juega la Direcci\u00f3n Regional de Salud del Cusco en la provincia de Espinar?"},"content":{"rendered":"<p style=\"text-align: justify;\">A finales del 2018 la poblaci\u00f3n urbana de Espinar ha sido sorprendida con la noticia de que consumen agua \u201cpotable\u201d con metales t\u00f3xicos, la informaci\u00f3n fue realizada por la Direcci\u00f3n Regional de Salud de Cusco (DIRESA); para una provincia con m\u00e1s de 35 a\u00f1os de miner\u00eda este anuncio caus\u00f3 mucha preocupaci\u00f3n entre las autoridades electas<a href=\"#_ftn1\" name=\"_ftnref1\">[1]<\/a> y la poblaci\u00f3n local. Sin embargo tras casi tres meses de hacerse p\u00fablico el informe, hace unos d\u00edas y de manera irresponsable la misma instituci\u00f3n encargada de la vigilancia del agua, niega y contradice sus anteriores reportes. <strong>\u00bfPor qu\u00e9 tanto hermetismo con los informes de contaminaci\u00f3n de metales t\u00f3xicos en la poblaci\u00f3n? \u00bfPor qu\u00e9 DIRESA se pronuncia reci\u00e9n, cu\u00e1l es el temor en transparentar los estudios? Son algunas de las preguntas que la DIRESA Cusco deber\u00e1 responder.<\/strong><\/p>\n<p style=\"text-align: justify;\">Mientras tanto el sistema de abastecimiento de agua potable de la capital de Espinar, Yauri ha sido declarada en emergencia por la nueva gestion municipal de Espinar y esta semana por el Consejo Regional del Cusco; estas iniciativas se dan porque un documento oficial de la Direcci\u00f3n Regional de Salud (DIRESA) y la Red de Salud Canas Canchis Espinar indica que el agua de consumo de la poblaci\u00f3n est\u00e1 contaminada con metales t\u00f3xicos, entre ellos el ars\u00e9nico, un metal nocivo para la salud de las personas.<\/p>\n<blockquote>\n<p style=\"text-align: justify;\">Tras casi tres meses de zozobra en Espinar y luego de una masiva movilizaci\u00f3n el pasado 28 de enero, esta semana la Direcci\u00f3n Regional de Salud a trav\u00e9s de un Comunicado N\u00b0 003-2019 RRPP-DIRESA Cusco, indica que el agua en la provincia de Espinar si es <strong>apta<\/strong> para el consumo humano, esta afirmaci\u00f3n lo sustentan con las muestras que realizaron el 17 de abril y el 04 de agosto del 2018 por la DIGESA; y que fueron entregados a DIRESA el 31 de octubre del mismo a\u00f1o. Estos monitoreos son los mismos que fueron hechos publicos en noviembre del 2018.<\/p>\n<\/blockquote>\n<p style=\"text-align: justify;\"><strong>Metales t\u00f3xicos en Espinar sobrepasan los l\u00edmites m\u00e1ximo permisibles <\/strong><\/p>\n<div class=\"tiled-gallery type-rectangular tiled-gallery-unresized\" data-original-width=\"1290\" data-carousel-extra='null' itemscope itemtype=\"http:\/\/schema.org\/ImageGallery\" > <div class=\"gallery-row\" style=\"width: 1290px; height: 769px;\" data-original-width=\"1290\" data-original-height=\"769\" > <div class=\"gallery-group images-1\" style=\"width: 1290px; height: 769px;\" data-original-width=\"1290\" data-original-height=\"769\" > <div class=\"tiled-gallery-item tiled-gallery-item-large\" itemprop=\"associatedMedia\" itemscope itemtype=\"http:\/\/schema.org\/ImageObject\"> <a href=\"https:\/\/derechosinfronteras.pe\/ingles\/arequipa-se-pronuncian-a-favor-de-criminalizados-del-conflicto-de-tia-maria\/tiamaria4-2\/\" border=\"0\" itemprop=\"url\"> <meta itemprop=\"width\" content=\"1286\"> <meta itemprop=\"height\" content=\"765\"> <img loading=\"lazy\" decoding=\"async\" class=\"\" data-attachment-id=\"4504\" data-orig-file=\"https:\/\/derechosinfronteras.pe\/wp-content\/uploads\/2019\/01\/tiamaria4.jpg\" data-orig-size=\"620,369\" data-comments-opened=\"1\" data-image-meta=\"{&quot;aperture&quot;:&quot;0&quot;,&quot;credit&quot;:&quot;&quot;,&quot;camera&quot;:&quot;&quot;,&quot;caption&quot;:&quot;&quot;,&quot;created_timestamp&quot;:&quot;0&quot;,&quot;copyright&quot;:&quot;&quot;,&quot;focal_length&quot;:&quot;0&quot;,&quot;iso&quot;:&quot;0&quot;,&quot;shutter_speed&quot;:&quot;0&quot;,&quot;title&quot;:&quot;&quot;,&quot;orientation&quot;:&quot;0&quot;}\" data-image-title=\"tiamaria4\" data-image-description=\"\" data-medium-file=\"https:\/\/derechosinfronteras.pe\/wp-content\/uploads\/2019\/01\/tiamaria4-300x179.jpg\" data-large-file=\"https:\/\/derechosinfronteras.pe\/wp-content\/uploads\/2019\/01\/tiamaria4.jpg\" src=\"https:\/\/i0.wp.com\/derechosinfronteras.pe\/wp-content\/uploads\/2019\/01\/tiamaria4.jpg?w=1286&#038;h=765&#038;ssl=1\" srcset=\"https:\/\/derechosinfronteras.pe\/wp-content\/uploads\/2019\/01\/tiamaria4.jpg 620w, https:\/\/derechosinfronteras.pe\/wp-content\/uploads\/2019\/01\/tiamaria4-300x179.jpg 300w\" width=\"1286\" height=\"765\" loading=\"lazy\" data-original-width=\"1286\" data-original-height=\"765\" itemprop=\"http:\/\/schema.org\/image\" title=\"tiamaria4\" alt=\"tiamaria4\" style=\"width: 1286px; height: 765px;\" \/> <\/a> <\/div> <\/div> <!-- close group --> <\/div> <!-- close row --> <\/div>\n<p style=\"text-align: justify;\">Seg\u00fan los resultados del estudio de la Direcci\u00f3n Regional de Salud Cusco y la Red de Salud Canas Canchis Espinar, entregado el 27 de noviembre a la municipalidad de Espinar, el agua que consume la poblaci\u00f3n de Espinar tiene un alto contenido de metales y metaloides t\u00f3xicos, tanto al ingreso como a la salida de la Planta de Tratamiento de agua potable Virgen de Chapi.<\/p>\n<p style=\"text-align: justify;\">El Director Ejecutivo de la Red de Salud de Canas, Canchis, Espinar, M\u00e9dico Ernesto Choquehuayta Morales, (con oficio N\u00b0 01256 \u2013 2018- GR-Cusco\/DRS\/RSCCE\/DE) indica y enfatiza en este documento que:\u00a0 \u201cpara mejor esclarecimiento, tenemos en manos resultados del laboratorio de an\u00e1lisis F\u00cdSICO QUIMICOS de las aguas del Sistema de Tratamiento de Aguas para consumo humano (..) <strong>Est\u00e1 demostrado su exceso en par\u00e1metros de metales pesados (aluminio, ars\u00e9nico, hierro y manganeso) que SOBREPASAN LOS L\u00cdMITES M\u00c1XIMO PERMISIBLES\u201d<\/strong>. Es decir en ese documento la misma DIRESA afirma que los metales se\u00f1alados superan los niveles permitidos.<\/p>\n<p style=\"text-align: justify;\">Sin embargo en su comunicado de prensa la DIRESA hace referencia a las mismas muestras realizadas el 17 de abril y 04 de agosto del 2018, y que est\u00e1n incluidas en el informe previamente descrito, e indica que el agua es apta para consumo humano, esta afirmaci\u00f3n causa sorpresa porque el Informe de Inspecci\u00f3n Especializada a la PTAP \u201cVirgen de Chapi\u201d de la localidad de Yauri desarrollada en los a\u00f1os 2016, 2017 y 2018 en la provincia de Espinar \u2013 Cusco; \u201cevidencian que existe presencia de metales pesados que exceden los l\u00edmites m\u00e1ximo permisibles en fuentes de agua destinadas al consumo humano\u201d. Desde Derechos Humanos Sin Fronteras se ha realizado un informe a partir de estos documentos oficiales se ha analizado la data de los resultados de abril y agosto del 2018 del informe de la DIRESA y se\u00f1ala lo siguiente:<\/p>\n<ul style=\"text-align: justify;\">\n<li>En cuanto al valor del Aluminio en el Reservorio Cruzcunca (2016) se notaba una clara disminuci\u00f3n de la presencia del metal al 2018 de un 0.31 mg\/l a 0.22 mg\/l, sin embargo, este valor a\u00fan se encuentra por encima de los rangos permitidos (0.2 mg\/l) seg\u00fan normativas peruanas e internacionales.<\/li>\n<li>En el caso del <strong>Reservorio San Roque<\/strong>, que en el 2016 no hab\u00eda sobrepasado los ECA\u2019s, ya que ten\u00eda 0.19 mg\/l de Aluminio, para el 2018 hab\u00eda elevado su valor a 0.44 mg\/l. Lo que podr\u00eda estar evidenciando que la planta de tratamiento no est\u00e1 teniendo un mantenimiento adecuado.<\/li>\n<li>Se empieza a generar una nueva alerta de presencia de Ars\u00e9nico para el punto: <strong>Salida Reservorio Tanque Elevado<\/strong>, con una presencia de Ars\u00e9nico de 0.02 mg\/l, cuando el l\u00edmite es de 0.01 mg\/l, dicho punto no hab\u00eda presentado antecedentes en la presencia de este metal en ning\u00fan a\u00f1o anterior.<\/li>\n<li>Los puntos: 1) <strong>Ingreso Captaci\u00f3n Irrigaci\u00f3n Ca\u00f1\u00f3n R\u00edo Apur\u00edmac<\/strong> y, 2) <strong>Ingreso a la planta de Bombeo Huarca<\/strong>, tambi\u00e9n muestran la presencia de Ars\u00e9nico en el agua con valores de: 0.02 mg\/l para ambos puntos, cuando lo permitido es hasta 0.01 mg\/l.<\/li>\n<li>Para el punto: <strong>Ingreso PTAP Virgen de Chapi Represa Huayllumayo<\/strong>, se han encontrado valores de Manganeso con un 0.616 mg\/l cuando el l\u00edmite es de 0.4 mg\/l. Cabe resaltar que este es el \u00fanico punto que muestra presencia de manganeso en su agua potable<a href=\"#_ftn2\" name=\"_ftnref2\">[2]<\/a>.<\/li>\n<\/ul>\n<div class=\"tiled-gallery type-rectangular tiled-gallery-unresized\" data-original-width=\"1290\" data-carousel-extra='null' itemscope itemtype=\"http:\/\/schema.org\/ImageGallery\" > <div class=\"gallery-row\" style=\"width: 1290px; height: 861px;\" data-original-width=\"1290\" data-original-height=\"861\" > <div class=\"gallery-group images-1\" style=\"width: 1290px; height: 861px;\" data-original-width=\"1290\" data-original-height=\"861\" > <div class=\"tiled-gallery-item tiled-gallery-item-large\" itemprop=\"associatedMedia\" itemscope itemtype=\"http:\/\/schema.org\/ImageObject\"> <a href=\"https:\/\/derechosinfronteras.pe\/ingles\/espinar-unen-esfuerzos-para-solucionar-problematica-del-agua-y-presencia-de-metales-toxicos\/comite-de-lucha\/\" border=\"0\" itemprop=\"url\"> <meta itemprop=\"width\" content=\"1286\"> <meta itemprop=\"height\" content=\"857\"> <img loading=\"lazy\" decoding=\"async\" class=\"\" data-attachment-id=\"4502\" data-orig-file=\"https:\/\/derechosinfronteras.pe\/wp-content\/uploads\/2019\/01\/Comite-de-Lucha-e1548183763566.jpg\" data-orig-size=\"900,600\" data-comments-opened=\"1\" data-image-meta=\"{&quot;aperture&quot;:&quot;0&quot;,&quot;credit&quot;:&quot;&quot;,&quot;camera&quot;:&quot;&quot;,&quot;caption&quot;:&quot;&quot;,&quot;created_timestamp&quot;:&quot;0&quot;,&quot;copyright&quot;:&quot;&quot;,&quot;focal_length&quot;:&quot;0&quot;,&quot;iso&quot;:&quot;0&quot;,&quot;shutter_speed&quot;:&quot;0&quot;,&quot;title&quot;:&quot;&quot;,&quot;orientation&quot;:&quot;0&quot;}\" data-image-title=\"Comite de Lucha\" data-image-description=\"\" data-medium-file=\"https:\/\/derechosinfronteras.pe\/wp-content\/uploads\/2019\/01\/Comite-de-Lucha-e1548183763566-300x200.jpg\" data-large-file=\"https:\/\/derechosinfronteras.pe\/wp-content\/uploads\/2019\/01\/Comite-de-Lucha-e1548183763566.jpg\" src=\"https:\/\/i0.wp.com\/derechosinfronteras.pe\/wp-content\/uploads\/2019\/01\/Comite-de-Lucha-e1548183763566.jpg?w=1286&#038;h=857&#038;ssl=1\" srcset=\"https:\/\/derechosinfronteras.pe\/wp-content\/uploads\/2019\/01\/Comite-de-Lucha-e1548183763566.jpg 900w, https:\/\/derechosinfronteras.pe\/wp-content\/uploads\/2019\/01\/Comite-de-Lucha-e1548183763566-300x200.jpg 300w, https:\/\/derechosinfronteras.pe\/wp-content\/uploads\/2019\/01\/Comite-de-Lucha-e1548183763566-768x512.jpg 768w\" width=\"1286\" height=\"857\" loading=\"lazy\" data-original-width=\"1286\" data-original-height=\"857\" itemprop=\"http:\/\/schema.org\/image\" title=\"Comite de Lucha\" alt=\"El 21 de enero se conform\u00f3 en Espinar el Comit\u00e9 de Lucha por el Agua y la Salud. Foto referencial\" style=\"width: 1286px; height: 857px;\" \/> <\/a> <div class=\"tiled-gallery-caption\" itemprop=\"caption description\"> El 21 de enero se conform\u00f3 en Espinar el Comit\u00e9 de Lucha por el Agua y la Salud. Foto referencial <\/div> <\/div> <\/div> <!-- close group --> <\/div> <!-- close row --> <\/div>\n<p style=\"text-align: justify;\">Entonces genera gran duda que ahora la DIRESA mencione que ellos cumplieron con informar y notificar a la MPE sobre sus resultados y que tomen medidas correctivas, pero \u00bfPor qu\u00e9 no verificaron que se implementaran las medidas correctivas?. Es cierto que el ente responsanble de la administraci\u00f3n del agua para consumo humano es la Municipalidad de Espinar, pero la DIRESA tiene la responsabilidad de que se verifique su cumplimiento.<\/p>\n<p style=\"text-align: justify;\">Al respecto el Consejero Regional por Espinar, Felipe Pacuri ha calificado este comunicado de DIRESA como deshonesta; \u201cha sido la propia Direcci\u00f3n Regional de Salud que ha tomado las muestras, ellos han hecho los an\u00e1lisis, ellos nos han informado mediante documentos oficiales que las aguas de consumo humano est\u00e1n contaminadas\u201d. El consejero no teme en indicar en que la empresa minera tendr\u00eda alguna ingerencia en este caso, ya que la contaminaci\u00f3n por metales t\u00f3xicos en toda la poblaci\u00f3n de Espinar es de larga data.<\/p>\n<p style=\"text-align: justify;\">Por su parte la regidora provincial de Espinar, Yeni Huillca ha enfatizado que DIRESA no debi\u00f3 alertar a la poblaci\u00f3n si no estaban seguros del resultado de contaminaci\u00f3n del agua potable por metales t\u00f3xicos. La regidora fue enf\u00e1tica al se\u00f1alar que: \u201cantes de sacar un comunicado, DIRESA y su equipo t\u00e9cnico debieron venir a Espinar para dar una explicaci\u00f3n a las autoridades, a los t\u00e9cnicos y a la poblaci\u00f3n\u201d.<\/p>\n<p style=\"text-align: justify;\"><strong>No se puede jugar con la vida y la salud de las personas<\/strong><\/p>\n<p style=\"text-align: justify;\">Estas contradicciones del Equipo T\u00e9cnico de la DIRESA Cusco tienen que ser aclaradas, no basta que en una reuni\u00f3n de una \u201cmesa t\u00e9cnica\u201d se desmienta los documentos elaborados por la misma DIRESA, se\u00f1alando que el agua de Espinar si es apta para consumo humano. Aunque estuvieron presentes en la mesa tecnica la Defensor\u00eda del Pueblo, La Oficina de Dialogo de Gesti\u00f3n Social de la Presidencia del Consejo de Ministros, Ministerio del Interior, representado\u00a0 por la\u00a0 Oficina de la Direcci\u00f3n del Orden Publico, el Subprefecto de la Provincia de Espinar y la\u00a0 Subprefecta\u00a0 del Cusco, llama la atenci\u00f3n que no asista el Alcalde de la Municipalidad de Espinar, ni los representantes de las organizaciones sociales quienes siguen de cerca este proceso.<\/p>\n<p style=\"text-align: justify;\">Una informaci\u00f3n de este tipo, donde est\u00e1 involucrada la salud de toda una poblaci\u00f3n tiene que ser asumida con responsabilidad, y mucho m\u00e1s en un lugar donde las denuncias por contaminaci\u00f3n al agua y la salud de las personas son permamentes, sobre todo en las comunidades aleda\u00f1as al proyecto minero de Glencore Antapaccay. Urge aclarar con la verdad a la poblaci\u00f3n espinarense sobre la situaci\u00f3n del agua y su salud, lamentablemente la DIRESA Cusco en este momento es la menos acreditada para hacerlo.<\/p>\n<p><a href=\"#_ftnref1\" name=\"_ftn1\">[1]<\/a> Cabe resaltar que la ex autoridad Manuel Salinas Zapata y sus funcionarios si estaban enterados de este informe<\/p>\n<p><a href=\"#_ftnref2\" name=\"_ftn2\">[2]<\/a> Para acceder al informe completo de DHSF sobre el an\u00e1lisis de data de los resultados de DIRESA ingresa al siguiente link: <a href=\"https:\/\/es.scribd.com\/document\/396157817\/Informe-PTAP-Agua-Espinar-DHSF\" target=\"_blank\" rel=\"noopener\">https:\/\/es.scribd.com\/document\/396157817\/Informe-PTAP-Agua-Espinar-DHSF<\/a><\/p>\n","protected":false},"excerpt":{"rendered":"<p>A finales del 2018 la poblaci\u00f3n urbana de Espinar ha sido sorprendida con la noticia de que consumen agua \u201cpotable\u201d con metales t\u00f3xicos, la informaci\u00f3n fue realizada por la Direcci\u00f3n Regional de Salud de Cusco (DIRESA); para una provincia con m\u00e1s de 35 a\u00f1os de miner\u00eda este anuncio caus\u00f3 mucha preocupaci\u00f3n entre las autoridades electas[1] [&hellip;]<\/p>\n","protected":false},"author":1,"featured_media":4475,"comment_status":"open","ping_status":"open","sticky":false,"template":"","format":"standard","meta":{"_monsterinsights_skip_tracking":false,"_monsterinsights_sitenote_active":false,"_monsterinsights_sitenote_note":"","_monsterinsights_sitenote_category":0,"_jetpack_memberships_contains_paid_content":false,"footnotes":"","jetpack_publicize_message":"","jetpack_publicize_feature_enabled":true,"jetpack_social_post_already_shared":false,"jetpack_social_options":{"image_generator_settings":{"template":"highway","default_image_id":0,"font":"","enabled":false},"version":2}},"categories":[1],"tags":[],"class_list":["post-4474","post","type-post","status-publish","format-standard","has-post-thumbnail","hentry","category-sin-categoria"],"blocksy_meta":[],"jetpack_publicize_connections":[],"jetpack_featured_media_url":"https:\/\/derechosinfronteras.pe\/wp-content\/uploads\/2019\/02\/DIRESA.jpg","jetpack_sharing_enabled":true,"jetpack_likes_enabled":true,"_links":{"self":[{"href":"https:\/\/derechosinfronteras.pe\/ingles\/wp-json\/wp\/v2\/posts\/4474","targetHints":{"allow":["GET"]}}],"collection":[{"href":"https:\/\/derechosinfronteras.pe\/ingles\/wp-json\/wp\/v2\/posts"}],"about":[{"href":"https:\/\/derechosinfronteras.pe\/ingles\/wp-json\/wp\/v2\/types\/post"}],"author":[{"embeddable":true,"href":"https:\/\/derechosinfronteras.pe\/ingles\/wp-json\/wp\/v2\/users\/1"}],"replies":[{"embeddable":true,"href":"https:\/\/derechosinfronteras.pe\/ingles\/wp-json\/wp\/v2\/comments?post=4474"}],"version-history":[{"count":0,"href":"https:\/\/derechosinfronteras.pe\/ingles\/wp-json\/wp\/v2\/posts\/4474\/revisions"}],"wp:featuredmedia":[{"embeddable":true,"href":"https:\/\/derechosinfronteras.pe\/ingles\/wp-json\/wp\/v2\/media\/4475"}],"wp:attachment":[{"href":"https:\/\/derechosinfronteras.pe\/ingles\/wp-json\/wp\/v2\/media?parent=4474"}],"wp:term":[{"taxonomy":"category","embeddable":true,"href":"https:\/\/derechosinfronteras.pe\/ingles\/wp-json\/wp\/v2\/categories?post=4474"},{"taxonomy":"post_tag","embeddable":true,"href":"https:\/\/derechosinfronteras.pe\/ingles\/wp-json\/wp\/v2\/tags?post=4474"}],"curies":[{"name":"wp","href":"https:\/\/api.w.org\/{rel}","templated":true}]}}