{"id":4476,"date":"2019-02-13T16:02:10","date_gmt":"2019-02-13T21:02:10","guid":{"rendered":"http:\/\/derechosinfronteras.pe\/?p=4496"},"modified":"2019-02-13T16:02:10","modified_gmt":"2019-02-13T21:02:10","slug":"consejo-regional-del-cusco-declara-en-emergencia-espinar-por-contaminacion-de-agua","status":"publish","type":"post","link":"https:\/\/derechosinfronteras.pe\/ingles\/consejo-regional-del-cusco-declara-en-emergencia-espinar-por-contaminacion-de-agua\/","title":{"rendered":"Consejo Regional del Cusco declara en emergencia Espinar por contaminaci\u00f3n de agua"},"content":{"rendered":"<p>Esta semana Consejo Regional de Cusco aprob\u00f3 por mayor\u00eda declarar por 90 d\u00edas en situaci\u00f3n de emergencia el agua para consumo humano en el sistema de abastecimiento de agua potable en la capital de la provincia de Espinar, Yauri. La raz\u00f3n: presencia de metales t\u00f3xicos que ponen en riesgo la salud de los espinarenses.<\/p>\n<p>Bajo este acuerdo regional, el gobernador del Cusco, Jean Paul Benavente tiene que gestionar ante el <strong>Ministerio de Salud<\/strong> la declaratoria de <strong>Emergencia Sanitaria<\/strong> y ante el <strong>Ministerio de Ambiente<\/strong> la declaraci\u00f3n de <strong>Emergencia Ambiental. <\/strong>Al respecto el consejero por la provincia de Espinar, Felipe Pacuri indic\u00f3: \u201cel Gobierno Regional y la municipalidad provincial de Espinar tienen que organizar un expediente para que sean atendidos por los ministerios\u201d.<\/p>\n<p>Son tres gerencias del Gobierno Regional las que deben coordinar las acciones pertinentes y necesarias con la municipalidad Provincial de Espinar, el Ministerio del Ambiente y el Vice ministerio de Salud, La Gerencia Regional de Recursos Naturales y Gesti\u00f3n del Medio Ambiente, la Direcci\u00f3n Regional de Vivienda Construcci\u00f3n y Saneamiento; y por \u00faltimo la Direcci\u00f3n Regional de Salud \u2013 Diresa.<\/p>\n<p>El consejero Felipe Pacuri enfatiz\u00f3 que esta es una disposici\u00f3n del Consejo Regional tiene que cumplirse; tal como refiere el acuerdo en el Art. 4: <strong>\u201cConcluida la declaratoria de la situaci\u00f3n de emergencia (\u2026), las entidades intervinientes deber\u00e1n informar respecto de las actividades cumplidas, los recursos utilizados, as\u00ed como sobre los resultados alcanzados\u201d<\/strong>.<\/p>","protected":false},"excerpt":{"rendered":"<p>Esta semana Consejo Regional de Cusco aprob\u00f3 por mayor\u00eda declarar por 90 d\u00edas en situaci\u00f3n de emergencia el agua para consumo humano en el sistema de abastecimiento de agua potable en la capital de la provincia de Espinar, Yauri. La raz\u00f3n: presencia de metales t\u00f3xicos que ponen en riesgo la salud de los espinarenses. Bajo [&hellip;]<\/p>\n","protected":false},"author":1,"featured_media":4477,"comment_status":"open","ping_status":"open","sticky":false,"template":"","format":"standard","meta":{"_monsterinsights_skip_tracking":false,"_monsterinsights_sitenote_active":false,"_monsterinsights_sitenote_note":"","_monsterinsights_sitenote_category":0,"_jetpack_memberships_contains_paid_content":false,"footnotes":"","jetpack_publicize_message":"","jetpack_publicize_feature_enabled":true,"jetpack_social_post_already_shared":false,"jetpack_social_options":{"image_generator_settings":{"template":"highway","default_image_id":0,"font":"","enabled":false},"version":2}},"categories":[1],"tags":[],"class_list":["post-4476","post","type-post","status-publish","format-standard","has-post-thumbnail","hentry","category-sin-categoria"],"blocksy_meta":[],"jetpack_publicize_connections":[],"jetpack_featured_media_url":"https:\/\/derechosinfronteras.pe\/wp-content\/uploads\/2019\/02\/Consejo-Regional.jpg","jetpack_sharing_enabled":true,"jetpack_likes_enabled":true,"_links":{"self":[{"href":"https:\/\/derechosinfronteras.pe\/ingles\/wp-json\/wp\/v2\/posts\/4476","targetHints":{"allow":["GET"]}}],"collection":[{"href":"https:\/\/derechosinfronteras.pe\/ingles\/wp-json\/wp\/v2\/posts"}],"about":[{"href":"https:\/\/derechosinfronteras.pe\/ingles\/wp-json\/wp\/v2\/types\/post"}],"author":[{"embeddable":true,"href":"https:\/\/derechosinfronteras.pe\/ingles\/wp-json\/wp\/v2\/users\/1"}],"replies":[{"embeddable":true,"href":"https:\/\/derechosinfronteras.pe\/ingles\/wp-json\/wp\/v2\/comments?post=4476"}],"version-history":[{"count":0,"href":"https:\/\/derechosinfronteras.pe\/ingles\/wp-json\/wp\/v2\/posts\/4476\/revisions"}],"wp:featuredmedia":[{"embeddable":true,"href":"https:\/\/derechosinfronteras.pe\/ingles\/wp-json\/wp\/v2\/media\/4477"}],"wp:attachment":[{"href":"https:\/\/derechosinfronteras.pe\/ingles\/wp-json\/wp\/v2\/media?parent=4476"}],"wp:term":[{"taxonomy":"category","embeddable":true,"href":"https:\/\/derechosinfronteras.pe\/ingles\/wp-json\/wp\/v2\/categories?post=4476"},{"taxonomy":"post_tag","embeddable":true,"href":"https:\/\/derechosinfronteras.pe\/ingles\/wp-json\/wp\/v2\/tags?post=4476"}],"curies":[{"name":"wp","href":"https:\/\/api.w.org\/{rel}","templated":true}]}}