{"id":4478,"date":"2019-02-12T17:22:44","date_gmt":"2019-02-12T22:22:44","guid":{"rendered":"http:\/\/derechosinfronteras.pe\/?p=4488"},"modified":"2019-02-12T17:22:44","modified_gmt":"2019-02-12T22:22:44","slug":"chumbivilcas-funcionarios-de-las-bambas-y-pcm-no-asisten-a-mesa-de-dialogo-en-velille","status":"publish","type":"post","link":"https:\/\/derechosinfronteras.pe\/ingles\/chumbivilcas-funcionarios-de-las-bambas-y-pcm-no-asisten-a-mesa-de-dialogo-en-velille\/","title":{"rendered":"Chumbivilcas: Funcionarios de \u2018Las Bambas\u2019 y PCM no asisten a Mesa de Di\u00e1logo en Velille"},"content":{"rendered":"<p>Cusco. Para hoy 12 de febrero, se iba a desarrollar una Mesa de Di\u00e1logo que reunir\u00eda a dirigentes y autoridades del distrito de Velille, provincia de Chumbivilcas, con representantes de la PCM y la empresa minera MMG Las Bambas. Sin embargo dicha reuni\u00f3n no se llev\u00f3 a cabo por la ausencia de los funcionares del gobierno y de la compa\u00f1\u00eda minera.<\/p>\n<p>Desde las 10:00 a.m. el Alcalde Distrital de Velille, Antonio Toledo Prieto, autoridades distritales, dirigentes comunales de <strong>Collana, Tuntuma, Ayaccasi, Urasana, Casablanca<\/strong>, entre otras, l\u00edderes barriales, Rondas Campesinas, y el Equipo T\u00e9cnico estuvieron esperando a los funcionarios, quienes a trav\u00e9s de un documento anunciaron que no participar\u00edan de la reuni\u00f3n debido al para agrario que inici\u00f3 ayer en Cusco.<\/p>\n<p>Fue Antonio Toledo quien anunci\u00f3 a los asistentes que la Oficina de Gesti\u00f3n de Di\u00e1logo y Participaci\u00f3n Ciudadana del Ministerio de Energ\u00eda y Minas hizo llegar un oficio al municipio solicitando que la reuni\u00f3n se reprograme. Toledo cuestion\u00f3 que dicho documento lo hicieron llegar hoy. Por otro lado el Presidente del Frente de Defensa de Velille, Germ\u00e1n Salcedo, se\u00f1al\u00f3 que este tipo de actitudes \u2018es una falta de respeto para el pueblo&#8217;.<\/p>\n<p>Los asistentes decidieron reprogramar la Mesa de di\u00e1logo para el 26 de febrero y 12 de marzo en el distrito de Velille. \u2018S\u00ed para las nuevas fechas no se hacen presentes, nos veremos obligados a tomar otras acciones, como reiniciar las medidas de lucha, de ser as\u00ed son el Estado y la empresa minera \u2018Las Bambas\u2019 los responsables de que retomemos protestas\u2019 enfatiz\u00f3 Salcedo.<\/p>\n<p>Foto: Reportero Chumbivilcano<\/p>","protected":false},"excerpt":{"rendered":"<p>Cusco. Para hoy 12 de febrero, se iba a desarrollar una Mesa de Di\u00e1logo que reunir\u00eda a dirigentes y autoridades del distrito de Velille, provincia de Chumbivilcas, con representantes de la PCM y la empresa minera MMG Las Bambas. Sin embargo dicha reuni\u00f3n no se llev\u00f3 a cabo por la ausencia de los funcionares del [&hellip;]<\/p>\n","protected":false},"author":1,"featured_media":4479,"comment_status":"open","ping_status":"open","sticky":false,"template":"","format":"standard","meta":{"_monsterinsights_skip_tracking":false,"_monsterinsights_sitenote_active":false,"_monsterinsights_sitenote_note":"","_monsterinsights_sitenote_category":0,"_jetpack_memberships_contains_paid_content":false,"footnotes":"","jetpack_publicize_message":"","jetpack_publicize_feature_enabled":true,"jetpack_social_post_already_shared":false,"jetpack_social_options":{"image_generator_settings":{"template":"highway","default_image_id":0,"font":"","enabled":false},"version":2}},"categories":[1],"tags":[],"class_list":["post-4478","post","type-post","status-publish","format-standard","has-post-thumbnail","hentry","category-sin-categoria"],"blocksy_meta":[],"jetpack_publicize_connections":[],"jetpack_featured_media_url":"https:\/\/derechosinfronteras.pe\/wp-content\/uploads\/2019\/02\/51612650_1226494440831896_6028145062754385920_o.jpg","jetpack_sharing_enabled":true,"jetpack_likes_enabled":true,"_links":{"self":[{"href":"https:\/\/derechosinfronteras.pe\/ingles\/wp-json\/wp\/v2\/posts\/4478","targetHints":{"allow":["GET"]}}],"collection":[{"href":"https:\/\/derechosinfronteras.pe\/ingles\/wp-json\/wp\/v2\/posts"}],"about":[{"href":"https:\/\/derechosinfronteras.pe\/ingles\/wp-json\/wp\/v2\/types\/post"}],"author":[{"embeddable":true,"href":"https:\/\/derechosinfronteras.pe\/ingles\/wp-json\/wp\/v2\/users\/1"}],"replies":[{"embeddable":true,"href":"https:\/\/derechosinfronteras.pe\/ingles\/wp-json\/wp\/v2\/comments?post=4478"}],"version-history":[{"count":0,"href":"https:\/\/derechosinfronteras.pe\/ingles\/wp-json\/wp\/v2\/posts\/4478\/revisions"}],"wp:featuredmedia":[{"embeddable":true,"href":"https:\/\/derechosinfronteras.pe\/ingles\/wp-json\/wp\/v2\/media\/4479"}],"wp:attachment":[{"href":"https:\/\/derechosinfronteras.pe\/ingles\/wp-json\/wp\/v2\/media?parent=4478"}],"wp:term":[{"taxonomy":"category","embeddable":true,"href":"https:\/\/derechosinfronteras.pe\/ingles\/wp-json\/wp\/v2\/categories?post=4478"},{"taxonomy":"post_tag","embeddable":true,"href":"https:\/\/derechosinfronteras.pe\/ingles\/wp-json\/wp\/v2\/tags?post=4478"}],"curies":[{"name":"wp","href":"https:\/\/api.w.org\/{rel}","templated":true}]}}