{"id":4480,"date":"2019-02-06T20:11:43","date_gmt":"2019-02-07T01:11:43","guid":{"rendered":"http:\/\/derechosinfronteras.pe\/?p=4481"},"modified":"2023-12-28T20:53:55","modified_gmt":"2023-12-29T01:53:55","slug":"chumbivilcas-se-frustra-dialogo-entre-comunidad-de-fuerabamba-y-la-empresa-minera-mmg-las-bambas","status":"publish","type":"post","link":"https:\/\/derechosinfronteras.pe\/ingles\/chumbivilcas-se-frustra-dialogo-entre-comunidad-de-fuerabamba-y-la-empresa-minera-mmg-las-bambas\/","title":{"rendered":"Chumbivilcas: Se frustra di\u00e1logo entre comunidad de Fuerabamba y la empresa minera MMG Las Bambas"},"content":{"rendered":"<p>Comuneros de\u00a0<strong style=\"font-style: inherit;\">Fuerabamba<\/strong>, distrito de Colquemarca de la provincia cusque\u00f1a de\u00a0<strong style=\"font-style: inherit;\">Chumbivilcas<\/strong>, mostraron su desacuerdo con los representantes del Ministerio de Transportes y Comunicaciones, quien en un comunicado anunciaron que la reuni\u00f3n programada para el 04 de febrero ser\u00eda en Abancay, y no en Yavi Yavi, como se hab\u00eda pactado en la \u00faltima reuni\u00f3n el 30 de enero del presente a\u00f1o.<\/p>\n<figure id=\"attachment_4484\" aria-describedby=\"caption-attachment-4484\" style=\"width: 526px\" class=\"wp-caption aligncenter\"><img fetchpriority=\"high\" decoding=\"async\" class=\"wp-image-4484 size-full\" src=\"http:\/\/derechosinfronteras.pe\/wp-content\/uploads\/2019\/02\/51599080_1221829577965049_2007182455307501568_n.png\" alt=\"\" width=\"526\" height=\"750\" \/><figcaption id=\"caption-attachment-4484\" class=\"wp-caption-text\">Comunicado del Ministerio de Transportes y Comunicaciones (MTC) que se\u00f1ala el cambio de lugar.<\/figcaption><\/figure>\n<p>\u2018En el acta que hemos firmado se\u00f1ala que la pr\u00f3xima reuni\u00f3n ser\u00eda en Yavi Yavi, en Nueva Fuerabamba, <a href=\"https:\/\/www.facebook.com\/SecretariadeGestionSocialyDialogoPCM\/posts\/405762556833569?__tn__=H-R\" target=\"_blank\" rel=\"noopener\">incluso en las redes sociales se ha publicado<\/a>, sin embargo los se\u00f1ores del Ministerio de Transportes y Comunicaciones cambian de estrategia y dicen que por condiciones de seguridad la reuni\u00f3n deber\u00e1 ser en Tambobamba, cuando nosotros los est\u00e1bamos esperando en nuestra comunidad\u2019 se\u00f1alo Gregorio Rojas, presidente de la Comunidad de Fuerabamba.<\/p>\n La Secretar\u00eda de Gesti\u00f3n Social y Di\u00e1logo, public\u00f3 en su cuenta oficial de facebook que la reuni\u00f3n ser\u00eda en Fuerabamba.\n<p>Cabe se\u00f1alar, que el acuerdo fue tener una nueva reuni\u00f3n en la que los comuneros y representantes de la empresa minera <strong>MMG<\/strong>\u00a0<strong style=\"font-style: inherit;\">Las Bambas<\/strong>\u00a0se reunir\u00e1n el 4 de febrero para presentar sus propuestas por el uso de la v\u00eda que beneficien a ambas partes. Los comuneros piden que la mina los indemnice por el uso de esa v\u00eda.<\/p>\n<p>\u2018Ayer (05 de febrero) hemos tenido una asamblea general con 600 comuneros y hemos acordado que no permitiremos que la empresa minera us\u00e9 la carretera que pasa por nuestros territorios. Ya les hemos advertido que no vamos a permitir que transiten sus veh\u00edculos encapsulados por nuestra comunidad, solo estamos permitiendo el acceso de los veh\u00edculos privados\u2019 sentenci\u00f3 Rojas en una entrevista para Derechos Humanos sin Fronteras.<\/p>\n<p>Como se recuerda, la comunidad est\u00e1 exigiendo que se determine qui\u00e9n construy\u00f3 la carretera que atraviesa su territorio, a partir ello determinar qui\u00e9n asume el pago por derecho de servidumbre y el pago de la expropiaci\u00f3n de sus terrenos.<\/p>\n<p>&nbsp;<\/p>","protected":false},"excerpt":{"rendered":"<p>Comuneros de\u00a0Fuerabamba, distrito de Colquemarca de la provincia cusque\u00f1a de\u00a0Chumbivilcas, mostraron su desacuerdo con los representantes del Ministerio de Transportes y Comunicaciones, quien en un comunicado anunciaron que la reuni\u00f3n programada para el 04 de febrero ser\u00eda en Abancay, y no en Yavi Yavi, como se hab\u00eda pactado en la \u00faltima reuni\u00f3n el 30 de [&hellip;]<\/p>\n","protected":false},"author":1,"featured_media":4481,"comment_status":"open","ping_status":"open","sticky":false,"template":"","format":"standard","meta":{"_monsterinsights_skip_tracking":false,"_monsterinsights_sitenote_active":false,"_monsterinsights_sitenote_note":"","_monsterinsights_sitenote_category":0,"_jetpack_memberships_contains_paid_content":false,"footnotes":"","jetpack_publicize_message":"","jetpack_publicize_feature_enabled":true,"jetpack_social_post_already_shared":false,"jetpack_social_options":{"image_generator_settings":{"template":"highway","default_image_id":0,"font":"","enabled":false},"version":2}},"categories":[1],"tags":[],"class_list":["post-4480","post","type-post","status-publish","format-standard","has-post-thumbnail","hentry","category-sin-categoria"],"blocksy_meta":[],"jetpack_publicize_connections":[],"jetpack_featured_media_url":"https:\/\/derechosinfronteras.pe\/wp-content\/uploads\/2019\/02\/Fuerabamba.jpg","jetpack_sharing_enabled":true,"jetpack_likes_enabled":true,"_links":{"self":[{"href":"https:\/\/derechosinfronteras.pe\/ingles\/wp-json\/wp\/v2\/posts\/4480","targetHints":{"allow":["GET"]}}],"collection":[{"href":"https:\/\/derechosinfronteras.pe\/ingles\/wp-json\/wp\/v2\/posts"}],"about":[{"href":"https:\/\/derechosinfronteras.pe\/ingles\/wp-json\/wp\/v2\/types\/post"}],"author":[{"embeddable":true,"href":"https:\/\/derechosinfronteras.pe\/ingles\/wp-json\/wp\/v2\/users\/1"}],"replies":[{"embeddable":true,"href":"https:\/\/derechosinfronteras.pe\/ingles\/wp-json\/wp\/v2\/comments?post=4480"}],"version-history":[{"count":2,"href":"https:\/\/derechosinfronteras.pe\/ingles\/wp-json\/wp\/v2\/posts\/4480\/revisions"}],"predecessor-version":[{"id":7091,"href":"https:\/\/derechosinfronteras.pe\/ingles\/wp-json\/wp\/v2\/posts\/4480\/revisions\/7091"}],"wp:featuredmedia":[{"embeddable":true,"href":"https:\/\/derechosinfronteras.pe\/ingles\/wp-json\/wp\/v2\/media\/4481"}],"wp:attachment":[{"href":"https:\/\/derechosinfronteras.pe\/ingles\/wp-json\/wp\/v2\/media?parent=4480"}],"wp:term":[{"taxonomy":"category","embeddable":true,"href":"https:\/\/derechosinfronteras.pe\/ingles\/wp-json\/wp\/v2\/categories?post=4480"},{"taxonomy":"post_tag","embeddable":true,"href":"https:\/\/derechosinfronteras.pe\/ingles\/wp-json\/wp\/v2\/tags?post=4480"}],"curies":[{"name":"wp","href":"https:\/\/api.w.org\/{rel}","templated":true}]}}