{"id":4485,"date":"2019-02-04T18:53:10","date_gmt":"2019-02-04T23:53:10","guid":{"rendered":"http:\/\/derechosinfronteras.pe\/?p=4471"},"modified":"2019-02-04T18:53:10","modified_gmt":"2019-02-04T23:53:10","slug":"chumbivilcas-mesa-tecnica-busca-priorizar-proyectos-de-desarrollo","status":"publish","type":"post","link":"https:\/\/derechosinfronteras.pe\/ingles\/chumbivilcas-mesa-tecnica-busca-priorizar-proyectos-de-desarrollo\/","title":{"rendered":"Chumbivilcas: Mesa T\u00e9cnica busca priorizar proyectos de desarrollo"},"content":{"rendered":"<blockquote>\n<p style=\"text-align: justify;\">Tal como estaba previsto, este lunes 4 de febrero se desarroll\u00f3 la <strong>Mesa T\u00e9cnica por el Desarrollo de la Provincia de Chumbivilcas<\/strong>; la reuni\u00f3n tuvo el objetivo de consensuar los proyectos prioritarios con el Gobierno Regional del Cusco (GRC), tambi\u00e9n se busca hacer seguimientos a los compromisos y continuidad de los proyectos para la provincia.<\/p>\n<\/blockquote>\n<p>La reuni\u00f3n de la Mesa T\u00e9cnica estuvo liderada por el alcalde provincial, Prof. Marco Ibarra, qui\u00e9n saludo la presencia de los alcaldes distritales de Colquemarca, Velille, Capacmarca, Qui\u00f1ota y Llusco, as\u00ed como tambi\u00e9n a los consejeros regionales por Chumbivilcas, Gerardo Arena Monge y Benicio Torres Chira. En representaci\u00f3n del GRC estuvo el Economista Edwar D\u00edaz, junto a un equipo t\u00e9cnico.<\/p>\n<p>El alcalde provincial de Chumbivilcas, Marco Ibarra refiri\u00f3 que este es un momento importante y de cambios para la provincia y que el compromiso del Gobernador Regional, Jean Paul Benavente ha sido impulsar proyectos de gran envergadura, al respecto el burgomaestre indic\u00f3 que Chumbivilcas ya priorizado seis ejes tem\u00e1ticos y dos proyectos grandes; estos ser\u00e1n presentados en el Muni Ejecutivo el 13 y 14 de febrero en la ciudad imperial del Cusco.<\/p>\n<p>En ese mismo sentido, Milton Barrionuevo, Coordinador de la Mesa T\u00e9cnica marco la importancia de consensuar proyectos con el GRC y que estos fueron priorizados en el Muni Ejecutivo; tambi\u00e9n enfatiz\u00f3 que deben cumplirse los compromisos que ya se han discutido en la Mesa T\u00e9cnica, hacer seguimientos al avance de las obras de continuidad y ver casos puntuales como el mantenimiento de la carretera Colquemarca, Santo Tomas, Livitaca y Tungasuca.<\/p>\n<blockquote>\n<p style=\"text-align: justify;\">De acuerdo a un medio local de la provincia de Chumbivilcas, la Mesa T\u00e9cnica fue suspendida porque los representantes no manejaban toda la informaci\u00f3n sobre los compromisos asumidos durante la gesti\u00f3n de Edwin Licona, la pr\u00f3xima reuni\u00f3n de la Mesa T\u00e9cnica ser\u00e1 el 7 de febrero.<\/p>\n<\/blockquote>","protected":false},"excerpt":{"rendered":"<p>Tal como estaba previsto, este lunes 4 de febrero se desarroll\u00f3 la Mesa T\u00e9cnica por el Desarrollo de la Provincia de Chumbivilcas; la reuni\u00f3n tuvo el objetivo de consensuar los proyectos prioritarios con el Gobierno Regional del Cusco (GRC), tambi\u00e9n se busca hacer seguimientos a los compromisos y continuidad de los proyectos para la provincia. [&hellip;]<\/p>\n","protected":false},"author":1,"featured_media":4486,"comment_status":"open","ping_status":"open","sticky":false,"template":"","format":"standard","meta":{"_monsterinsights_skip_tracking":false,"_monsterinsights_sitenote_active":false,"_monsterinsights_sitenote_note":"","_monsterinsights_sitenote_category":0,"_jetpack_memberships_contains_paid_content":false,"footnotes":"","jetpack_publicize_message":"","jetpack_publicize_feature_enabled":true,"jetpack_social_post_already_shared":false,"jetpack_social_options":{"image_generator_settings":{"template":"highway","default_image_id":0,"font":"","enabled":false},"version":2}},"categories":[1],"tags":[],"class_list":["post-4485","post","type-post","status-publish","format-standard","has-post-thumbnail","hentry","category-sin-categoria"],"blocksy_meta":[],"jetpack_publicize_connections":[],"jetpack_featured_media_url":"https:\/\/derechosinfronteras.pe\/wp-content\/uploads\/2019\/02\/Mesa-tecnica-chumbi-02.jpg","jetpack_sharing_enabled":true,"jetpack_likes_enabled":true,"_links":{"self":[{"href":"https:\/\/derechosinfronteras.pe\/ingles\/wp-json\/wp\/v2\/posts\/4485","targetHints":{"allow":["GET"]}}],"collection":[{"href":"https:\/\/derechosinfronteras.pe\/ingles\/wp-json\/wp\/v2\/posts"}],"about":[{"href":"https:\/\/derechosinfronteras.pe\/ingles\/wp-json\/wp\/v2\/types\/post"}],"author":[{"embeddable":true,"href":"https:\/\/derechosinfronteras.pe\/ingles\/wp-json\/wp\/v2\/users\/1"}],"replies":[{"embeddable":true,"href":"https:\/\/derechosinfronteras.pe\/ingles\/wp-json\/wp\/v2\/comments?post=4485"}],"version-history":[{"count":0,"href":"https:\/\/derechosinfronteras.pe\/ingles\/wp-json\/wp\/v2\/posts\/4485\/revisions"}],"wp:featuredmedia":[{"embeddable":true,"href":"https:\/\/derechosinfronteras.pe\/ingles\/wp-json\/wp\/v2\/media\/4486"}],"wp:attachment":[{"href":"https:\/\/derechosinfronteras.pe\/ingles\/wp-json\/wp\/v2\/media?parent=4485"}],"wp:term":[{"taxonomy":"category","embeddable":true,"href":"https:\/\/derechosinfronteras.pe\/ingles\/wp-json\/wp\/v2\/categories?post=4485"},{"taxonomy":"post_tag","embeddable":true,"href":"https:\/\/derechosinfronteras.pe\/ingles\/wp-json\/wp\/v2\/tags?post=4485"}],"curies":[{"name":"wp","href":"https:\/\/api.w.org\/{rel}","templated":true}]}}