{"id":4487,"date":"2019-02-04T17:16:09","date_gmt":"2019-02-04T22:16:09","guid":{"rendered":"http:\/\/derechosinfronteras.pe\/?p=4459"},"modified":"2019-02-04T17:16:09","modified_gmt":"2019-02-04T22:16:09","slug":"arequipa-sindicato-de-construccion-civil-realizaran-protesta-en-contra-del-proyecto-minero-tia-maria","status":"publish","type":"post","link":"https:\/\/derechosinfronteras.pe\/ingles\/arequipa-sindicato-de-construccion-civil-realizaran-protesta-en-contra-del-proyecto-minero-tia-maria\/","title":{"rendered":"Arequipa: Sindicato de Construcci\u00f3n Civil realizara protesta en contra del proyecto minero \u2018T\u00eda Mar\u00eda\u2019"},"content":{"rendered":"<p><strong>Arequipa.<\/strong> El pr\u00f3ximo 06 de Febrero el Sindicato de Trabajadores de Construcci\u00f3n Civil de Islay, y todas sus bases distritales,\u00a0 realizaran una marcha para evidenciar que no est\u00e1n a favor del proyecto minero T\u00eda Mar\u00eda. La Federaci\u00f3n Departamental ha anunciado que tambi\u00e9n participar\u00e1.<\/p>\n<p>La protesta tiene un car\u00e1cter reivindicativo, pues acatan la medida luego que se hicieran p\u00fablicos documentos dirigidos al Ejecutivo en los que el exdirigente Juan Valencia Garc\u00eda respaldaba el proyecto minero en menci\u00f3n. Cabe se\u00f1alar que el pasado 02 de febrero, despu\u00e9s de una asamblea general, los agremiados a la Federaci\u00f3n Departamental deciden destituir del cargo a Valencia, quien era el Secretario General de la Federaci\u00f3n en Mollendo.<\/p>\n<p>Seg\u00fan ha se\u00f1alado en otros medios la dirigenta de construcci\u00f3n civil de Islay, \u00a0Maril\u00fa Marroqu\u00edn, no descartan que toda la poblaci\u00f3n se organice para participar de la marcha, pues la noticia de las cartas ha indignado a todas las zonas que se ver\u00edan afectas y que se oponen al proyecto. Tambi\u00e9n se sumar\u00e1n otras organizaciones y agricultores del Valle de Tambo.<\/p>\n<figure id=\"attachment_4463\" aria-describedby=\"caption-attachment-4463\" style=\"width: 698px\" class=\"wp-caption aligncenter\"><img fetchpriority=\"high\" decoding=\"async\" class=\"size-full wp-image-4463\" src=\"http:\/\/derechosinfronteras.pe\/wp-content\/uploads\/2019\/02\/51541306_1193842700767718_577891045132468224_n.png\" alt=\"\" width=\"698\" height=\"960\" \/><figcaption id=\"caption-attachment-4463\" class=\"wp-caption-text\">Comunicado de la Federaci\u00f3n Departamental de Trabajadores de Arequipa.<\/figcaption><\/figure>\n<p><strong>Dirigentes Criminalizados.<\/strong><\/p>\n<p>Es importante se\u00f1alar que esta movilizaci\u00f3n se realizar\u00e1 en un marco de criminalizaci\u00f3n de la protesta social, pues el \u00faltimo 28 de enero \u00a0termin\u00f3 el control de acusaci\u00f3n contra dirigentes por las protestas \u00a0en contra del proyecto minero T\u00eda Mar\u00eda. La Fiscal\u00eda determin\u00f3 que 15 de ellos pasar\u00e1n a juicio oral por delitos como asociaci\u00f3n il\u00edcita para delinquir, disturbios, tentativa de mot\u00edn y extorsi\u00f3n consumada en agravio del Estado.<\/p>\n<p>Entre los imputados est\u00e1 el exdirigente del valle de Tambo, Pepe Julio Guti\u00e9rrez, quien solamente fue exonerado del delito de extorsi\u00f3n en agravio de Southern Per\u00fa. Tambi\u00e9n est\u00e1 el dirigente y m\u00e9dico Jorge Del Carpio, el exalcalde de Islay, Richard Ale Cruz y el abogado y excandidato al Gobierno Regional, H\u00e9ctor Herrera.<\/p>\n<p><strong>Dato:<\/strong><\/p>\n<p>Los puntos de concentraci\u00f3n confirmados hasta la fecha son:<br \/>\n*Mollendo: Obelisco 9.00 a.m.<br \/>\n*Valle de Tambo: Plaza San Francisco 8:00 a.m.<\/p>","protected":false},"excerpt":{"rendered":"<p>Arequipa. El pr\u00f3ximo 06 de Febrero el Sindicato de Trabajadores de Construcci\u00f3n Civil de Islay, y todas sus bases distritales,\u00a0 realizaran una marcha para evidenciar que no est\u00e1n a favor del proyecto minero T\u00eda Mar\u00eda. La Federaci\u00f3n Departamental ha anunciado que tambi\u00e9n participar\u00e1. La protesta tiene un car\u00e1cter reivindicativo, pues acatan la medida luego que [&hellip;]<\/p>\n","protected":false},"author":1,"featured_media":4488,"comment_status":"open","ping_status":"open","sticky":false,"template":"","format":"standard","meta":{"_monsterinsights_skip_tracking":false,"_monsterinsights_sitenote_active":false,"_monsterinsights_sitenote_note":"","_monsterinsights_sitenote_category":0,"_jetpack_memberships_contains_paid_content":false,"footnotes":"","jetpack_publicize_message":"","jetpack_publicize_feature_enabled":true,"jetpack_social_post_already_shared":false,"jetpack_social_options":{"image_generator_settings":{"template":"highway","default_image_id":0,"font":"","enabled":false},"version":2}},"categories":[1],"tags":[],"class_list":["post-4487","post","type-post","status-publish","format-standard","has-post-thumbnail","hentry","category-sin-categoria"],"blocksy_meta":[],"jetpack_publicize_connections":[],"jetpack_featured_media_url":"https:\/\/derechosinfronteras.pe\/wp-content\/uploads\/2019\/02\/const.Civil_.jpg","jetpack_sharing_enabled":true,"jetpack_likes_enabled":true,"_links":{"self":[{"href":"https:\/\/derechosinfronteras.pe\/ingles\/wp-json\/wp\/v2\/posts\/4487","targetHints":{"allow":["GET"]}}],"collection":[{"href":"https:\/\/derechosinfronteras.pe\/ingles\/wp-json\/wp\/v2\/posts"}],"about":[{"href":"https:\/\/derechosinfronteras.pe\/ingles\/wp-json\/wp\/v2\/types\/post"}],"author":[{"embeddable":true,"href":"https:\/\/derechosinfronteras.pe\/ingles\/wp-json\/wp\/v2\/users\/1"}],"replies":[{"embeddable":true,"href":"https:\/\/derechosinfronteras.pe\/ingles\/wp-json\/wp\/v2\/comments?post=4487"}],"version-history":[{"count":0,"href":"https:\/\/derechosinfronteras.pe\/ingles\/wp-json\/wp\/v2\/posts\/4487\/revisions"}],"wp:featuredmedia":[{"embeddable":true,"href":"https:\/\/derechosinfronteras.pe\/ingles\/wp-json\/wp\/v2\/media\/4488"}],"wp:attachment":[{"href":"https:\/\/derechosinfronteras.pe\/ingles\/wp-json\/wp\/v2\/media?parent=4487"}],"wp:term":[{"taxonomy":"category","embeddable":true,"href":"https:\/\/derechosinfronteras.pe\/ingles\/wp-json\/wp\/v2\/categories?post=4487"},{"taxonomy":"post_tag","embeddable":true,"href":"https:\/\/derechosinfronteras.pe\/ingles\/wp-json\/wp\/v2\/tags?post=4487"}],"curies":[{"name":"wp","href":"https:\/\/api.w.org\/{rel}","templated":true}]}}