{"id":4490,"date":"2019-02-01T11:54:51","date_gmt":"2019-02-01T16:54:51","guid":{"rendered":"http:\/\/derechosinfronteras.pe\/?p=4456"},"modified":"2019-02-01T11:54:51","modified_gmt":"2019-02-01T16:54:51","slug":"chumbivilcas-continuara-dialogo-entre-la-comunidad-de-fuerabamba-y-mmg-las-bambas","status":"publish","type":"post","link":"https:\/\/derechosinfronteras.pe\/ingles\/chumbivilcas-continuara-dialogo-entre-la-comunidad-de-fuerabamba-y-mmg-las-bambas\/","title":{"rendered":"Chumbivilcas: Continuar\u00e1 di\u00e1logo entre la comunidad de Fuerabamba y MMG Las Bambas"},"content":{"rendered":"<p>El \u00faltimo 31 de enero, se llev\u00f3 a cabo la tercera reuni\u00f3n entre la comunidad de Fuerabamba &#8211; distrito de Colquemarca, provincia de Chumbivilcas, en la regi\u00f3n Cusco- con la empresa minera MMG Las Bambas, siendo el mediador el Poder Ejecutivo, a trav\u00e9s del Ministerio de Transportes y Comunicaciones (MTC). El espacio de di\u00e1logo tuvo lugar en el Fundo Yavi Yavi. Como se recuerda, la comunidad esta exigiendo que se determine qui\u00e9n construy\u00f3 la carretera que atraviesa su territorio, a partir ello determinar qui\u00e9n asume el pago por derecho de servidumbre y el pago de la expropiaci\u00f3n de sus terrenos.<\/p>\n<p>A pesar del pedido de los comuneros, y de reiteradas reuniones, ni la empresa minera, ni el gobierno, a trav\u00e9s del MTC, han determinado quien fue el responsable de crear una v\u00eda nacional en terrenos que le pertenecen a la comunidad de Fuerabamba.<\/p>\n<p>Durante la reuni\u00f3n los comuneros acordaron presentar propuestas que permitan llegar a acuerdos definitivos que beneficien a su comunidad. Se defini\u00f3 que estas propuestas se expondr\u00e1n en una nueva reuni\u00f3n el pr\u00f3ximo 04 de febrero en Fuerabamba. De igual manera, la empresa expondr\u00e1 una propuesta a la comunidad.<\/p>","protected":false},"excerpt":{"rendered":"<p>El \u00faltimo 31 de enero, se llev\u00f3 a cabo la tercera reuni\u00f3n entre la comunidad de Fuerabamba &#8211; distrito de Colquemarca, provincia de Chumbivilcas, en la regi\u00f3n Cusco- con la empresa minera MMG Las Bambas, siendo el mediador el Poder Ejecutivo, a trav\u00e9s del Ministerio de Transportes y Comunicaciones (MTC). El espacio de di\u00e1logo tuvo [&hellip;]<\/p>\n","protected":false},"author":1,"featured_media":4491,"comment_status":"open","ping_status":"open","sticky":false,"template":"","format":"standard","meta":{"_monsterinsights_skip_tracking":false,"_monsterinsights_sitenote_active":false,"_monsterinsights_sitenote_note":"","_monsterinsights_sitenote_category":0,"_jetpack_memberships_contains_paid_content":false,"footnotes":"","jetpack_publicize_message":"","jetpack_publicize_feature_enabled":true,"jetpack_social_post_already_shared":false,"jetpack_social_options":{"image_generator_settings":{"template":"highway","default_image_id":0,"font":"","enabled":false},"version":2}},"categories":[1],"tags":[],"class_list":["post-4490","post","type-post","status-publish","format-standard","has-post-thumbnail","hentry","category-sin-categoria"],"blocksy_meta":[],"jetpack_publicize_connections":[],"jetpack_featured_media_url":"https:\/\/derechosinfronteras.pe\/wp-content\/uploads\/2019\/02\/51334942_405761870166971_4138027653405868032_n-1.jpg","jetpack_sharing_enabled":true,"jetpack_likes_enabled":true,"_links":{"self":[{"href":"https:\/\/derechosinfronteras.pe\/ingles\/wp-json\/wp\/v2\/posts\/4490","targetHints":{"allow":["GET"]}}],"collection":[{"href":"https:\/\/derechosinfronteras.pe\/ingles\/wp-json\/wp\/v2\/posts"}],"about":[{"href":"https:\/\/derechosinfronteras.pe\/ingles\/wp-json\/wp\/v2\/types\/post"}],"author":[{"embeddable":true,"href":"https:\/\/derechosinfronteras.pe\/ingles\/wp-json\/wp\/v2\/users\/1"}],"replies":[{"embeddable":true,"href":"https:\/\/derechosinfronteras.pe\/ingles\/wp-json\/wp\/v2\/comments?post=4490"}],"version-history":[{"count":0,"href":"https:\/\/derechosinfronteras.pe\/ingles\/wp-json\/wp\/v2\/posts\/4490\/revisions"}],"wp:featuredmedia":[{"embeddable":true,"href":"https:\/\/derechosinfronteras.pe\/ingles\/wp-json\/wp\/v2\/media\/4491"}],"wp:attachment":[{"href":"https:\/\/derechosinfronteras.pe\/ingles\/wp-json\/wp\/v2\/media?parent=4490"}],"wp:term":[{"taxonomy":"category","embeddable":true,"href":"https:\/\/derechosinfronteras.pe\/ingles\/wp-json\/wp\/v2\/categories?post=4490"},{"taxonomy":"post_tag","embeddable":true,"href":"https:\/\/derechosinfronteras.pe\/ingles\/wp-json\/wp\/v2\/tags?post=4490"}],"curies":[{"name":"wp","href":"https:\/\/api.w.org\/{rel}","templated":true}]}}