{"id":4492,"date":"2019-01-29T12:46:35","date_gmt":"2019-01-29T17:46:35","guid":{"rendered":"http:\/\/derechosinfronteras.pe\/?p=4445"},"modified":"2023-12-28T20:54:07","modified_gmt":"2023-12-29T01:54:07","slug":"chumbivilcas-velille-y-las-bambas-establecen-agenda-de-trabajo","status":"publish","type":"post","link":"https:\/\/derechosinfronteras.pe\/ingles\/chumbivilcas-velille-y-las-bambas-establecen-agenda-de-trabajo\/","title":{"rendered":"Chumbivilcas: Velille y Las Bambas establecen agenda de trabajo"},"content":{"rendered":"<p>El distrito de Velille ha consensuado con el Ministerio de Energ\u00eda y Minas (MINEM) y la empresa minera Las Bambas una agenda que ser\u00e1 desarrollada en cinco grupos de trabajo, este espacio sesionar\u00e1 el 12 de febrero del 2019 en el local del Instituto Tecnol\u00f3gico de Velille desde las 10am.<\/p>\n<p>Esta iniciativa se aprob\u00f3 bajo acta en la \u00faltima mesa de di\u00e1logo que se desarroll\u00f3 el viernes 25 de enero en el distrito de Velille, cont\u00f3 con la participaci\u00f3n de los representantes del MINEM, Fernando Jim\u00e9nez y Anthony Zeballos; por parte de la Presidencia del Consejo de Ministros \u2013 SGSD, Percy Calder\u00f3n; tambi\u00e9n estuvo presente el alcalde del distrito de Velille, Antonio Toledo, comunidades campesinas, barrios, Rondas Campesinas y el Frente de Defensa de Velille.<\/p>\n<p>Para la siguiente sesi\u00f3n de di\u00e1logo la Municipalidad Distrital de Velille y la empresa minera Las Bambas S.A. tendr\u00e1n que acreditar a las personas que participaran en los grupos de trabajo; tambi\u00e9n se acord\u00f3 invitar al SENACE para tratar la tem\u00e1tica del Estudio de Impacto Ambiental (EIA).<\/p>\n La pr\u00f3xima reuni\u00f3n ser\u00e1 el 12 de febrero del 2019 en el local del Instituto Tecnol\u00f3gico de Velille desde las 10am. Foto: El Reportero Chumbivilcas Cusco\n<h3>Los cinco grupos de trabajo son los siguientes:<\/h3>\n<blockquote><p>1.- Modificaci\u00f3n de EIA, considerar a Velille directamente ambiental e indirecta social.<\/p>\n<p>2.- Evaluaci\u00f3n y revisi\u00f3n de cumplimiento de compromisos con el distrito de Velille, en la comunidad de Collana, Tuntuma y barrios de Velille.<\/p>\n<p>3.- Indemnizaci\u00f3n y compensaci\u00f3n social\/ambiental al distrito de Velille.<\/p>\n<p>4.- Velille tenga acceso a la prestaci\u00f3n de servicio laboral, contrataci\u00f3n de bienes y servicios.<\/p>\n<p>5.- Firma de Convenio Marco.<\/p><\/blockquote>\n<p><em>Fotos: El Reportero Chumbivilcas Cusco<\/em><\/p>","protected":false},"excerpt":{"rendered":"<p>El distrito de Velille ha consensuado con el Ministerio de Energ\u00eda y Minas (MINEM) y la empresa minera Las Bambas una agenda que ser\u00e1 desarrollada en cinco grupos de trabajo, este espacio sesionar\u00e1 el 12 de febrero del 2019 en el local del Instituto Tecnol\u00f3gico de Velille desde las 10am. Esta iniciativa se aprob\u00f3 bajo [&hellip;]<\/p>\n","protected":false},"author":1,"featured_media":4493,"comment_status":"open","ping_status":"open","sticky":false,"template":"","format":"standard","meta":{"_monsterinsights_skip_tracking":false,"_monsterinsights_sitenote_active":false,"_monsterinsights_sitenote_note":"","_monsterinsights_sitenote_category":0,"_jetpack_memberships_contains_paid_content":false,"footnotes":"","jetpack_publicize_message":"","jetpack_publicize_feature_enabled":true,"jetpack_social_post_already_shared":false,"jetpack_social_options":{"image_generator_settings":{"template":"highway","default_image_id":0,"font":"","enabled":false},"version":2}},"categories":[1],"tags":[],"class_list":["post-4492","post","type-post","status-publish","format-standard","has-post-thumbnail","hentry","category-sin-categoria"],"blocksy_meta":[],"jetpack_publicize_connections":[],"jetpack_featured_media_url":"https:\/\/derechosinfronteras.pe\/wp-content\/uploads\/2019\/01\/Vellille.jpg","jetpack_sharing_enabled":true,"jetpack_likes_enabled":true,"_links":{"self":[{"href":"https:\/\/derechosinfronteras.pe\/ingles\/wp-json\/wp\/v2\/posts\/4492","targetHints":{"allow":["GET"]}}],"collection":[{"href":"https:\/\/derechosinfronteras.pe\/ingles\/wp-json\/wp\/v2\/posts"}],"about":[{"href":"https:\/\/derechosinfronteras.pe\/ingles\/wp-json\/wp\/v2\/types\/post"}],"author":[{"embeddable":true,"href":"https:\/\/derechosinfronteras.pe\/ingles\/wp-json\/wp\/v2\/users\/1"}],"replies":[{"embeddable":true,"href":"https:\/\/derechosinfronteras.pe\/ingles\/wp-json\/wp\/v2\/comments?post=4492"}],"version-history":[{"count":2,"href":"https:\/\/derechosinfronteras.pe\/ingles\/wp-json\/wp\/v2\/posts\/4492\/revisions"}],"predecessor-version":[{"id":7093,"href":"https:\/\/derechosinfronteras.pe\/ingles\/wp-json\/wp\/v2\/posts\/4492\/revisions\/7093"}],"wp:featuredmedia":[{"embeddable":true,"href":"https:\/\/derechosinfronteras.pe\/ingles\/wp-json\/wp\/v2\/media\/4493"}],"wp:attachment":[{"href":"https:\/\/derechosinfronteras.pe\/ingles\/wp-json\/wp\/v2\/media?parent=4492"}],"wp:term":[{"taxonomy":"category","embeddable":true,"href":"https:\/\/derechosinfronteras.pe\/ingles\/wp-json\/wp\/v2\/categories?post=4492"},{"taxonomy":"post_tag","embeddable":true,"href":"https:\/\/derechosinfronteras.pe\/ingles\/wp-json\/wp\/v2\/tags?post=4492"}],"curies":[{"name":"wp","href":"https:\/\/api.w.org\/{rel}","templated":true}]}}