{"id":4494,"date":"2019-01-28T19:05:35","date_gmt":"2019-01-29T00:05:35","guid":{"rendered":"http:\/\/derechosinfronteras.pe\/?p=4439"},"modified":"2019-01-28T19:05:35","modified_gmt":"2019-01-29T00:05:35","slug":"espinar-poblacion-exige-agua-limpia-y-sin-metales-toxicos","status":"publish","type":"post","link":"https:\/\/derechosinfronteras.pe\/ingles\/espinar-poblacion-exige-agua-limpia-y-sin-metales-toxicos\/","title":{"rendered":"Espinar: Poblaci\u00f3n exige agua limpia y sin metales t\u00f3xicos"},"content":{"rendered":"<blockquote><p><strong>Este lunes 28 de enero, la poblaci\u00f3n de Espinar ha salido en una marcha de sensibilizaci\u00f3n, en su capital Yauri, para pedir al gobierno central la Declaratoria de Emergencia Sanitaria frente a la contaminaci\u00f3n con metales t\u00f3xicos del agua que consume la poblaci\u00f3n.<\/strong><\/p><\/blockquote>\n<div class=\"fb-video\" data-allowfullscreen=\"true\" data-href=\"https:\/\/www.facebook.com\/derechossinfronteras.pe\/videos\/306621716725675\/\" style=\"background-color: #fff; display: inline-block;\"><\/div>\n<p>Esta importante movilizaci\u00f3n ha sido convocada por el Comit\u00e9 de Lucha en Defensa del Agua y la Salud de Espinar y sus principales organizaciones sociales, FUDIE, FUCAE, AUPE, SUCME, FUJEK. La marcha fue respaldada por el alcalde provincial, Lolo Arenas, quien particip\u00f3 con su equipo de regidores y funcionarios, tambi\u00e9n estuvo presente el Consejero Regional por Espinar, Felipe Pacuri Flores.<\/p>\n<h3><strong>Medidas urgentes y un plan acci\u00f3n para mitigar los riesgos a la salud<br \/>\n<\/strong><\/h3>\n<p>Al final de la movilizaci\u00f3n, en la hist\u00f3rica Plaza de Yauri, las autoridades y dirigentes tomaron la palabra; el Consejero Regional Felipe Pacuri remarc\u00f3 la importancia de la declaratoria de Emergencia Sanitaria y Ambiental y que, a trav\u00e9s del Consejo Regional, har\u00e1 todas las gestiones correspondientes.<\/p>\n<p>En el pronunciamiento firmado por todas las organizaciones sociales de Espinar, exigen a la Direcci\u00f3n Regional de Salud Cusco declare la Emergencia Sanitaria para que se implementen todos los procedimientos legales y t\u00e9cnicos, as\u00ed como un Plan de Acci\u00f3n para mitigar el riesgo sobre la calidad de agua para consumo humano, hoy contiene Ars\u00e9nico, Hierro, Aluminio y Manganeso, seg\u00fan informe de la DIRESA &#8211; Cusco.<\/p>\n<p>El pronunciamiento tambi\u00e9n pide a la Municipalidad Provincial de Espinar, hacer p\u00fablico su Plan de Acci\u00f3n \u2013cronogramas y presupuestos- para afrontar esta emergencia, ya que el 10 de enero del presente a\u00f1o el Consejo Municipal declar\u00f3 en situaci\u00f3n de emergencia el sistema de abastecimiento de agua potable por 180 d\u00edas.<\/p>\n<h3><strong><img fetchpriority=\"high\" decoding=\"async\" class=\"aligncenter size-large wp-image-4441\" src=\"http:\/\/derechosinfronteras.pe\/wp-content\/uploads\/2019\/01\/PRONUNCIAMIENTO_Espinar-28-de-enero-725x1024.jpg\" alt=\"\" width=\"725\" height=\"1024\" \/>35 a\u00f1os de explotaci\u00f3n minera en Espinar<\/strong><\/h3>\n<p>La presencia de la actividad minera no pod\u00eda pasar desapercibida en esta crisis que afronta la provincia de Espinar, el mismo alcalde provincial, Lolo Arenas en su discurso indic\u00f3 que hay responsables de la contaminaci\u00f3n del agua que consume la poblaci\u00f3n, haciendo referencia a la empresa minera Glencore Antapaccay.<\/p>\n<p>\u201c\u00bfHasta cu\u00e1ndo nos van a contaminar?, tenemos que preocuparnos por las futuras generaciones, nosotros los adultos ya estamos contaminados\u201d, enfatiz\u00f3 el alcalde, qui\u00e9n tambi\u00e9n anunci\u00f3 que se tomar\u00e1 como agenda el tema de salud de las personas con metales t\u00f3xicos que tienen y la reformulaci\u00f3n del Convenio Marco con la empresa.<\/p>\n<p>Lolo Arenas, en el mitin, inform\u00f3 a la poblaci\u00f3n que hace 15 d\u00edas se mand\u00f3 un documento t\u00e9cnico al Presidente de la Rep\u00fablica, a la Presidencia del Consejo de Ministros y al Gobernador Regional del Cusco para que atiendan la lamentable situaci\u00f3n de Espinar.<\/p>\n<p>El pronunciamiento p\u00fablico tambi\u00e9n hace menci\u00f3n a los 35 a\u00f1os de explotaci\u00f3n minera, \u201cse sabe que los comuneros de las comunidades campesinas al entorno de la explotaci\u00f3n minera est\u00e1n contaminadas con metales pesados y las empresas mineras no reconocen su responsabilidad\u201d, indica el comunicado. En ese sentido se est\u00e1 pidiendo a la municipalidad Provincial y al Ministerio de Salud se ejecute el chequeo m\u00e9dico a la poblaci\u00f3n de Yauri para conocer la real situaci\u00f3n de contaminaci\u00f3n de metales t\u00f3xicos.<\/p>\n<blockquote>\n<p style=\"text-align: justify;\">Por \u00faltimo, el Comit\u00e9 de Lucha en Defensa del Agua y la Salud de Espinar, a trav\u00e9s de su presidente, Vidal Merma, fue enf\u00e1tico en pedir a las autoridades una Mesa de Di\u00e1logo para hacer seguimiento a todos los compromisos que se vienen anunciando y estos no queden en palabras; tambi\u00e9n se refiri\u00f3 que se impulsar\u00e1 una denuncia penal contra aquellas personas, autoridades y funcionarios, que tengan responsabilidad en la contaminaci\u00f3n del agua de consumo humano de Espinar. Invoc\u00f3 a la poblaci\u00f3n a estar alertas y vigilantes en todo este proceso.<\/p>\n<\/blockquote>\n<p><em>Foto: Edgar Villena Serrano<\/em><\/p>\n<blockquote><p>&nbsp;<\/p><\/blockquote>\n<p>&nbsp;<\/p>\n<p>&nbsp;<\/p>","protected":false},"excerpt":{"rendered":"<p>Este lunes 28 de enero, la poblaci\u00f3n de Espinar ha salido en una marcha de sensibilizaci\u00f3n, en su capital Yauri, para pedir al gobierno central la Declaratoria de Emergencia Sanitaria frente a la contaminaci\u00f3n con metales t\u00f3xicos del agua que consume la poblaci\u00f3n. Esta importante movilizaci\u00f3n ha sido convocada por el Comit\u00e9 de Lucha en [&hellip;]<\/p>\n","protected":false},"author":1,"featured_media":4495,"comment_status":"open","ping_status":"open","sticky":false,"template":"","format":"standard","meta":{"_monsterinsights_skip_tracking":false,"_monsterinsights_sitenote_active":false,"_monsterinsights_sitenote_note":"","_monsterinsights_sitenote_category":0,"_jetpack_memberships_contains_paid_content":false,"footnotes":"","jetpack_publicize_message":"","jetpack_publicize_feature_enabled":true,"jetpack_social_post_already_shared":false,"jetpack_social_options":{"image_generator_settings":{"template":"highway","default_image_id":0,"font":"","enabled":false},"version":2}},"categories":[1],"tags":[],"class_list":["post-4494","post","type-post","status-publish","format-standard","has-post-thumbnail","hentry","category-sin-categoria"],"blocksy_meta":[],"jetpack_publicize_connections":[],"jetpack_featured_media_url":"https:\/\/derechosinfronteras.pe\/wp-content\/uploads\/2019\/01\/Agua-limpia-Espinar.jpg","jetpack_sharing_enabled":true,"jetpack_likes_enabled":true,"_links":{"self":[{"href":"https:\/\/derechosinfronteras.pe\/ingles\/wp-json\/wp\/v2\/posts\/4494","targetHints":{"allow":["GET"]}}],"collection":[{"href":"https:\/\/derechosinfronteras.pe\/ingles\/wp-json\/wp\/v2\/posts"}],"about":[{"href":"https:\/\/derechosinfronteras.pe\/ingles\/wp-json\/wp\/v2\/types\/post"}],"author":[{"embeddable":true,"href":"https:\/\/derechosinfronteras.pe\/ingles\/wp-json\/wp\/v2\/users\/1"}],"replies":[{"embeddable":true,"href":"https:\/\/derechosinfronteras.pe\/ingles\/wp-json\/wp\/v2\/comments?post=4494"}],"version-history":[{"count":0,"href":"https:\/\/derechosinfronteras.pe\/ingles\/wp-json\/wp\/v2\/posts\/4494\/revisions"}],"wp:featuredmedia":[{"embeddable":true,"href":"https:\/\/derechosinfronteras.pe\/ingles\/wp-json\/wp\/v2\/media\/4495"}],"wp:attachment":[{"href":"https:\/\/derechosinfronteras.pe\/ingles\/wp-json\/wp\/v2\/media?parent=4494"}],"wp:term":[{"taxonomy":"category","embeddable":true,"href":"https:\/\/derechosinfronteras.pe\/ingles\/wp-json\/wp\/v2\/categories?post=4494"},{"taxonomy":"post_tag","embeddable":true,"href":"https:\/\/derechosinfronteras.pe\/ingles\/wp-json\/wp\/v2\/tags?post=4494"}],"curies":[{"name":"wp","href":"https:\/\/api.w.org\/{rel}","templated":true}]}}