{"id":4496,"date":"2019-01-25T19:04:45","date_gmt":"2019-01-26T00:04:45","guid":{"rendered":"http:\/\/derechosinfronteras.pe\/?p=4434"},"modified":"2019-01-25T19:04:45","modified_gmt":"2019-01-26T00:04:45","slug":"tragedia-en-brasil-al-menos-siete-muertos-y-200-desaparecidos-tras-la-rotura-de-una-represa-minera","status":"publish","type":"post","link":"https:\/\/derechosinfronteras.pe\/ingles\/tragedia-en-brasil-al-menos-siete-muertos-y-200-desaparecidos-tras-la-rotura-de-una-represa-minera\/","title":{"rendered":"Tragedia en Brasil: Al menos siete muertos y 200 desaparecidos tras la rotura de una represa minera"},"content":{"rendered":"<blockquote><p><strong>El dique de contenci\u00f3n se ha quebrado y el lodo ha sumergido el comedor de las instalaciones, seg\u00fan el presidente de la empresa propietaria, Vale.<\/strong><\/p><\/blockquote>\n<p><strong>Al menos siete personas han muerto y otras 200 permanecen desaparecidas despu\u00e9s de que la rotura de un dique de contenci\u00f3n de residuos de una mina brasile\u00f1a inundara este viernes de lodos f\u00e9rreos una ampl\u00eda extensi\u00f3n de terreno.<\/strong> La cat\u00e1strofe ha ocurrido en el municipio de Brumadinho, en Minas Gerais (sudeste de Brasil). La compa\u00f1\u00eda propietaria, Vale, ha precisado que el accidente sucedi\u00f3 a primera hora de la tarde en la conocida como mina Jud\u00eda. El presidente de Vale, Fabio Schwartsman, ha explicado en una rueda de prensa que hab\u00eda unos 300 empleados de la mina (propios y subcontratados) en el momento del colapso, que 100 de ellos han sido localizados ya pero que los residuos sepultaron el comedor a la hora del almuerzo. Las im\u00e1genes tomadas en la zona muestran la zona convertida en un mar de barro.<\/p>\n<p>La rotura del dique de contenci\u00f3n se produce poco m\u00e1s de tres a\u00f1os despu\u00e9s de la tragedia ambiental de Mariana, la m\u00e1s grave de la historia del pa\u00eds sudamericano. Schwartsman ha asegurado que la empresa desconoce por qu\u00e9 ha colapsado la presa, que est\u00e1 vigilando otros diques en la mina. El m\u00e1ximo directivo de Vale ha a\u00f1adido que \u00abel impacto ambiental puede ser menor que aquel pero el coste humano, mayor\u00bb.<\/p>\n<p>El presidente brasile\u00f1o, Jair Bolsonaro, lament\u00f3 la cat\u00e1strofe en nota compartida en sus redes sociales. \u00abNuestra mayor preocupaci\u00f3n en este momento es atender eventuales v\u00edctimas de esta grave tragedia\u00bb, afirm\u00f3. El Gobierno activ\u00f3 un gabinete de crisis, coordinado por los ministerios de Desarrollo Regional y de Medioambiente.<\/p>\n<figure id=\"attachment_4436\" aria-describedby=\"caption-attachment-4436\" style=\"width: 980px\" class=\"wp-caption aligncenter\"><img fetchpriority=\"high\" decoding=\"async\" class=\"wp-image-4436 size-full\" src=\"http:\/\/derechosinfronteras.pe\/wp-content\/uploads\/2019\/01\/brasil-01.jpg\" alt=\"\" width=\"980\" height=\"654\" \/><figcaption id=\"caption-attachment-4436\" class=\"wp-caption-text\">Foto: Douglas Magno AFP<\/figcaption><\/figure>\n<blockquote><p><strong>La empresa minera Vale moviliz\u00f3 al cuerpo de bomberos y activ\u00f3 su plan de emergencias. \u201cLa prioridad total de Vale, en este momento, es preservar y proteger la vida de empleados y de miembros de la comunidad\u201d, explic\u00f3 la compa\u00f1\u00eda en un comunicado. La cat\u00e1strofe de Brumadinho hizo caer un 8% las acciones de la minera en la Bolsa de Nueva York este viernes.<\/strong><\/p><\/blockquote>\n<p>La rotura de la presa de Vale en Brumadinho sucede tres a\u00f1os despu\u00e9s del desastre de Mariana, la mayor tragedia ambiental del Brasil, ocurrida en noviembre de 2015. Entonces, la presa de Fund\u00e3o, de la Samarco (propiedad tambi\u00e9n de Valle y de BHP Billiton), se rompi\u00f3, matando a 19 personas y provocando un tsunami de barro que avanz\u00f3 sobre el r\u00edo Doce hasta llegar al litoral de Esp\u00edrito Santo.<\/p>\n<p>Alrededor de la 13.30 (hora local) el Ayuntamiento de Brumadinho alert\u00f3 en sus redes sociales a la poblaci\u00f3n de que se mantuvieran alejados del lecho del r\u00edo Paraopeba.<\/p>\n<p>El Instituto Inhotim, un museo a cielo abierto de arte contempor\u00e1neo localizado en Brumadinho, inform\u00f3 a trav\u00e9s de sus redes sociales que fue evacuado por precauci\u00f3n. \u201cDebido a la rotura en Brumadinho (MG), el Instituto Inhotim comunica que evacu\u00f3 el \u00e1rea de visitas del museo\u00bb siguiendo las recomendaciones de las autoridades, explic\u00f3 la instituci\u00f3n. Inhotim es uno de los principales destinos tur\u00edsticos del Estado de Minas Gerais y recibe miles de turistas todos los meses.<\/p>\n<p>Tambi\u00e9n a trav\u00e9s de una nota, el Ministerio de Desarrollo Regional inform\u00f3 de que est\u00e1 \u00aben contacto constante con los equipos de Defensa Civil\u201d.<\/p>\n<p>Fuente: <a href=\"https:\/\/elpais.com\/internacional\/2019\/01\/25\/actualidad\/1548431899_158139.html\" target=\"_blank\" rel=\"noopener\">El Pa\u00eds<\/a><\/p>","protected":false},"excerpt":{"rendered":"<p>El dique de contenci\u00f3n se ha quebrado y el lodo ha sumergido el comedor de las instalaciones, seg\u00fan el presidente de la empresa propietaria, Vale. Al menos siete personas han muerto y otras 200 permanecen desaparecidas despu\u00e9s de que la rotura de un dique de contenci\u00f3n de residuos de una mina brasile\u00f1a inundara este viernes [&hellip;]<\/p>\n","protected":false},"author":1,"featured_media":4497,"comment_status":"open","ping_status":"open","sticky":false,"template":"","format":"standard","meta":{"_monsterinsights_skip_tracking":false,"_monsterinsights_sitenote_active":false,"_monsterinsights_sitenote_note":"","_monsterinsights_sitenote_category":0,"_jetpack_memberships_contains_paid_content":false,"footnotes":"","jetpack_publicize_message":"","jetpack_publicize_feature_enabled":true,"jetpack_social_post_already_shared":false,"jetpack_social_options":{"image_generator_settings":{"template":"highway","default_image_id":0,"font":"","enabled":false},"version":2}},"categories":[1],"tags":[],"class_list":["post-4496","post","type-post","status-publish","format-standard","has-post-thumbnail","hentry","category-sin-categoria"],"blocksy_meta":[],"jetpack_publicize_connections":[],"jetpack_featured_media_url":"https:\/\/derechosinfronteras.pe\/wp-content\/uploads\/2019\/01\/brasil-03.jpg","jetpack_sharing_enabled":true,"jetpack_likes_enabled":true,"_links":{"self":[{"href":"https:\/\/derechosinfronteras.pe\/ingles\/wp-json\/wp\/v2\/posts\/4496","targetHints":{"allow":["GET"]}}],"collection":[{"href":"https:\/\/derechosinfronteras.pe\/ingles\/wp-json\/wp\/v2\/posts"}],"about":[{"href":"https:\/\/derechosinfronteras.pe\/ingles\/wp-json\/wp\/v2\/types\/post"}],"author":[{"embeddable":true,"href":"https:\/\/derechosinfronteras.pe\/ingles\/wp-json\/wp\/v2\/users\/1"}],"replies":[{"embeddable":true,"href":"https:\/\/derechosinfronteras.pe\/ingles\/wp-json\/wp\/v2\/comments?post=4496"}],"version-history":[{"count":0,"href":"https:\/\/derechosinfronteras.pe\/ingles\/wp-json\/wp\/v2\/posts\/4496\/revisions"}],"wp:featuredmedia":[{"embeddable":true,"href":"https:\/\/derechosinfronteras.pe\/ingles\/wp-json\/wp\/v2\/media\/4497"}],"wp:attachment":[{"href":"https:\/\/derechosinfronteras.pe\/ingles\/wp-json\/wp\/v2\/media?parent=4496"}],"wp:term":[{"taxonomy":"category","embeddable":true,"href":"https:\/\/derechosinfronteras.pe\/ingles\/wp-json\/wp\/v2\/categories?post=4496"},{"taxonomy":"post_tag","embeddable":true,"href":"https:\/\/derechosinfronteras.pe\/ingles\/wp-json\/wp\/v2\/tags?post=4496"}],"curies":[{"name":"wp","href":"https:\/\/api.w.org\/{rel}","templated":true}]}}