{"id":4499,"date":"2019-01-23T20:16:35","date_gmt":"2019-01-24T01:16:35","guid":{"rendered":"http:\/\/derechosinfronteras.pe\/?p=4431"},"modified":"2023-12-29T20:21:04","modified_gmt":"2023-12-30T01:21:04","slug":"espinar-poblacion-convive-con-una-crisis-de-salud-ambiental","status":"publish","type":"post","link":"https:\/\/derechosinfronteras.pe\/ingles\/espinar-poblacion-convive-con-una-crisis-de-salud-ambiental\/","title":{"rendered":"Espinar: Poblaci\u00f3n convive con una crisis de salud ambiental"},"content":{"rendered":"<blockquote>\n<p style=\"text-align: right;\"><strong>Por: Karem Luque*<\/strong><\/p>\n<\/blockquote>\n<p>El 2017 la provincia cusque\u00f1a de Espinar celebr\u00f3 cien a\u00f1os de creaci\u00f3n pol\u00edtica, un centenario con mucho derroche de fiestas y eventos p\u00fablicos para la poblaci\u00f3n local. El centenario pudo haber sido la oportunidad para hacer una revisi\u00f3n hist\u00f3rica sobre los avances y nuevos desaf\u00edos que tiene la provincia a nivel de acceso a derechos en salud, educaci\u00f3n, desarrollo econ\u00f3mico, entre otros. Sin embargo se dej\u00f3 pasar esta oportunidad y no se dieron grandes discusiones, ni reformas, ni planteamientos sobre el tema minero y las implicancias de ello para el desarrollo de Espinar.<\/p>\n<p>En ese marco, y siendo el tema minero ambiental una problem\u00e1tica recurrente en Espinar, nos preguntamos. <strong>\u00bfCu\u00e1nto se ha avanzado realmente en materia de salud ambiental?,<\/strong> <strong>\u00bfEs prioritario para las autoridades locales el tema del agua y la salud ambiental?<\/strong><\/p>\n<p>Estas preguntas sin duda tienen que ser respondidas por las nuevas autoridades electas. Ante este contexto, queremos se\u00f1alar aquellas problem\u00e1ticas que deben ser atendidas de inmediato por ser situaciones de vulneraci\u00f3n y afectaci\u00f3n a la poblaci\u00f3n espinarense.<\/p>\n<p><strong>Espinar dentro de las ciudades m\u00e1s sucias del Per\u00fa <\/strong><\/p>\n<p>En marzo del 2013, la Direcci\u00f3n Regional de Salud (DIRESA) \u2013 Cusco y el Ministerio P\u00fablico, constataban en una inspecci\u00f3n inopinada realizada en los botaderos de residuos s\u00f3lidos en 108 distritos de la regi\u00f3n Cusco, el 50% operaba inadecuadamente, y que las zonas que se encontraban en riesgo sanitario <strong>muy alto <\/strong>se ubicaban en Calca (Pisaq, Coya y Yanatile), <strong>Espinar<\/strong> y Canchis<a href=\"#_ftn1\" name=\"_ftnref1\">[1]<\/a>. Para el 2018, la situaci\u00f3n no hab\u00eda cambiado para Espinar, pues el Ministerio del Ambiente (MINAM) identific\u00f3 a 92 distritos a nivel nacional que requieren de acciones inmediatas para mejorar el manejo de residuos s\u00f3lidos<a href=\"#_ftn2\" name=\"_ftnref2\">[2]<\/a>, en esta lista nuevamente encontr\u00e1bamos a la provincia de Espinar, evidenciando que es una de las zonas m\u00e1s sucias y con mayor contaminaci\u00f3n de todo el Per\u00fa.<\/p>\n<p><strong>Calidad de sus fuentes de agua: Ca\u00f1ipia y Salado<\/strong><\/p>\n<p><strong>\u00a0<\/strong>Es de conocimiento p\u00fablico que la problem\u00e1tica del agua en Espinar no solo es para la zona urbana, sino tambien para las comunidades del entorno minero. Ha sido el mismo Estado quien ha realizado estudios que se\u00f1alan que el agua no es apta para consumo humano, pero no se conoce el origen y\/o las fuentes de la contaminaci\u00f3n hasta el momento<strong>. <\/strong>Adem\u00e1s, est\u00e1n pendientes los resultados del estudio de causalidad que estuvo a cargo del <strong>Instituto Peruano de Energia Nuclear (IPEN<\/strong>), en ese marco cabe resaltar que <strong>Derechos Humanos sin Fronteras (DHSF)<\/strong> ha evidenciado durante el 2018, a trav\u00e9s de un informe de An\u00e1lisis de monitoreos<a href=\"#_ftn3\" name=\"_ftnref3\">[3]<\/a>, que la cuenca del r\u00edo Ca\u00f1ipia presenta puntos de monitoreo recurrentes cercanos a Antapaccay y la relavera de Huinipampa con presencia de <strong>Manganeso, Sodio, Mercurio, Fosfato, Sulfato, y Molibdeno<\/strong> que superan los Est\u00e1ndares de Calidad Ambiental (ECA\u2019s). As\u00ed mismo, en el caso de la cuenca del r\u00edo Salado los puntos recurrentes cercanos a la unidad minera Tintaya y la relavera Ccamacmayo, se encontr\u00f3: <strong>Ars\u00e9nico, Manganeso, Sulfato, Selenio, Sodio, Hierro, Aluminio, Boro, Cadmio y Cobre. <\/strong><\/p>\n<p><strong>Agua con metales toxicos en la ciudad de Espinar: <\/strong><\/p>\n<p>A finales del 2018 hemos sido testigos de la reciente indignaci\u00f3n \u201curbana\u201d por un informe de la DIRESA en el que afirma la presencia de 4 <strong>metales (Aluminio, Ars\u00e9nico, Hierro y Manganeso) <\/strong>en la planta de tratamiento de agua potable <strong>\u201cVirgen de Chapi\u201d. <\/strong>Frente a ello, como DHSF, hemos elaborado un informe<a href=\"#_ftn4\" name=\"_ftnref4\">[4]<\/a> el cual fue compartido con la autoridad edil de Espinar para que pueda ser usado como un instrumento de apoyo en la elaboraci\u00f3n de un Plan de Acci\u00f3n para responder la demanda de la poblaci\u00f3n. Lo cierto es que los pobladores de la zona urbana tambi\u00e9n est\u00e1n siendo afectados por la presencia de metales t\u00f3xicos presentes en su agua y que tienen un efecto bioacumulativo<a href=\"#_ftn5\" name=\"_ftnref5\">[5]<\/a>, por ello se ha conformado hace unos d\u00edas el <strong>Comit\u00e9 de Lucha por el agua y la salud de Espinar, <\/strong>el cual deberia ayudar a canalizar esta preocupacion y angustia ciudadana por el agua que se consume en Espinar y el impacto para sus vidas.<\/p>\n<p><strong>\u00a0<\/strong>Finalmente, no deber\u00edamos ver la toxicidad en los pobladores como un simple resfriado, pues los efectos a largo plazo mostrar\u00e1n la magnitud de un problema que pudo haberse evitado y que ya es visible en muchas comunidades, personas con signos y s\u00edntomas de enfermedades que pueden estar asociadas a la ingesta de metales t\u00f3xicos, tal como lo indican las gu\u00edas de diagn\u00f3stico cl\u00ednico que deben ser revisadas constantemente por los profesionales de salud que laboran en la zona.<\/p>\n<p>Que Espinar encuentre las maneras de sobreponerse a estas situaciones, \u00a0no solo es responsabilidad de sus autoridades locales y regionales, sino tambi\u00e9n de sus representantes sociales, sus comunidades, ciudadanas y ciudadanos que se atrevan a salir de ese <strong>desarrollismo economicista<\/strong> que est\u00e1 absorbi\u00e9ndolos y atrap\u00e1ndolos en el individualismo sistem\u00e1tico.<\/p>\n<p style=\"text-align: right;\">*Bi\u00f3loga, <strong>&#8211; \u00c1rea Derechos Colectivos y Medio Ambiente \u2013 Derechos Humanos Sin Fronteras.<\/strong><\/p>\n<p>&nbsp;<\/p>\n<hr \/>\n<p>&nbsp;<\/p>\n<p>&nbsp;<\/p>\n<p><a href=\"#_ftnref1\" name=\"_ftn1\">[1]<\/a><a href=\"https:\/\/larepublica.pe\/archivo\/698258-cincuenta-botaderos-de-basura-en-cusco-en-riesgo-sanitario-alto\" target=\"_blank\" rel=\"noopener\">https:\/\/larepublica.pe\/archivo\/698258-cincuenta-botaderos-de-basura-en-cusco-en-riesgo-sanitario-alto<\/a><\/p>\n<p><a href=\"#_ftnref2\" name=\"_ftn2\">[2]<\/a>http:\/\/www.minam.gob.pe\/notas-de-prensa\/ministerio-del-ambiente-identifica-92-distritos-en-situacion-de-riesgo-por-manejo-de-residuos-solidos\/<\/p>\n<p><a href=\"#_ftnref3\" name=\"_ftn3\">[3]<\/a> Documento de An\u00e1lisis de los monitoreos ambientales de aguas superficiales y subterr\u00e1neas de Espinar ANA, OEFA y Contra muestras Municipalidad Provincial de Espinar (2012 \u2013 2015)<\/p>\n<p><a href=\"#_ftnref4\" name=\"_ftn4\">[4]<\/a> Informe t\u00e9cnico y legal de los resultados emitidos por la DIRESA \u2013 Cusco a la Municipalidad Provincial de Espinar sobre la calidad de agua potable en la planta de tratamiento Virgen de Chapi, realizados en los a\u00f1os 2016 \u2013 2018.<\/p>\n<p><a href=\"#_ftnref5\" name=\"_ftn5\">[5]<\/a> Proceso de acumulaci\u00f3n de sustancias qu\u00edmicas en el organismo, de tal manera que estos llegan a alcanzar concentraciones m\u00e1s altas que las existentes en su medio o en sus alimentos y que por lo tanto no puede ser desechado en su totalidad por las v\u00edas de excreci\u00f3n biol\u00f3gica.<\/p>\n","protected":false},"excerpt":{"rendered":"<p>Por: Karem Luque* El 2017 la provincia cusque\u00f1a de Espinar celebr\u00f3 cien a\u00f1os de creaci\u00f3n pol\u00edtica, un centenario con mucho derroche de fiestas y eventos p\u00fablicos para la poblaci\u00f3n local. El centenario pudo haber sido la oportunidad para hacer una revisi\u00f3n hist\u00f3rica sobre los avances y nuevos desaf\u00edos que tiene la provincia a nivel de [&hellip;]<\/p>\n","protected":false},"author":1,"featured_media":4500,"comment_status":"open","ping_status":"open","sticky":false,"template":"","format":"standard","meta":{"_monsterinsights_skip_tracking":false,"_monsterinsights_sitenote_active":false,"_monsterinsights_sitenote_note":"","_monsterinsights_sitenote_category":0,"_jetpack_memberships_contains_paid_content":false,"footnotes":"","jetpack_publicize_message":"","jetpack_publicize_feature_enabled":true,"jetpack_social_post_already_shared":false,"jetpack_social_options":{"image_generator_settings":{"template":"highway","default_image_id":0,"font":"","enabled":false},"version":2}},"categories":[1],"tags":[],"class_list":["post-4499","post","type-post","status-publish","format-standard","has-post-thumbnail","hentry","category-sin-categoria"],"blocksy_meta":[],"jetpack_publicize_connections":[],"jetpack_featured_media_url":"https:\/\/derechosinfronteras.pe\/wp-content\/uploads\/2019\/01\/Articulo-Karem-e1548292509237.jpg","jetpack_sharing_enabled":true,"jetpack_likes_enabled":true,"_links":{"self":[{"href":"https:\/\/derechosinfronteras.pe\/ingles\/wp-json\/wp\/v2\/posts\/4499","targetHints":{"allow":["GET"]}}],"collection":[{"href":"https:\/\/derechosinfronteras.pe\/ingles\/wp-json\/wp\/v2\/posts"}],"about":[{"href":"https:\/\/derechosinfronteras.pe\/ingles\/wp-json\/wp\/v2\/types\/post"}],"author":[{"embeddable":true,"href":"https:\/\/derechosinfronteras.pe\/ingles\/wp-json\/wp\/v2\/users\/1"}],"replies":[{"embeddable":true,"href":"https:\/\/derechosinfronteras.pe\/ingles\/wp-json\/wp\/v2\/comments?post=4499"}],"version-history":[{"count":1,"href":"https:\/\/derechosinfronteras.pe\/ingles\/wp-json\/wp\/v2\/posts\/4499\/revisions"}],"predecessor-version":[{"id":7171,"href":"https:\/\/derechosinfronteras.pe\/ingles\/wp-json\/wp\/v2\/posts\/4499\/revisions\/7171"}],"wp:featuredmedia":[{"embeddable":true,"href":"https:\/\/derechosinfronteras.pe\/ingles\/wp-json\/wp\/v2\/media\/4500"}],"wp:attachment":[{"href":"https:\/\/derechosinfronteras.pe\/ingles\/wp-json\/wp\/v2\/media?parent=4499"}],"wp:term":[{"taxonomy":"category","embeddable":true,"href":"https:\/\/derechosinfronteras.pe\/ingles\/wp-json\/wp\/v2\/categories?post=4499"},{"taxonomy":"post_tag","embeddable":true,"href":"https:\/\/derechosinfronteras.pe\/ingles\/wp-json\/wp\/v2\/tags?post=4499"}],"curies":[{"name":"wp","href":"https:\/\/api.w.org\/{rel}","templated":true}]}}