{"id":4501,"date":"2019-01-22T14:03:26","date_gmt":"2019-01-22T19:03:26","guid":{"rendered":"http:\/\/derechosinfronteras.pe\/?p=4427"},"modified":"2019-01-22T14:03:26","modified_gmt":"2019-01-22T19:03:26","slug":"espinar-unen-esfuerzos-para-solucionar-problematica-del-agua-y-presencia-de-metales-toxicos","status":"publish","type":"post","link":"https:\/\/derechosinfronteras.pe\/ingles\/espinar-unen-esfuerzos-para-solucionar-problematica-del-agua-y-presencia-de-metales-toxicos\/","title":{"rendered":"Espinar: Unen esfuerzos para solucionar problem\u00e1tica del agua y presencia de metales t\u00f3xicos"},"content":{"rendered":"<p>Cusco. Las organizaciones sociales de la provincia de Espinar han conformado un <strong>Comit\u00e9 de Lucha por el Agua y la Salud<\/strong>, presidida por Vidal Merma. Dicho comit\u00e9 se reuni\u00f3 el \u00faltimo lunes 21 de enero con el alcalde provincial, Lolo Arenas y su equipo t\u00e9cnico, con el objetivo de coordinar acciones conjuntas para dar soluci\u00f3n a la contaminaci\u00f3n por metales t\u00f3xicos del agua potable que consume la poblaci\u00f3n de Yauri.<\/p>\n<p>Durante la reuni\u00f3n los funcionarios municipales informaron que ya han emitido documentos oficiales al Gobierno Regional de Cusco para que, en coordinaci\u00f3n con la <strong>Direcci\u00f3n Regional de Salud (DIRESA)<\/strong>, se declare en emergencia el sistema de abastecimiento de agua potable en Espinar; tambi\u00e9n ya se ha pedido una audiencia con el Presidente de la Rep\u00fablica, Mart\u00edn Vizcarra y el Presidente del Consejo de Ministros, C\u00e9sar Villanueva.<\/p>\n<p>En ese mismo sentido, el alcalde provincial, Lolo Arenas, indic\u00f3 que se est\u00e1 elaborando un Plan de Acci\u00f3n y se ha conformado un equipo de profesionales para atender esta problem\u00e1tica de manera inmediata. Estas iniciativas se estar\u00edan impulsando mientras se gestiona un presupuesto prioritario a partir de la declaratoria de emergencia. El equipo t\u00e9cnico de la municipalidad tambi\u00e9n tiene la tarea de identificar los puntos y\/o origen de contaminaci\u00f3n, si esta es por el agua que entra a la planta de tratamiento, en el reservorio u otras causas.<\/p>\n<p>\u201cEst\u00e1n viendo c\u00f3mo reducir los metales t\u00f3xicos en el agua potable, nos han indicado que se est\u00e1 conversando con una empresa para adquirir un filtro y adecuarla a la planta de tratamiento Virgen de Chapi\u201d, refiri\u00f3 Vidal Merma, presidente del Comit\u00e9 de Lucha.<\/p>\n<p>Merma ha enfatizado que desde las organizaciones sociales se ha propuesto acciones de incidencia, en ese sentido se aprob\u00f3 impulsar una movilizaci\u00f3n por horas de la ma\u00f1ana el lunes 28 de enero en la ciudad de Yauri, y por la tarde se estar\u00eda desarrollando una <strong>Asamblea Multisectorial<\/strong> para conformar una comisi\u00f3n que viaje a la ciudad de Lima para gestionar una pronta respuesta por parte del gobierno central.<\/p>\n<p>Tambi\u00e9n refiri\u00f3 que las organizaciones sociales de Espinar van a denunciar penalmente a los ex funcionarios municipales que resulten responsables de la contaminaci\u00f3n del agua potable. Por \u00faltimo se va pedir los resultados de los \u00faltimos dosajes realizados a la poblaci\u00f3n por parte de CENSOPAS para determinar el n\u00famero de poblaci\u00f3n que tiene metales t\u00f3xicos a partir del consumo del agua potable en la ciudad de Yauri.<\/p>\n<p>&nbsp;<\/p>","protected":false},"excerpt":{"rendered":"<p>Cusco. Las organizaciones sociales de la provincia de Espinar han conformado un Comit\u00e9 de Lucha por el Agua y la Salud, presidida por Vidal Merma. Dicho comit\u00e9 se reuni\u00f3 el \u00faltimo lunes 21 de enero con el alcalde provincial, Lolo Arenas y su equipo t\u00e9cnico, con el objetivo de coordinar acciones conjuntas para dar soluci\u00f3n [&hellip;]<\/p>\n","protected":false},"author":1,"featured_media":4502,"comment_status":"open","ping_status":"open","sticky":false,"template":"","format":"standard","meta":{"_monsterinsights_skip_tracking":false,"_monsterinsights_sitenote_active":false,"_monsterinsights_sitenote_note":"","_monsterinsights_sitenote_category":0,"_jetpack_memberships_contains_paid_content":false,"footnotes":"","jetpack_publicize_message":"","jetpack_publicize_feature_enabled":true,"jetpack_social_post_already_shared":false,"jetpack_social_options":{"image_generator_settings":{"template":"highway","default_image_id":0,"font":"","enabled":false},"version":2}},"categories":[1],"tags":[],"class_list":["post-4501","post","type-post","status-publish","format-standard","has-post-thumbnail","hentry","category-sin-categoria"],"blocksy_meta":[],"jetpack_publicize_connections":[],"jetpack_featured_media_url":"https:\/\/derechosinfronteras.pe\/wp-content\/uploads\/2019\/01\/Comite-de-Lucha-e1548183763566.jpg","jetpack_sharing_enabled":true,"jetpack_likes_enabled":true,"_links":{"self":[{"href":"https:\/\/derechosinfronteras.pe\/ingles\/wp-json\/wp\/v2\/posts\/4501","targetHints":{"allow":["GET"]}}],"collection":[{"href":"https:\/\/derechosinfronteras.pe\/ingles\/wp-json\/wp\/v2\/posts"}],"about":[{"href":"https:\/\/derechosinfronteras.pe\/ingles\/wp-json\/wp\/v2\/types\/post"}],"author":[{"embeddable":true,"href":"https:\/\/derechosinfronteras.pe\/ingles\/wp-json\/wp\/v2\/users\/1"}],"replies":[{"embeddable":true,"href":"https:\/\/derechosinfronteras.pe\/ingles\/wp-json\/wp\/v2\/comments?post=4501"}],"version-history":[{"count":0,"href":"https:\/\/derechosinfronteras.pe\/ingles\/wp-json\/wp\/v2\/posts\/4501\/revisions"}],"wp:featuredmedia":[{"embeddable":true,"href":"https:\/\/derechosinfronteras.pe\/ingles\/wp-json\/wp\/v2\/media\/4502"}],"wp:attachment":[{"href":"https:\/\/derechosinfronteras.pe\/ingles\/wp-json\/wp\/v2\/media?parent=4501"}],"wp:term":[{"taxonomy":"category","embeddable":true,"href":"https:\/\/derechosinfronteras.pe\/ingles\/wp-json\/wp\/v2\/categories?post=4501"},{"taxonomy":"post_tag","embeddable":true,"href":"https:\/\/derechosinfronteras.pe\/ingles\/wp-json\/wp\/v2\/tags?post=4501"}],"curies":[{"name":"wp","href":"https:\/\/api.w.org\/{rel}","templated":true}]}}