{"id":4503,"date":"2019-01-21T17:59:38","date_gmt":"2019-01-21T22:59:38","guid":{"rendered":"http:\/\/derechosinfronteras.pe\/?p=4421"},"modified":"2019-01-21T17:59:38","modified_gmt":"2019-01-21T22:59:38","slug":"arequipa-se-pronuncian-a-favor-de-criminalizados-del-conflicto-de-tia-maria","status":"publish","type":"post","link":"https:\/\/derechosinfronteras.pe\/ingles\/arequipa-se-pronuncian-a-favor-de-criminalizados-del-conflicto-de-tia-maria\/","title":{"rendered":"Arequipa: Se pronuncian a favor de criminalizados del conflicto de &#8216;T\u00eda Mar\u00eda&#8217;"},"content":{"rendered":"<p style=\"text-align: center;\"><strong>ALTO A LA CRIMINALIZACI\u00d3N DE LA PROTESTA SOCIAL, NO M\u00c1S REPRESI\u00d3N A LOS AGRICULTORES Y PUEBLO DEL\u00a0<\/strong><strong>VALLE DE TAMBO<\/strong><\/p>\n<ol>\n<li>En los \u00faltimos 10 a\u00f1os, la empresa minera Southern en contubernio con los gobiernos de turno (Alan Garc\u00eda, Ollanta Humala y otros) ha pretendido a como d\u00e9 lugar imponer su proyecto minero T\u00eda Mar\u00eda y La Tapada apelando a una serie de argucias y mentiras; pero el pueblo del Valle de Tambo en consulta popular (2009) le dijo \u00a1NO! al proyecto minero con m\u00e1s del 90 por ciento. El Valle de Tambo est\u00e1 convencido de que T\u00eda Mar\u00eda y La Tapada perjudicar\u00e1 su h\u00e1bitat, su ambiente, su agua y su agricultura; por eso los agricultores se mantienen en pie de lucha defendiendo su territorio, protagonizado una serie de acciones de protesta y sobretodo dos hist\u00f3ricos paros indefinidos (2011 y 2015), con el lamentable saldo de 8 hermanos tambe\u00f1os ca\u00eddos por la brutal represi\u00f3n policial y militar, adem\u00e1s de decenas de heridos, detenidos y m\u00e1s de un centenar de denunciados hoy procesados ante la justicia.<\/li>\n<li>Esta criminalizaci\u00f3n de la protesta social apunta a descabezar y desarticular la respuesta c\u00edvica-social del pueblo del Valle de Tambo por parte del Estado Peruano, bajo el pretexto que los tambe\u00f1os constituyeron una organizaci\u00f3n como el Frente Amplio de Defensa del Valle de Tambo, no como una organizaci\u00f3n social para la defensa de sus derechos, sino una asociaci\u00f3n il\u00edcita para delinquir; este argumento que carece de toda l\u00f3gica elemental contraviene lo establecido en la Constituci\u00f3n que reconoce el derecho a la protesta y la libre asociaci\u00f3n como derechos fundamentales de todo ciudadano, que todo estado democr\u00e1tico debe garantizar.<\/li>\n<li>Y como si esto no fuera poco, este estado represor c\u00f3mplice del saqueo de nuestros recursos naturales, pretende \u201chacerlos escarmentar\u201d a nuestros defensores del Valle de Tambo amenaz\u00e1ndolos con meterlos a la c\u00e1rcel por varios a\u00f1os. Por otro lado, la Procuradur\u00eda del Ministerio del Interior propone que los denunciados paguen por concepto de reparaci\u00f3n civil m\u00e1s de 320 millones de d\u00f3lares, que \u201csolidariamente deben pagar\u201d a quienes se les llegue comprobar y sentenciar de los delitos que se les imputa (disturbios, extorsi\u00f3n, mot\u00edn, asociaci\u00f3n il\u00edcita para delinquir, etc.), cosa que es inaudito e inaceptable en un pa\u00eds donde aparentemente se respetan los derechos humanos.<\/li>\n<li>Hacemos un llamado al pueblo de Arequipa, la Macrosur y todo el Per\u00fa, para mantenernos alertas y vigilantes con el gobierno de Mart\u00edn Vizcarra que junto a la minera Southern intentar\u00e1n este a\u00f1o 2019 imponer una vez m\u00e1s T\u00eda Mar\u00eda y La Tapada, ya lo anunci\u00f3 su ministro de energ\u00eda y minas Francisco Ismodes, s\u00f3lo est\u00e1n a la espera del mejor momento para hacerlo. La minera Southern -por su parte- invierte millones de soles implementando toda una maquinaria de mentiras y desinformaci\u00f3n a nivel regional y nacional para enga\u00f1ar y sorprender a la opini\u00f3n p\u00fablica se\u00f1alando que el pueblo del Valle de Tambo en alto porcentaje acepta su proyecto. Eso es una reverenda mentira. Nuestro Valle de Tambo, pueblo consciente y digno est\u00e1 convencido de su modelo de desarrollo que quiere tener en base a la agricultura, el Valle de Tambo nos ense\u00f1a el camino y estamos seguros que juntos defenderos el agua, la vida y la agricultura.<\/li>\n<\/ol>\n<p style=\"text-align: center;\">\u00a1AGRO S\u00cd, MINA NO!<\/p>\n<p style=\"text-align: center;\">\u00a1SALVEMOS EL VALLE DE TAMBO!<\/p>\n<p style=\"text-align: center;\">\u00a1EL VALLE NO SE VENDE, EL VALLE SE DEFIENDE!<\/p>\n<p style=\"text-align: center;\">\u00a1NO A LA CRIMINALIZACI\u00d3N DE LA PROTESTA SOCIAL!<\/p>\n<p>Fuente: Facebook: Salvemoselvalledetambo<\/p>","protected":false},"excerpt":{"rendered":"<p>ALTO A LA CRIMINALIZACI\u00d3N DE LA PROTESTA SOCIAL, NO M\u00c1S REPRESI\u00d3N A LOS AGRICULTORES Y PUEBLO DEL\u00a0VALLE DE TAMBO En los \u00faltimos 10 a\u00f1os, la empresa minera Southern en contubernio con los gobiernos de turno (Alan Garc\u00eda, Ollanta Humala y otros) ha pretendido a como d\u00e9 lugar imponer su proyecto minero T\u00eda Mar\u00eda y La [&hellip;]<\/p>\n","protected":false},"author":1,"featured_media":4504,"comment_status":"open","ping_status":"open","sticky":false,"template":"","format":"standard","meta":{"_monsterinsights_skip_tracking":false,"_monsterinsights_sitenote_active":false,"_monsterinsights_sitenote_note":"","_monsterinsights_sitenote_category":0,"_jetpack_memberships_contains_paid_content":false,"footnotes":"","jetpack_publicize_message":"","jetpack_publicize_feature_enabled":true,"jetpack_social_post_already_shared":false,"jetpack_social_options":{"image_generator_settings":{"template":"highway","default_image_id":0,"font":"","enabled":false},"version":2}},"categories":[1],"tags":[],"class_list":["post-4503","post","type-post","status-publish","format-standard","has-post-thumbnail","hentry","category-sin-categoria"],"blocksy_meta":[],"jetpack_publicize_connections":[],"jetpack_featured_media_url":"https:\/\/derechosinfronteras.pe\/wp-content\/uploads\/2019\/01\/tiamaria4.jpg","jetpack_sharing_enabled":true,"jetpack_likes_enabled":true,"_links":{"self":[{"href":"https:\/\/derechosinfronteras.pe\/ingles\/wp-json\/wp\/v2\/posts\/4503","targetHints":{"allow":["GET"]}}],"collection":[{"href":"https:\/\/derechosinfronteras.pe\/ingles\/wp-json\/wp\/v2\/posts"}],"about":[{"href":"https:\/\/derechosinfronteras.pe\/ingles\/wp-json\/wp\/v2\/types\/post"}],"author":[{"embeddable":true,"href":"https:\/\/derechosinfronteras.pe\/ingles\/wp-json\/wp\/v2\/users\/1"}],"replies":[{"embeddable":true,"href":"https:\/\/derechosinfronteras.pe\/ingles\/wp-json\/wp\/v2\/comments?post=4503"}],"version-history":[{"count":0,"href":"https:\/\/derechosinfronteras.pe\/ingles\/wp-json\/wp\/v2\/posts\/4503\/revisions"}],"wp:featuredmedia":[{"embeddable":true,"href":"https:\/\/derechosinfronteras.pe\/ingles\/wp-json\/wp\/v2\/media\/4504"}],"wp:attachment":[{"href":"https:\/\/derechosinfronteras.pe\/ingles\/wp-json\/wp\/v2\/media?parent=4503"}],"wp:term":[{"taxonomy":"category","embeddable":true,"href":"https:\/\/derechosinfronteras.pe\/ingles\/wp-json\/wp\/v2\/categories?post=4503"},{"taxonomy":"post_tag","embeddable":true,"href":"https:\/\/derechosinfronteras.pe\/ingles\/wp-json\/wp\/v2\/tags?post=4503"}],"curies":[{"name":"wp","href":"https:\/\/api.w.org\/{rel}","templated":true}]}}