{"id":4505,"date":"2019-01-21T17:58:43","date_gmt":"2019-01-21T22:58:43","guid":{"rendered":"http:\/\/derechosinfronteras.pe\/?p=4422"},"modified":"2019-01-21T17:58:43","modified_gmt":"2019-01-21T22:58:43","slug":"miembros-de-la-fartac-cusco-se-encadenan-en-palacio-de-gobierno","status":"publish","type":"post","link":"https:\/\/derechosinfronteras.pe\/ingles\/miembros-de-la-fartac-cusco-se-encadenan-en-palacio-de-gobierno\/","title":{"rendered":"Miembros de la FARTAC &#8211; Cusco se encadenan en Palacio de Gobierno"},"content":{"rendered":"<p>Una delegaci\u00f3n de 60 comuneros, provenientes\u00a0de 13 provincias de la regi\u00f3n Cusco, se encadenaron frente al Palacio de Gobierno\u00a0al no ser recibidos por\u00a0<strong>Gustavo Mostajo Ocola<\/strong>, ministro de Agricultura y Riego, pese a que vienen pidiendo esta\u00a0audiencia desde el 28 de diciembre de 2018.<\/p>\n<p>La\u00a0<strong>Federaci\u00f3n Agraria Revolucionaria T\u00fapac Amaru de Cusco<\/strong>\u00a0(Fartac) tom\u00f3 esta medida a causa del\u00a0escaso\u00a0presupuesto destinado a los campesinos\u00a0afectados\u00a0por las heladas y las sequ\u00edas, como parte de las acciones de apoyo del\u00a0<a href=\"https:\/\/ia601508.us.archive.org\/16\/items\/PublicacinElPeruano\/Publicaci%C3%B3n%20el%20Peruano.pdf\" target=\"_blank\" rel=\"noopener\">Estado de Emergencia<\/a>\u00a0en cinco regiones\u00a0a consecuencia de las bajas temperaturas y d\u00e9ficit h\u00eddrico.<\/p>\n<p>As\u00ed lo alert\u00f3 su presidente,\u00a0<strong>V\u00edctor Ra\u00fal Mayta<\/strong>, quien sostiene que este\u00a0fondo econ\u00f3mico (107 mil 733 soles) es insuficiente para las trece mil hect\u00e1reas afectadas que existen en Cusco. \u00abPracticamente nos toca\u00a0<strong>ocho soles<\/strong>(por hect\u00e1rea) cuando los agriculturos destinamos\u00a0cerca de ocho\u00a0a diez mil soles\u00bb.<\/p>\n<p>Asimismo, el dirigente cusque\u00f1o denunci\u00f3 la lentitud en\u00a0la implementaci\u00f3n de las medidas de\u00a0rehabilitaci\u00f3n ante los da\u00f1os ocasionados por la presencia de los fen\u00f3menos climatol\u00f3gicos.<\/p>\n<p>Victor Ra\u00fal Mayta indic\u00f3\u00a0que continuar\u00e1n enmarrocados hasta ser recibidos por Mostajo Ocola o el\u00a0presidente del Consejo de Ministros,\u00a0<strong>C\u00e9sar Villanueva.<\/strong><\/p>\n<p>La declaratoria de emergencia dispuesta en el Decreto Supremo 125-2018-PCM afecta a las regiones de Apur\u00edmac, Ayacucho, Huancavelica, Cusco y Jun\u00edn.<\/p>\n<p>Fartac no es el primero en se\u00f1alar las deficiencias del Decreto Supremo N\u00ba 125. El 6 de enero de 2019, la congresista Tania Pariona denunci\u00f3 que solo dos soles con 18 c\u00e9ntimos por hect\u00e1rea recibir\u00e1n los agricultores de Ayacucho, como parte de la mencionada compensaci\u00f3n econ\u00f3mica.<\/p>\n<p>Fuente: Servindi<\/p>","protected":false},"excerpt":{"rendered":"<p>Una delegaci\u00f3n de 60 comuneros, provenientes\u00a0de 13 provincias de la regi\u00f3n Cusco, se encadenaron frente al Palacio de Gobierno\u00a0al no ser recibidos por\u00a0Gustavo Mostajo Ocola, ministro de Agricultura y Riego, pese a que vienen pidiendo esta\u00a0audiencia desde el 28 de diciembre de 2018. La\u00a0Federaci\u00f3n Agraria Revolucionaria T\u00fapac Amaru de Cusco\u00a0(Fartac) tom\u00f3 esta medida a causa [&hellip;]<\/p>\n","protected":false},"author":1,"featured_media":4506,"comment_status":"open","ping_status":"open","sticky":false,"template":"","format":"standard","meta":{"_monsterinsights_skip_tracking":false,"_monsterinsights_sitenote_active":false,"_monsterinsights_sitenote_note":"","_monsterinsights_sitenote_category":0,"_jetpack_memberships_contains_paid_content":false,"footnotes":"","jetpack_publicize_message":"","jetpack_publicize_feature_enabled":true,"jetpack_social_post_already_shared":false,"jetpack_social_options":{"image_generator_settings":{"template":"highway","default_image_id":0,"font":"","enabled":false},"version":2}},"categories":[1],"tags":[],"class_list":["post-4505","post","type-post","status-publish","format-standard","has-post-thumbnail","hentry","category-sin-categoria"],"blocksy_meta":[],"jetpack_publicize_connections":[],"jetpack_featured_media_url":"https:\/\/derechosinfronteras.pe\/wp-content\/uploads\/2019\/01\/Fartac-en-Lima.jpg","jetpack_sharing_enabled":true,"jetpack_likes_enabled":true,"_links":{"self":[{"href":"https:\/\/derechosinfronteras.pe\/ingles\/wp-json\/wp\/v2\/posts\/4505","targetHints":{"allow":["GET"]}}],"collection":[{"href":"https:\/\/derechosinfronteras.pe\/ingles\/wp-json\/wp\/v2\/posts"}],"about":[{"href":"https:\/\/derechosinfronteras.pe\/ingles\/wp-json\/wp\/v2\/types\/post"}],"author":[{"embeddable":true,"href":"https:\/\/derechosinfronteras.pe\/ingles\/wp-json\/wp\/v2\/users\/1"}],"replies":[{"embeddable":true,"href":"https:\/\/derechosinfronteras.pe\/ingles\/wp-json\/wp\/v2\/comments?post=4505"}],"version-history":[{"count":0,"href":"https:\/\/derechosinfronteras.pe\/ingles\/wp-json\/wp\/v2\/posts\/4505\/revisions"}],"wp:featuredmedia":[{"embeddable":true,"href":"https:\/\/derechosinfronteras.pe\/ingles\/wp-json\/wp\/v2\/media\/4506"}],"wp:attachment":[{"href":"https:\/\/derechosinfronteras.pe\/ingles\/wp-json\/wp\/v2\/media?parent=4505"}],"wp:term":[{"taxonomy":"category","embeddable":true,"href":"https:\/\/derechosinfronteras.pe\/ingles\/wp-json\/wp\/v2\/categories?post=4505"},{"taxonomy":"post_tag","embeddable":true,"href":"https:\/\/derechosinfronteras.pe\/ingles\/wp-json\/wp\/v2\/tags?post=4505"}],"curies":[{"name":"wp","href":"https:\/\/api.w.org\/{rel}","templated":true}]}}