{"id":4507,"date":"2019-01-21T13:43:17","date_gmt":"2019-01-21T18:43:17","guid":{"rendered":"http:\/\/derechosinfronteras.pe\/?p=4416"},"modified":"2019-01-21T13:43:17","modified_gmt":"2019-01-21T18:43:17","slug":"cusco-mmg-las-bambas-y-comunidad-de-fuerabamba-tendran-nueva-reunion","status":"publish","type":"post","link":"https:\/\/derechosinfronteras.pe\/ingles\/cusco-mmg-las-bambas-y-comunidad-de-fuerabamba-tendran-nueva-reunion\/","title":{"rendered":"Cusco: MMG Las Bambas y comunidad de Fuerabamba tendr\u00e1n nueva reuni\u00f3n"},"content":{"rendered":"<p>El viernes 18 de enero del presente a\u00f1o, tal como estaba programado bajo acta, se llev\u00f3 a cabo la reuni\u00f3n entre la comunidad de<strong> Fuerabamba<\/strong>, el <strong>Ministerio de Transportes y Comunicaciones (MTC)<\/strong>, representante de la Presidencia del Consejo de Ministros (PCM), el congresista Edgar Ochoa Pezo, la Defensor\u00eda del Pueblo y representantes de la empresa minera MMG Las Bambas, esta reuni\u00f3n se desarroll\u00f3 en el asentamiento de Yavi Yavi, provincia de Chumbivilcas.<\/p>\n<p>El primer inconveniente de la reuni\u00f3n se dio porque la Polic\u00eda Nacional del Per\u00fa (PNP) no permiti\u00f3 que la sesi\u00f3n se realice en un auditorio, alegando que hab\u00eda riesgo de secuestro y que esta reuni\u00f3n deb\u00eda darse en un espacio abierto y con la vigilancia de los efectivos policiales; el rechazo a esta medida por parte de los dirigentes y del congresista Edgar Ochoa no dio frutos, as\u00ed que la reuni\u00f3n se realiz\u00f3 de manera precaria al aire libre, rodeados por polic\u00edas, entre granizo y lluvias. Estas circunstancias evidenciaron el Estado de Emergencia por la que atraviesa la zona del corredor minero.<\/p>\n<p>Ante los imprevistos la reuni\u00f3n inici\u00f3 a las 11:30 a.m., el Director General de Asuntos Socio Ambientales del MTC, Pastor Paredes indic\u00f3 que no hab\u00edan conseguido informaci\u00f3n y\/o expedientes sobre la construcci\u00f3n de la v\u00eda que atraviesa el Fundo Yavi Yavi, y que no pod\u00edan determinar responsabilidad. Pastor mostr\u00f3 unos mapas satelitales del 2009 donde no exist\u00eda la v\u00eda en comparaci\u00f3n a otra del 2012 donde ya aparec\u00eda dicha carretera.<\/p>\n<p>El presidente de la comunidad campesina de Fuerabamba, Gregorio Rojas, mostr\u00f3 su rechazo a la posici\u00f3n del MTC indicando que el objetivo de esta reuni\u00f3n era determinar la responsabilidad de qui\u00e9n construy\u00f3 la v\u00eda que atraviesa su comunidad y por donde -diariamente- circulan alrededor de 400 veh\u00edculos encapsulados transportando concentrado de cobre. Rojas fue enf\u00e1tico en se\u00f1alar que dicha v\u00eda fue construida por la empresa minera Xtrata, qui\u00e9n dio posesi\u00f3n a Glencore, y seguidamente a MMG Las Bambas.<\/p>\n<p>Esta discusi\u00f3n se da porque, tal como especifica la ley, qui\u00e9n construye la carretera es la responsable de ver el derecho de servidumbre hacia la comunidad y el pago de la expropiaci\u00f3n de terrenos. El MTC ha planteado que va asumir el pago a la comunidad por sus terrenos, a pesar que ese monto deber\u00eda ser asumida por la empresa minera.<\/p>\n<p>Al ser la discusi\u00f3n central, se decidi\u00f3 convocar una nueva reuni\u00f3n de di\u00e1logo el mi\u00e9rcoles 30 de enero, el representante de la empresa minera MMG Las Bambas, Marco Santos, junto con otros tres funcionarios, se comprometieron a traer la documentaci\u00f3n donde demuestran que ellos nos son los responsables de la v\u00eda, de la misma forma la comunidad presentar\u00e1 todas las pruebas que tienen a la mano, como intermediario estar\u00e1 la PCM y el MTC.<\/p>\n<p>Por \u00faltimo, el congresista Edgar Ochoa ratific\u00f3 \u2013otra vez- su pedido de levantamiento del Estado de Emergencia en la zona del corredor minero, por atentar los derechos de las comunidades campesinas de la zona y se comprometi\u00f3 a seguir acompa\u00f1ando este proceso de di\u00e1logo.<\/p>","protected":false},"excerpt":{"rendered":"<p>El viernes 18 de enero del presente a\u00f1o, tal como estaba programado bajo acta, se llev\u00f3 a cabo la reuni\u00f3n entre la comunidad de Fuerabamba, el Ministerio de Transportes y Comunicaciones (MTC), representante de la Presidencia del Consejo de Ministros (PCM), el congresista Edgar Ochoa Pezo, la Defensor\u00eda del Pueblo y representantes de la empresa [&hellip;]<\/p>\n","protected":false},"author":1,"featured_media":4508,"comment_status":"open","ping_status":"open","sticky":false,"template":"","format":"standard","meta":{"_monsterinsights_skip_tracking":false,"_monsterinsights_sitenote_active":false,"_monsterinsights_sitenote_note":"","_monsterinsights_sitenote_category":0,"_jetpack_memberships_contains_paid_content":false,"footnotes":"","jetpack_publicize_message":"","jetpack_publicize_feature_enabled":true,"jetpack_social_post_already_shared":false,"jetpack_social_options":{"image_generator_settings":{"template":"highway","default_image_id":0,"font":"","enabled":false},"version":2}},"categories":[1],"tags":[],"class_list":["post-4507","post","type-post","status-publish","format-standard","has-post-thumbnail","hentry","category-sin-categoria"],"blocksy_meta":[],"jetpack_publicize_connections":[],"jetpack_featured_media_url":"https:\/\/derechosinfronteras.pe\/wp-content\/uploads\/2019\/01\/Yavi-Yavi2-e1548096128554.jpg","jetpack_sharing_enabled":true,"jetpack_likes_enabled":true,"_links":{"self":[{"href":"https:\/\/derechosinfronteras.pe\/ingles\/wp-json\/wp\/v2\/posts\/4507","targetHints":{"allow":["GET"]}}],"collection":[{"href":"https:\/\/derechosinfronteras.pe\/ingles\/wp-json\/wp\/v2\/posts"}],"about":[{"href":"https:\/\/derechosinfronteras.pe\/ingles\/wp-json\/wp\/v2\/types\/post"}],"author":[{"embeddable":true,"href":"https:\/\/derechosinfronteras.pe\/ingles\/wp-json\/wp\/v2\/users\/1"}],"replies":[{"embeddable":true,"href":"https:\/\/derechosinfronteras.pe\/ingles\/wp-json\/wp\/v2\/comments?post=4507"}],"version-history":[{"count":0,"href":"https:\/\/derechosinfronteras.pe\/ingles\/wp-json\/wp\/v2\/posts\/4507\/revisions"}],"wp:featuredmedia":[{"embeddable":true,"href":"https:\/\/derechosinfronteras.pe\/ingles\/wp-json\/wp\/v2\/media\/4508"}],"wp:attachment":[{"href":"https:\/\/derechosinfronteras.pe\/ingles\/wp-json\/wp\/v2\/media?parent=4507"}],"wp:term":[{"taxonomy":"category","embeddable":true,"href":"https:\/\/derechosinfronteras.pe\/ingles\/wp-json\/wp\/v2\/categories?post=4507"},{"taxonomy":"post_tag","embeddable":true,"href":"https:\/\/derechosinfronteras.pe\/ingles\/wp-json\/wp\/v2\/tags?post=4507"}],"curies":[{"name":"wp","href":"https:\/\/api.w.org\/{rel}","templated":true}]}}