{"id":4511,"date":"2019-01-10T19:08:13","date_gmt":"2019-01-11T00:08:13","guid":{"rendered":"http:\/\/derechosinfronteras.pe\/?p=4403"},"modified":"2019-01-10T19:08:13","modified_gmt":"2019-01-11T00:08:13","slug":"fuerabamba-y-ministerio-de-transporte-y-comunicaciones-inician-dialogo","status":"publish","type":"post","link":"https:\/\/derechosinfronteras.pe\/ingles\/fuerabamba-y-ministerio-de-transporte-y-comunicaciones-inician-dialogo\/","title":{"rendered":"Fuerabamba y Ministerio de Transporte  y Comunicaciones inician di\u00e1logo"},"content":{"rendered":"<blockquote><p>El Presidente de la comunidad campesina de Fuerabamba, Gregorio Rojas ha informado que el viernes 18 de enero del presente a\u00f1o, se desarrollar\u00e1 en Yavi Yavi \u2013 Chumbivilcas una reuni\u00f3n con el Ministerio de Transportes y Comunicaciones (MTC), otras instancias del Ejecutivo y la empresa minera MMG Las Bambas con el objetivo de dar soluci\u00f3n a las demandas de su comunidad.<\/p><\/blockquote>\n<p>Hoy, 10 de enero, en la ciudad imperial del Cusco se desarroll\u00f3 la reuni\u00f3n entre la comunidad campesina de Fuerabamba, el director de Asuntos Medio Ambientales del Ministerio de Transportes y Comunicaciones, Pastor Paredes, la comisionada de la Secretaria de Gesti\u00f3n Social y Di\u00e1logo de la Presidencia del Consejo de Ministros, Jackelin Mellado, el Congresista, Edgar Ochoa Pezo.<\/p>\n<p>Dentro de los compromisos que asumi\u00f3 el MTC es convocar a todas las instancias involucradas en y que tienen responsabilidad en la construcci\u00f3n irregular de la carretera, Gobierno Regional del Cusco, municipio provincial de Chumbivilcas, autoridades distritales y a la empresa minera Las Bambas, a fin de compartir el Expediente t\u00e9cnico de dicha construcci\u00f3n.El MTC tambi\u00e9n se comprometi\u00f3 a realizar el pago por afectaciones prediales a la comunidad de Fuerabamba, el viernes 18 tendr\u00eda que aprobarse un cronograma de trabajo.<\/p>\n<p>Por \u00faltimo, el congresista Edgar Ochoa Pezo, insisti\u00f3 para incluir en el acta de reuni\u00f3n su pedido de levantamiento del Estado de Emergencia en el corredor minero, aspecto que debe ser evaluado por el Consejo de Ministros.<\/p>\n<p>C\u00f3mo es de conocimiento p\u00fablico la comunidad de Fuerabamba cuestiona la reclasificaci\u00f3n como Ruta Nacional de la v\u00eda que atraviesa el ex Fundo Yavi Yavi, y denuncia que la empresa MMG Las Bambas construy\u00f3 el tramo de la v\u00eda que atraviesa sus territorios sin consulta alguna, tal como lo exige la Ley N\u00b0 26505, Ley de Tierras. Fuerabamba ha presentado una demanda judicial de nulidad de acto jur\u00eddico y pago de indemnizaci\u00f3n de da\u00f1os y perjuicios contra la empresa minera en menci\u00f3n<\/p>\n<figure id=\"attachment_4409\" aria-describedby=\"caption-attachment-4409\" style=\"width: 349px\" class=\"wp-caption aligncenter\"><img fetchpriority=\"high\" decoding=\"async\" class=\"wp-image-4409\" src=\"http:\/\/derechosinfronteras.pe\/wp-content\/uploads\/2019\/01\/Acta-Fuerabamba-221x300.jpg\" alt=\"\" width=\"349\" height=\"474\" \/><figcaption id=\"caption-attachment-4409\" class=\"wp-caption-text\">Acta de la reuni\u00f3n del 10 de enero.<\/figcaption><\/figure>\n<p><strong>Defensor\u00eda del Pueblo se pronuncia.<\/strong><\/p>\n<p>A trav\u00e9s de una nota de prensa, con fecha 09 de enero, la Defensor\u00eda del Pueblo se ha pronunciado condenando los enfrentamientos entre los comuneros de Fuerabamba y la Polic\u00eda Nacional del Per\u00fa que se suscitaron el pasado 08 de enero.<\/p>\n<p>En el comunicado manifiestan que han solicitado informaci\u00f3n al Ministerio de Transportes y Comunicaciones (MTC) sobre la decisi\u00f3n de declarar ruta nacional la v\u00eda que atraviesa la zona conocida como Yavi Yavi &#8211; Chumbivilcas, sin embargo no han obtenido ninguna respuesta.<\/p>\n<p>Adem\u00e1s se\u00f1alaron que el Adjunto para la Prevenci\u00f3n de Conflictos Sociales de la Defensor\u00eda del Pueblo, Rolando Luque, cuestiona que el gobierno nacional no ha sabido a llegar a ning\u00fan acuerdo con la comunidad, a pesar de haber tenido diferentes reuniones. Finalmente exhortan al gobierno a esclarecer \u2018de manera definitiva la situaci\u00f3n jur\u00eddica de este caso y se genere una soluci\u00f3n que ponga fin a este conflicto\u2019.<\/p>\n<div class=\"fb-video\" data-allowfullscreen=\"true\" data-href=\"https:\/\/www.facebook.com\/derechossinfronteras.pe\/videos\/531043537382282\/\" style=\"background-color: #fff; display: inline-block;\"><\/div>","protected":false},"excerpt":{"rendered":"<p>El Presidente de la comunidad campesina de Fuerabamba, Gregorio Rojas ha informado que el viernes 18 de enero del presente a\u00f1o, se desarrollar\u00e1 en Yavi Yavi \u2013 Chumbivilcas una reuni\u00f3n con el Ministerio de Transportes y Comunicaciones (MTC), otras instancias del Ejecutivo y la empresa minera MMG Las Bambas con el objetivo de dar soluci\u00f3n [&hellip;]<\/p>\n","protected":false},"author":1,"featured_media":4512,"comment_status":"open","ping_status":"open","sticky":false,"template":"","format":"standard","meta":{"_monsterinsights_skip_tracking":false,"_monsterinsights_sitenote_active":false,"_monsterinsights_sitenote_note":"","_monsterinsights_sitenote_category":0,"_jetpack_memberships_contains_paid_content":false,"footnotes":"","jetpack_publicize_message":"","jetpack_publicize_feature_enabled":true,"jetpack_social_post_already_shared":false,"jetpack_social_options":{"image_generator_settings":{"template":"highway","default_image_id":0,"font":"","enabled":false},"version":2}},"categories":[1],"tags":[],"class_list":["post-4511","post","type-post","status-publish","format-standard","has-post-thumbnail","hentry","category-sin-categoria"],"blocksy_meta":[],"jetpack_publicize_connections":[],"jetpack_featured_media_url":"https:\/\/derechosinfronteras.pe\/wp-content\/uploads\/2019\/01\/Yavi-Yavi-e1547164702545.jpg","jetpack_sharing_enabled":true,"jetpack_likes_enabled":true,"_links":{"self":[{"href":"https:\/\/derechosinfronteras.pe\/ingles\/wp-json\/wp\/v2\/posts\/4511","targetHints":{"allow":["GET"]}}],"collection":[{"href":"https:\/\/derechosinfronteras.pe\/ingles\/wp-json\/wp\/v2\/posts"}],"about":[{"href":"https:\/\/derechosinfronteras.pe\/ingles\/wp-json\/wp\/v2\/types\/post"}],"author":[{"embeddable":true,"href":"https:\/\/derechosinfronteras.pe\/ingles\/wp-json\/wp\/v2\/users\/1"}],"replies":[{"embeddable":true,"href":"https:\/\/derechosinfronteras.pe\/ingles\/wp-json\/wp\/v2\/comments?post=4511"}],"version-history":[{"count":0,"href":"https:\/\/derechosinfronteras.pe\/ingles\/wp-json\/wp\/v2\/posts\/4511\/revisions"}],"wp:featuredmedia":[{"embeddable":true,"href":"https:\/\/derechosinfronteras.pe\/ingles\/wp-json\/wp\/v2\/media\/4512"}],"wp:attachment":[{"href":"https:\/\/derechosinfronteras.pe\/ingles\/wp-json\/wp\/v2\/media?parent=4511"}],"wp:term":[{"taxonomy":"category","embeddable":true,"href":"https:\/\/derechosinfronteras.pe\/ingles\/wp-json\/wp\/v2\/categories?post=4511"},{"taxonomy":"post_tag","embeddable":true,"href":"https:\/\/derechosinfronteras.pe\/ingles\/wp-json\/wp\/v2\/tags?post=4511"}],"curies":[{"name":"wp","href":"https:\/\/api.w.org\/{rel}","templated":true}]}}