{"id":4515,"date":"2018-12-20T10:51:15","date_gmt":"2018-12-20T15:51:15","guid":{"rendered":"http:\/\/derechosinfronteras.pe\/?p=4386"},"modified":"2018-12-20T10:51:15","modified_gmt":"2018-12-20T15:51:15","slug":"balance-2018-experiencia-de-monitoreo-ambiental-en-cusco","status":"publish","type":"post","link":"https:\/\/derechosinfronteras.pe\/ingles\/balance-2018-experiencia-de-monitoreo-ambiental-en-cusco\/","title":{"rendered":"Balance 2018: Experiencia de Monitoreo Ambiental en Cusco"},"content":{"rendered":"<blockquote>\n<p style=\"text-align: right;\"><span style=\"color: #3a696e;\"><strong>Por Fredy Choquemallco <\/strong><\/span><br \/>\n<span style=\"color: #3a696e;\"><strong>\u00c1rea Derechos Colectivos y Medio Ambiente, DHSF<\/strong><\/span><\/p>\n<\/blockquote>\n<h3 style=\"text-align: center;\"><span style=\"color: #3a696e;\"><strong>\u201cLas comunidades campesinas son las que conocen sus territorios, y tienen el derecho a gestionar, vigilar, opinar y discutir sobre los recursos naturales, los posibles impactos negativos y vivir en un ambiente sano e equilibrado\u201d<\/strong><\/span><\/h3>\n<p>A inicios del a\u00f1o 2018, el Ministerio de Econom\u00eda y Finanzas (MEF) detall\u00f3 que el Per\u00fa tiene una cartera de 49 proyectos de inversi\u00f3n minera, en los \u00faltimos 10 a\u00f1os. La miner\u00eda ha generado un crecimiento importante en el pa\u00eds, sin embargo, trajo consigo diversos conflictos frente a los impactos ambientales que cierto sector de la actividad minera genera, entre las consecuencias ambientales esta la afectaci\u00f3n al agua.<\/p>\n<p>En este contexto surgen nuevas paradigmas y formas de participaci\u00f3n comunitaria, tales como los C<span style=\"color: #3a696e;\"><strong>omit\u00e9s de Vigilancia y Monitoreo Ambiental C<\/strong><\/span><span style=\"color: #3a696e;\"><strong>omunitario (CVMAC)<\/strong><\/span>, que se originan con la finalidad de mejorar la participaci\u00f3n de las comunidades y autoridades de competencia ambiental y territorial frente a las inversiones mineras, as\u00ed como tambi\u00e9n generar lazos de confianza y participaci\u00f3n activa y real de la sociedad, con mecanismos que permitan vigilar y conocer qu\u00e9 impactos genera la actividad minera en sus diferentes etapas.<\/p>\n<p>En espec\u00edfico, en la provincia cusque\u00f1a de Espinar, una de las actividades econ\u00f3micas de inter\u00e9s nacional es la minera frente a las actividades econ\u00f3micas que desarrollan las comunidades campesinas, como la ganader\u00eda y la agricultura, por ende, los conflictos, como en muchas zonas del pa\u00eds, siguen surgiendo por el acceso a agua de calidad y en cantidad; frente a este escenario surge la <span style=\"color: #3a696e;\"><strong>Asociaci\u00f3n de Vigilantes y Monitores Ambientales de Espinar (AVMAE)<\/strong><\/span>, que se conform\u00f3 el 27 de octubre del 2017, y se formaliz\u00f3 legalmente el 28 de agosto del 2018. Este espacio de participaci\u00f3n lo integran comunidades, l\u00edderes, estudiantes y organizaciones de sociedad civil, y se dedican a promover y contribuir en la protecci\u00f3n de la calidad ambiental, en especial de sus propios recursos h\u00eddricos, a trav\u00e9s de la vigilancia y monitoreo comunitario en las subcuencas hidrogr\u00e1ficas de la provincia de Espinar.<\/p>\n<p>La AVMAE, durante el 2018 ha venido trabajando con tres l\u00edneas de acci\u00f3n:<br \/>\n<span style=\"color: #3a696e;\"><strong>1) Fortalecimiento de Capacidades<\/strong><\/span>; involucra la capacitaci\u00f3n interna de la Asociaci\u00f3n y la capacitaci\u00f3n de las comunidades sobre gesti\u00f3n, vigilancia y monitoreo de los recursos h\u00eddricos con enfoque de cuenca. 2) <span style=\"color: #3a696e;\"><strong>Vigilancia y monitoreo<\/strong><\/span>; impulsar y ejecutar el monitoreo comunitario de la calidad del agua en la cuenca Ca\u00f1ipia, r\u00e9plica de monitoreo en la comunidad de <span style=\"color: #3a696e;\"><strong>Huinicoroccohuayco y Oquebamba<\/strong><\/span>, sistematizaci\u00f3n del informe de monitoreo comunitario del agua, participaci\u00f3n, involucramiento y articulaci\u00f3n con las comunidades campesinas en el monitoreo de contra-muestra de la calidad de las aguas superficiales y sedimento realizado por la Autoridad Nacional del Agua en la cuenca <span style=\"color: #3a696e;\"><strong>Salado y Ca\u00f1ip\u00eda<\/strong><\/span>; e <strong><span style=\"color: #3a696e;\">3) Incidencia<\/span><\/strong>; trabajar en el reconocimiento legal de la asociaci\u00f3n en registros p\u00fablicos, organizaci\u00f3n y participaci\u00f3n de foros y campa\u00f1as de sensibilizaci\u00f3n en el marco del d\u00eda mundial de agua y medio ambiente, participaci\u00f3n en eventos p\u00fablicos y compartir de experiencias para la construcci\u00f3n y mejora de la gesti\u00f3n social comunitaria del agua en los diferentes territorios y contextos, participaci\u00f3n y aporte en el <strong><span style=\"color: #3a696e;\">Congreso de la Rep\u00fablica sobre la modificatoria al proyecto de (Ley 336\/2016 \u2013 CR)<\/span>\u00b9\u00a0<\/strong>impulsada por la congresista Mar\u00eda Elena Foronda Farro sobre la ley que articula la VMAC.<\/p>\n<p>Los principales logros del AVMAE han sido la conformaci\u00f3n y constituci\u00f3n legal de la asociaci\u00f3n que permitir\u00e1 el mejor desempe\u00f1o y participaci\u00f3n en espacios de concertaci\u00f3n, fortalecimiento de capacidades y las acciones permanentes de la vigilancia y monitoreo comunitario del agua en el r\u00edo Ca\u00f1ip\u00eda. Consideramos que a\u00fan existen desaf\u00edos, principalmente el reconocimiento de la experiencia de vigilancia y monitoreo comunitario del agua por el gobierno local, regional y\/o nacional, incidir en la promoci\u00f3n de iniciativas legislativas sobre vigilancia y monitoreo comunitario del agua para garantizar la calidad y cantidad de agua y la gesti\u00f3n integral de los recursos h\u00eddricos y finalmente la auto-sostenibilidad de la experiencia de vigilancia y monitoreo comunitario en lo econ\u00f3mico y organizacional.<\/p>\n<p>Creemos y apostamos por experiencias como la VMAC, porque puede estimular la participaci\u00f3n de las comunidades en el proceso de la generaci\u00f3n y apropiaci\u00f3n del conocimiento, que permita fomentar la toma de decisiones al interior y exterior de la comunidad y de cada l\u00edder en la defensa de sus derechos individuales y colectivos-derecho al acceso al agua de calidad y cantidad- y opinar sobre los posibles impactos que pueda generar las actividades econ\u00f3micas mineras que se ubican en las cabeceras de cuencas y que puede generar cambios negativos en el aspecto ambiental, econ\u00f3mico, social y cultural. Adem\u00e1s, consideramos que se debe articular estas experiencias comunitarias con el Sistema Nacional de Gesti\u00f3n Ambiental sobre las actividades que realiza la <span style=\"color: #3a696e;\"><strong>Autoridad Nacional del Agua (ANA)<\/strong><\/span>, el <span style=\"color: #3a696e;\"><strong>Organismo de Evaluaci\u00f3n y Fiscalizaci\u00f3n Ambiental (OEFA)<\/strong><\/span> y todas las entidades que tengan responsabilidad de garantizar a vivir en un ambiente sano y equilibrado en el presente y para las futuras generaciones.<\/p>\n<p>Esperamos que para el 2019, la experiencia de monitoreo comunitario en Espinar se fortalezca y logre mayor reconocimiento de la poblaci\u00f3n, que la iniciativa se pueda r\u00e9plicar en otras provincias donde existen actividades extractivas, y, que desde el Estado se trabaje para que los estudios realizados por este tipo de comit\u00e9s sean vinculantes<strong><span style=\"color: #3a696e;\">\u2022<\/span><\/strong><\/p>\n<hr \/>\n<blockquote><p>1 Ley de articulaci\u00f3n de la vigilancia y el monitoreo ambiental y social, ciudadano e ind\u00edgena en el sistema nacional de gesti\u00f3n ambiental.<\/p><\/blockquote>\n<p>&nbsp;<\/p>\n<div class=\"fb-video\" data-allowfullscreen=\"true\" data-href=\"https:\/\/www.facebook.com\/derechossinfronteras.pe\/videos\/1572093756242480\/\" style=\"background-color: #fff; display: inline-block;\"><\/div>","protected":false},"excerpt":{"rendered":"<p>Por Fredy Choquemallco \u00c1rea Derechos Colectivos y Medio Ambiente, DHSF \u201cLas comunidades campesinas son las que conocen sus territorios, y tienen el derecho a gestionar, vigilar, opinar y discutir sobre los recursos naturales, los posibles impactos negativos y vivir en un ambiente sano e equilibrado\u201d A inicios del a\u00f1o 2018, el Ministerio de Econom\u00eda y [&hellip;]<\/p>\n","protected":false},"author":1,"featured_media":4516,"comment_status":"open","ping_status":"open","sticky":false,"template":"","format":"standard","meta":{"_monsterinsights_skip_tracking":false,"_monsterinsights_sitenote_active":false,"_monsterinsights_sitenote_note":"","_monsterinsights_sitenote_category":0,"_jetpack_memberships_contains_paid_content":false,"footnotes":"","jetpack_publicize_message":"","jetpack_publicize_feature_enabled":true,"jetpack_social_post_already_shared":false,"jetpack_social_options":{"image_generator_settings":{"template":"highway","default_image_id":0,"font":"","enabled":false},"version":2}},"categories":[1],"tags":[],"class_list":["post-4515","post","type-post","status-publish","format-standard","has-post-thumbnail","hentry","category-sin-categoria"],"blocksy_meta":[],"jetpack_publicize_connections":[],"jetpack_featured_media_url":"https:\/\/derechosinfronteras.pe\/wp-content\/uploads\/2018\/12\/Monitoreo2018-1-e1545321459700.jpg","jetpack_sharing_enabled":true,"jetpack_likes_enabled":true,"_links":{"self":[{"href":"https:\/\/derechosinfronteras.pe\/ingles\/wp-json\/wp\/v2\/posts\/4515","targetHints":{"allow":["GET"]}}],"collection":[{"href":"https:\/\/derechosinfronteras.pe\/ingles\/wp-json\/wp\/v2\/posts"}],"about":[{"href":"https:\/\/derechosinfronteras.pe\/ingles\/wp-json\/wp\/v2\/types\/post"}],"author":[{"embeddable":true,"href":"https:\/\/derechosinfronteras.pe\/ingles\/wp-json\/wp\/v2\/users\/1"}],"replies":[{"embeddable":true,"href":"https:\/\/derechosinfronteras.pe\/ingles\/wp-json\/wp\/v2\/comments?post=4515"}],"version-history":[{"count":0,"href":"https:\/\/derechosinfronteras.pe\/ingles\/wp-json\/wp\/v2\/posts\/4515\/revisions"}],"wp:featuredmedia":[{"embeddable":true,"href":"https:\/\/derechosinfronteras.pe\/ingles\/wp-json\/wp\/v2\/media\/4516"}],"wp:attachment":[{"href":"https:\/\/derechosinfronteras.pe\/ingles\/wp-json\/wp\/v2\/media?parent=4515"}],"wp:term":[{"taxonomy":"category","embeddable":true,"href":"https:\/\/derechosinfronteras.pe\/ingles\/wp-json\/wp\/v2\/categories?post=4515"},{"taxonomy":"post_tag","embeddable":true,"href":"https:\/\/derechosinfronteras.pe\/ingles\/wp-json\/wp\/v2\/tags?post=4515"}],"curies":[{"name":"wp","href":"https:\/\/api.w.org\/{rel}","templated":true}]}}