{"id":4519,"date":"2018-12-19T18:18:12","date_gmt":"2018-12-19T23:18:12","guid":{"rendered":"http:\/\/derechosinfronteras.pe\/?p=4380"},"modified":"2018-12-19T18:18:12","modified_gmt":"2018-12-19T23:18:12","slug":"las-sorpresas-de-la-crisis-politica","status":"publish","type":"post","link":"https:\/\/derechosinfronteras.pe\/ingles\/las-sorpresas-de-la-crisis-politica\/","title":{"rendered":"Las sorpresas de la crisis pol\u00edtica"},"content":{"rendered":"<blockquote>\n<p style=\"text-align: right;\"><strong><span style=\"color: #3a696e;\">Por Wilson Chilo<\/span><\/strong><br \/>\n<strong><span style=\"color: #3a696e;\">Editor <a href=\"https:\/\/www.facebook.com\/pulsoregionalcusco\/\" target=\"_blank\" rel=\"noopener\">\u2018Pulso Regional\u2019<\/a><\/span><\/strong><\/p>\n<\/blockquote>\n<p>Camino al Bicentenario de nuestra Rep\u00fablica, en hora buena, han saltado a la luz todas las contradicciones y procesos inconclusos de la formaci\u00f3n de nuestra Naci\u00f3n y Estado; \u00e9stas se han expresado en la mayor crisis pol\u00edtica despu\u00e9s de m\u00e1s de una d\u00e9cada y tras tres gobiernos post dictadura de Alberto Fujimori.<\/p>\n<p>Muchos coinciden que esta crisis pol\u00edtica se ha agudizado con algunas particularidades del inicio de gobierno de PPK; la derrota de Keiko Fujimori, la amplia mayor\u00eda en el Congreso de la Rep\u00fablica por parte de Fuerza Popular y la victoria de PPK con el voto anti fujimorista. Tras un primer a\u00f1o de convivencia y negociados tras la mesa por parte de los poderes del Estado, con el indulto a Alberto Fujimori y la vacancia de PPK se abre una etapa y crisis de r\u00e9gimen que hasta el momento no se ha cerrado.La sociedad civil y sus organizaciones hemos sido espectadores de las idas y vueltas de esta crisis pol\u00edtica, el factor \u201cindignaci\u00f3n por la corrupci\u00f3n\u201d nos ha empujado a tener que levantar la voz, escuchar los audios de la verg\u00fcenza y como los Magistrados utilizaban sus cargos para convertirse en una organizaci\u00f3n criminal, esto ha generado un movimiento nacional que se ha expresado en paros y movilizaciones en todas las regiones del pa\u00eds; reci\u00e9n con la gente en las calles el gobierno de Mart\u00edn Vizcarra se ha sentido con el respaldo para enfrentar a Fuerza Popular, plantear la cuesti\u00f3n de confianza al Congreso de la Rep\u00fablica e impulsar el Refer\u00e9ndum con cuatro reformas.<\/p>\n<p>De ah\u00ed para adelante la lucha contra la corrupci\u00f3n ha marcado la agenda y le ha devuelto algo de esperanza a la gente, no es casual que el Fiscal Domingo P\u00e9rez y el Juez Carlos Carhuancho se hayan convertido en los baluartes y h\u00e9roes de este momento; en cada vivienda, centro laboral y espacio p\u00fablico, como si estuvi\u00e9ramos en pleno mundial; la ciudadan\u00eda se ha pegado a sus monitores y sintonizado la TV para apreciar como aquel sector que era el m\u00e1s poderoso era sentado en el banquillo de los acusados. Ver a Keiko Fujimori con el chaleco de \u201cDetenido\u201d y a todo su n\u00facleo duro, siendo desnudados ante la opini\u00f3n p\u00fablica tras la acusaci\u00f3n de lavar dinero y ser una organizaci\u00f3n criminal dentro de su partido pol\u00edtico, es un hecho que quedar\u00e1 en la historia, muy aparte de su desenlace.<\/p>\n<p>Est\u00e1bamos con la idea de que en nuestro pa\u00eds hab\u00eda intocables y l\u00edderes pol\u00edticos que no caer\u00edan, claro, en este grupo no estaba Ollanta Humala que ya hab\u00eda pasado una prisi\u00f3n preventiva y tampoco Alejandro Toledo que ya hab\u00eda fugado \u2013de miedo- del pa\u00eds. El otro remes\u00f3n fue el pedido de asilo de Al\u00e1n Garc\u00eda P\u00e9rez, el rechazo de Uruguay y tener contra la pared a la bancada aprista; de hecho esta situaci\u00f3n no se ha cerrado; s\u00f3lo las malas ma\u00f1as del aprismo pueden poner en jaque al gobierno de Vizcarra, primero indicando de qu\u00e9 no hab\u00edan garant\u00edas democr\u00e1ticas en el pa\u00eds y ahora acusando de chuponeo al gobierno. Toda una cortina de humo que intentaba opacar el intento de Fuerza Popular para debilitar la lucha contra las organizaciones criminales dentro de partidos pol\u00edticos como el fujimorismo y el APRA.<\/p>\n<p><span style=\"color: #3a696e;\"><strong>Post Refer\u00e9ndum y la continuidad del modelo econ\u00f3mico<\/strong><\/span><\/p>\n<p>Lo que se vaya a decidir este 09 de diciembre va ser determinante para nuestra regi\u00f3n y el pa\u00eds, lo primero que podemos marcar es el devenir de la coyuntura nacional, hay algunos temas que el Cusco necesita una respuesta y est\u00e1 a la espera de la voluntad pol\u00edtica del gobierno de Mart\u00edn Vizcarra; uno de ellos es el tema del gas; se ha contratado a una consultora brit\u00e1nica para que decida sobre el futuro energ\u00e9tico del pa\u00eds y especialmente del sur.<br \/>\nLa preocupaci\u00f3n radica, hasta el momento Mart\u00edn Vizcarra no ha dado un viraje en la pol\u00edtica econ\u00f3mica del pa\u00eds, si bien en el \u00faltimo CADE ha anunciado que no existe persecuci\u00f3n pol\u00edtica a los empresarios y claro, tampoco existen discrepancias de fondo con ellos. Respecto a la miner\u00eda este gobierno ha seguido impulsando los estados de emergencia y ha mantenido la pol\u00edtica tributaria en donde son beneficiados estas grandes transnacionales.<\/p>\n<p>En ese mismo sentido y siguiendo el modelo neoliberal, el Ejecutivo est\u00e1 impulsando el Plan Nacional de Competitividad y Productividad, esta iniciativa afectar\u00eda los derechos laborales m\u00e1s b\u00e1sicos, por ejemplo, eliminar la reposici\u00f3n como reparaci\u00f3n ante despido, reducir el monto de las indemnizaciones por despido, rebajar los llamados costos no salariales, sin especificar si comprende vacaciones, gratificaciones y compensaci\u00f3n por tiempo de servicios.<br \/>\nPost refer\u00e9ndum va a ser importante la fiscalizaci\u00f3n de la ciudadan\u00eda para que se cumplan e implementen las reformas; pero a nivel de pol\u00edtica econ\u00f3mica el gobierno ha evidenciado ser continuidad.<\/p>\n<p>El otro nuevo momento que va afrontar el Cusco es el pr\u00f3ximo gobernador regional y sus autoridades locales; respecto a su visi\u00f3n que tienen de la regi\u00f3n y que han expuesto en la campa\u00f1a electoral no parece haber mucha diferencia entre ellos y se han agarrado de temas que incluso no va ser de su competencia y que son los grandes desaf\u00edos, Aeropuerto de Chinchero (vamos a ver si plantean modificaciones para cuidar el patrimonio cultural de esa zona), Hospital Lorena y los casos de corrupci\u00f3n que est\u00e1 inmerso; V\u00eda Evitamiento, la diversificaci\u00f3n productiva de la regi\u00f3n, gaseoducto del sur, entre otros temas. <span style=\"color: #3a696e;\"><strong>Lo importante va a ser fortalecer los mecanismos ciudadanos para fiscalizar e imponer una pol\u00edtica para beneficio de los cusque\u00f1os y cusque\u00f1as, por ah\u00ed va nuestro principal reto\u2022<\/strong><\/span><\/p>","protected":false},"excerpt":{"rendered":"<p>Por Wilson Chilo Editor \u2018Pulso Regional\u2019 Camino al Bicentenario de nuestra Rep\u00fablica, en hora buena, han saltado a la luz todas las contradicciones y procesos inconclusos de la formaci\u00f3n de nuestra Naci\u00f3n y Estado; \u00e9stas se han expresado en la mayor crisis pol\u00edtica despu\u00e9s de m\u00e1s de una d\u00e9cada y tras tres gobiernos post dictadura [&hellip;]<\/p>\n","protected":false},"author":1,"featured_media":4520,"comment_status":"open","ping_status":"open","sticky":false,"template":"","format":"standard","meta":{"_monsterinsights_skip_tracking":false,"_monsterinsights_sitenote_active":false,"_monsterinsights_sitenote_note":"","_monsterinsights_sitenote_category":0,"_jetpack_memberships_contains_paid_content":false,"footnotes":"","jetpack_publicize_message":"","jetpack_publicize_feature_enabled":true,"jetpack_social_post_already_shared":false,"jetpack_social_options":{"image_generator_settings":{"template":"highway","default_image_id":0,"font":"","enabled":false},"version":2}},"categories":[1],"tags":[],"class_list":["post-4519","post","type-post","status-publish","format-standard","has-post-thumbnail","hentry","category-sin-categoria"],"blocksy_meta":[],"jetpack_publicize_connections":[],"jetpack_featured_media_url":"https:\/\/derechosinfronteras.pe\/wp-content\/uploads\/2018\/12\/Pulso-Regional.jpg","jetpack_sharing_enabled":true,"jetpack_likes_enabled":true,"_links":{"self":[{"href":"https:\/\/derechosinfronteras.pe\/ingles\/wp-json\/wp\/v2\/posts\/4519","targetHints":{"allow":["GET"]}}],"collection":[{"href":"https:\/\/derechosinfronteras.pe\/ingles\/wp-json\/wp\/v2\/posts"}],"about":[{"href":"https:\/\/derechosinfronteras.pe\/ingles\/wp-json\/wp\/v2\/types\/post"}],"author":[{"embeddable":true,"href":"https:\/\/derechosinfronteras.pe\/ingles\/wp-json\/wp\/v2\/users\/1"}],"replies":[{"embeddable":true,"href":"https:\/\/derechosinfronteras.pe\/ingles\/wp-json\/wp\/v2\/comments?post=4519"}],"version-history":[{"count":0,"href":"https:\/\/derechosinfronteras.pe\/ingles\/wp-json\/wp\/v2\/posts\/4519\/revisions"}],"wp:featuredmedia":[{"embeddable":true,"href":"https:\/\/derechosinfronteras.pe\/ingles\/wp-json\/wp\/v2\/media\/4520"}],"wp:attachment":[{"href":"https:\/\/derechosinfronteras.pe\/ingles\/wp-json\/wp\/v2\/media?parent=4519"}],"wp:term":[{"taxonomy":"category","embeddable":true,"href":"https:\/\/derechosinfronteras.pe\/ingles\/wp-json\/wp\/v2\/categories?post=4519"},{"taxonomy":"post_tag","embeddable":true,"href":"https:\/\/derechosinfronteras.pe\/ingles\/wp-json\/wp\/v2\/tags?post=4519"}],"curies":[{"name":"wp","href":"https:\/\/api.w.org\/{rel}","templated":true}]}}