{"id":4521,"date":"2018-12-19T18:11:44","date_gmt":"2018-12-19T23:11:44","guid":{"rendered":"http:\/\/derechosinfronteras.pe\/?p=4376"},"modified":"2018-12-19T18:11:44","modified_gmt":"2018-12-19T23:11:44","slug":"2018-defensoras-y-la-violencia-de-genero-en-conflictos-ecoterritoriales","status":"publish","type":"post","link":"https:\/\/derechosinfronteras.pe\/ingles\/2018-defensoras-y-la-violencia-de-genero-en-conflictos-ecoterritoriales\/","title":{"rendered":"2018: Defensoras y la violencia de g\u00e9nero  en conflictos ecoterritoriales"},"content":{"rendered":"<blockquote>\n<p style=\"text-align: right;\"><span style=\"color: #3a696e;\"><strong>Por Soc. Jessenia Casani Castillo<\/strong><\/span><br \/>\n<span style=\"color: #3a696e;\"><strong>DEMUS &#8211; Responsable de la Regi\u00f3n de Cajamarca<\/strong><\/span><\/p>\n<\/blockquote>\n<p>A nivel de la pol\u00edtica nacional contra la violencia de g\u00e9nero, este 2018 se han tenido avances pero no en la dimensi\u00f3n que se requiere para enfrentar el patriarcado y cultura machista en nuestra sociedad. Se han dado avances con algunas modificaciones normativas que eran necesarias para subsanar los vac\u00edos de la Ley Nro. 30364, Ley contra la violencia hacia la mujer y los integrantes del grupo familiar, y su Reglamento. Se ha tomado importancia a esta problem\u00e1tica desde el m\u00e1s alto nivel del Estado, pero no desde las instancias establecidas en la Ley Nro. 30364 y el Plan Nacional Contra la Violencia de G\u00e9nero (PNCVDG), debilitando la institucionalidad y los mecanismos ya establecidos, creando un espacio paralelo con la \u201cComisi\u00f3n de emergencia\u201d y perdiendo de vista mecanismos claves como son la aprobaci\u00f3n del Protocolo Nacional Base de Actuaci\u00f3n Conjunta para la Atenci\u00f3n de la violencia, el Centro de Altos Estudios, el Registro de V\u00edctimas y Agresores, y el fortalecimiento del Observatorio Nacional contra la Violencia de G\u00e9nero.<\/p>\n<p>Sumado a lo se\u00f1alado, es preciso a\u00f1adir como desaf\u00edo importante el abordaje de las diecis\u00e9is modalidades de violencia de g\u00e9nero establecidas en el PNCVDG, en especial la violencia de g\u00e9nero en conflictos ecoterritoriales, o violencia en conflictos sociales como est\u00e1 nombrada en el PNCVDG. Modalidad de violencia que se mantiene invisibilizada, que no cuenta con data oficial o investigaciones a pesar de ya haber sido lanzado desde el Estado el Observatorio Nacional contra la Violencia de G\u00e9nero, que es uno de los mecanismos establecidos en la Ley 30364. Desde sociedad civil organizada hemos contribuido con el libro \u201cMujeres y conflictos ecoterritoriales\u201d, que recoge las voces de las mujeres defensoras de cuerpos y territorios dando cuenta de las violencias vividas as\u00ed como sus resistencias frente al extractivismo y demandas para su buen vivir.<\/p>\n<p>Al ser una modalidad de violencia invisibilizada, las mujeres v\u00edctimas no reciben atenci\u00f3n y protecci\u00f3n adecuada ni especializada, ni se recibe sus denuncias para sancionar a sus agresores. Los servicios estatales que atienden violencia de g\u00e9nero, no han sido capacitados para reconocer esta modalidad de violencia ni para su abordaje. Mientras tanto, son muchas las mujeres defensoras, principalmente mujeres ind\u00edgenas, andinas y amaz\u00f3nicas, que en sus territorios con presencias de extractivas viven, de manera permanente, m\u00faltiples violencias por parte de trabajadores de las empresas, polic\u00edas y militares, periodistas y medios de comunicaci\u00f3n, autoridades locales y otros, con el \u00fanico objeto de castigar y neutralizar su labor de defensa de cuerpos y territorios.<\/p>\n<div class=\"fb-post\" data-href=\"https:\/\/www.facebook.com\/defensorasperu\/photos\/a.277849462672377\/509962142794440\/?type=3&#038;amp;amp;amp;amp;theater\" data-width=\"552\" style=\"background-color: #fff; display: inline-block;\"><\/div>\n<p>En territorios donde hay conflictos ecoterritoriales, donde hay una disputa por el control del territorio, tambi\u00e9n hay una disputa por el control del cuerpo de las mujeres, la violencia de g\u00e9nero se hace presente y se exacerba. Se exacerba por ejemplo la violencia en relaciones de pareja, la violaci\u00f3n sexual, la violencia patrimonial, y se hace presente la trata con fines de explotaci\u00f3n sexual. Pero adem\u00e1s, la violencia de g\u00e9nero se utiliza como mecanismo de ataque hacia las mujeres que deciden desarrollar una labor de defensa de sus cuerpos y territorios, ataque a las que deciden defender sus tierras, su medioambiente, sus r\u00edos y lagunas, sus saberes y culturas, sus cuerpos, su autonom\u00eda, sus derechos, su sexualidad, su reproducci\u00f3n, su salud, sus vidas dignas y libres de violencia.<\/p>\n<p>La violencia de g\u00e9nero que se usa para atacar a mujeres defensoras se ejerce mediante diversos tipos, f\u00edsica, sexual, sicol\u00f3gica y patrimonial, tambi\u00e9n es ejercida en diversos contextos, durante estados de emergencia, en situaciones de protestas, en detenciones, en procesos de criminalizaci\u00f3n, y en situaciones cotidianas de conflicto latente.<br \/>\nLa violencia sexual vuelve a ser, como en el conflicto armado interno, la principal violencia usada contra las mujeres, en este contexto para amedrentar, humillar, denigrar y frenar la labor de las mujeres defensoras. Vuelve a ser usada como estrategia de ataque para controlar cuerpos y anular la actuaci\u00f3n de defensa que realizan. Us\u00e1ndola de diversas formas, a trav\u00e9s de insultos de connotaci\u00f3n sexual con carga mis\u00f3gina y racista, muchas veces usados en protestas o campa\u00f1as de difamaci\u00f3n en medios de comunicaci\u00f3n, a trav\u00e9s de notas escritas de amenaza de violaci\u00f3n o hechas a trav\u00e9s de terceras personas, a trav\u00e9s de tocamientos no consentidos en represi\u00f3n y rasgamiento de ropa para que queden expuestas partes de sus cuerpos, a trav\u00e9s de llamadas, mensajes de textos o uso de redes sociales para acosarlas sexualmente, entre otros.<\/p>\n<p>Toda esta violencia de g\u00e9nero contra mujeres defensoras debe ser de especial preocupaci\u00f3n y atenci\u00f3n para el Estado peruano. Por tanto, se requiere aprobaci\u00f3n urgente de una Pol\u00edtica P\u00fablica de protecci\u00f3n integral a personas defensoras, donde se aborde el impacto de g\u00e9nero y se establezcan medidas y mecanismos adecuados para frenar estos ataques a mujeres defensoras.<\/p>\n<p>Esta pol\u00edtica debe contener lineamientos claros de prevenci\u00f3n para promover el reconocimiento de la labor de las personas defensoras de derechos humanos, reconocer y transmitir a nuestra sociedad el valor de contar con mujeres defensoras organizadas en nuestros territorios; lineamientos de atenci\u00f3n y protecci\u00f3n especializada para cuando una defensora sufre ataques que incluyen violencia de g\u00e9nero; y lineamientos de no impunidad que favorezcan la investigaci\u00f3n y sanci\u00f3n de las personas, grupos, empresas e instituciones p\u00fablicas que han ejercido esta modalidad de violencia. Necesitamos adem\u00e1s que el PNCVDG y la Ley Nro. 30364 sean implementados y usado para enfrentar esta violencia. Requerimos que el Observatorio Nacional contra la Violencia de G\u00e9nero vaya generando data oficial a trav\u00e9s de investigaciones y registros de esta modalidad de violencia de g\u00e9nero. Necesitamos con urgencia el Centro de Altos Estudios formando a las autoridades y funcionariado para una respuesta y atenci\u00f3n especializada que logre frenar esta violencia y garantizar acceso a la justicia a las defensoras afectadas. Necesitamos mayores servicios, como los Centros de Salud Mental en los territorios altamente afectados por conflictos ecoterritoriales, para trabajar la salud mental comunitaria, promoviendo la labor de las defensoras y garantizando su actuaci\u00f3n libres de ataque y violencia de g\u00e9nero.<\/p>\n<div class=\"fb-post\" data-href=\"https:\/\/www.facebook.com\/derechossinfronteras.pe\/photos\/a.741549455963585\/1897563963695456\/?type=3&#038;theater\" data-width=\"552\" style=\"background-color: #fff; display: inline-block;\"><\/div>\n<p>Requerimos protocolos de actuaci\u00f3n en zonas rurales y comunidades ind\u00edgenas, andinas y amaz\u00f3nicas, para una respuesta efectiva por parte de las autoridades que se encuentran m\u00e1s cercanas a las defensoras andinas y amaz\u00f3nicas, como los tenientes gobernadores, jueces y juezas de paz, autoridades ind\u00edgenas, entre otros; ello permitir\u00e1 una protecci\u00f3n r\u00e1pida y el cese del ataque. Necesitamos mayor capacitaci\u00f3n en el manejo de la Ley Nro. 30364 por parte de operadores de justicia para aplicarla adecuadamente en los casos de violencia de g\u00e9nero en conflictos ecoterritoriales, no es posible que se siga pensando que la violencia de g\u00e9nero solo es aquella ejercida por la pareja y que por dicho razonamiento se archiven casos de violencia ejercidas por personal policial y de empresas mineras. Actualmente. Demus y Grufides, acompa\u00f1an una solicitud de petici\u00f3n ante la Comisi\u00f3n Interamericana de Derechos Humanos por negaci\u00f3n de acceso a la justicia de mujer defensora v\u00edctima de violencia de g\u00e9nero en conflictos ecoterritoriales, pues no obtuvo una respuesta\u00a0estatal adecuada a pesar de que la norma es clara y contempla este tipo de violencia ejercido por terceros como empresas y representantes del Estado.<\/p>\n<p>Porque no queremos m\u00e1s violencia y muertes de mujeres defensoras, demandamos que esta modalidad de violencia no siga m\u00e1s invisibilizada, que las mujeres ind\u00edgenas, andinas y amaz\u00f3nicas, puedan desarrollar su labor de defensa libres de violencia, labor de defensa de cuerpos y territorios que benefician a todas y todos<span style=\"color: #3a696e;\"><strong>\u2022<\/strong><\/span><\/p>\n<div class=\"fb-video\" data-allowfullscreen=\"true\" data-href=\"https:\/\/www.facebook.com\/derechossinfronteras.pe\/videos\/1995460497413144\/\" style=\"background-color: #fff; display: inline-block;\"><\/div>","protected":false},"excerpt":{"rendered":"<p>Por Soc. Jessenia Casani Castillo DEMUS &#8211; Responsable de la Regi\u00f3n de Cajamarca A nivel de la pol\u00edtica nacional contra la violencia de g\u00e9nero, este 2018 se han tenido avances pero no en la dimensi\u00f3n que se requiere para enfrentar el patriarcado y cultura machista en nuestra sociedad. Se han dado avances con algunas modificaciones [&hellip;]<\/p>\n","protected":false},"author":1,"featured_media":4522,"comment_status":"open","ping_status":"open","sticky":false,"template":"","format":"standard","meta":{"_monsterinsights_skip_tracking":false,"_monsterinsights_sitenote_active":false,"_monsterinsights_sitenote_note":"","_monsterinsights_sitenote_category":0,"_jetpack_memberships_contains_paid_content":false,"footnotes":"","jetpack_publicize_message":"","jetpack_publicize_feature_enabled":true,"jetpack_social_post_already_shared":false,"jetpack_social_options":{"image_generator_settings":{"template":"highway","default_image_id":0,"font":"","enabled":false},"version":2}},"categories":[1],"tags":[],"class_list":["post-4521","post","type-post","status-publish","format-standard","has-post-thumbnail","hentry","category-sin-categoria"],"blocksy_meta":[],"jetpack_publicize_connections":[],"jetpack_featured_media_url":"https:\/\/derechosinfronteras.pe\/wp-content\/uploads\/2018\/12\/Defensoras-2018-e1545261096825.jpg","jetpack_sharing_enabled":true,"jetpack_likes_enabled":true,"_links":{"self":[{"href":"https:\/\/derechosinfronteras.pe\/ingles\/wp-json\/wp\/v2\/posts\/4521","targetHints":{"allow":["GET"]}}],"collection":[{"href":"https:\/\/derechosinfronteras.pe\/ingles\/wp-json\/wp\/v2\/posts"}],"about":[{"href":"https:\/\/derechosinfronteras.pe\/ingles\/wp-json\/wp\/v2\/types\/post"}],"author":[{"embeddable":true,"href":"https:\/\/derechosinfronteras.pe\/ingles\/wp-json\/wp\/v2\/users\/1"}],"replies":[{"embeddable":true,"href":"https:\/\/derechosinfronteras.pe\/ingles\/wp-json\/wp\/v2\/comments?post=4521"}],"version-history":[{"count":0,"href":"https:\/\/derechosinfronteras.pe\/ingles\/wp-json\/wp\/v2\/posts\/4521\/revisions"}],"wp:featuredmedia":[{"embeddable":true,"href":"https:\/\/derechosinfronteras.pe\/ingles\/wp-json\/wp\/v2\/media\/4522"}],"wp:attachment":[{"href":"https:\/\/derechosinfronteras.pe\/ingles\/wp-json\/wp\/v2\/media?parent=4521"}],"wp:term":[{"taxonomy":"category","embeddable":true,"href":"https:\/\/derechosinfronteras.pe\/ingles\/wp-json\/wp\/v2\/categories?post=4521"},{"taxonomy":"post_tag","embeddable":true,"href":"https:\/\/derechosinfronteras.pe\/ingles\/wp-json\/wp\/v2\/tags?post=4521"}],"curies":[{"name":"wp","href":"https:\/\/api.w.org\/{rel}","templated":true}]}}