{"id":4523,"date":"2018-12-19T18:02:47","date_gmt":"2018-12-19T23:02:47","guid":{"rendered":"http:\/\/derechosinfronteras.pe\/?p=4372"},"modified":"2018-12-19T18:02:47","modified_gmt":"2018-12-19T23:02:47","slug":"agendas-de-las-mujeres-rurales-warmikunaq-rimaynin","status":"publish","type":"post","link":"https:\/\/derechosinfronteras.pe\/ingles\/agendas-de-las-mujeres-rurales-warmikunaq-rimaynin\/","title":{"rendered":"Agendas de las mujeres rurales &#8216;Warmikunaq Rimaynin&#8217;"},"content":{"rendered":"<blockquote>\n<p style=\"text-align: right;\"><span style=\"color: #3a696e;\"><strong>Por Susi Sotalero<\/strong><\/span><br \/>\n<span style=\"color: #3a696e;\"><strong>\u00c1rea de Comunicaci\u00f3n e Incidencia, DHSF<\/strong><\/span><\/p>\n<\/blockquote>\n<p>La situaci\u00f3n de desigualdad y exclusi\u00f3n estructural que viven las mujeres de nuestro pa\u00eds, evidencia que existe un debilitamiento en la transversalizacion de la perspectiva de g\u00e9nero en los procesos que intentan mejorar la calidad de vida de las mujeres, principalmente de aquellas que viven en comunidades ind\u00edgenas, campesinas o zonas rurales.<br \/>\nLa falta de acceso a servicios p\u00fablicos b\u00e1sicos, la situaci\u00f3n de extrema pobreza y la violencia de g\u00e9nero permanente, son los principales problemas a los que se enfrentan a diario las mujeres rurales.<\/p>\n<p>Seg\u00fan las cifras registradas por el <span style=\"color: #3a696e;\"><strong>Ministerio de la Mujer y Poblaciones Vulnerables<\/strong><\/span> durante el 2018, en la regi\u00f3n de Cusco, se han registrado m\u00e1s de <span style=\"color: #3a696e;\"><strong>6 mil casos de violencia entre f\u00edsica, psicol\u00f3gica y sexual, lo que posiciona a Cusco en la tercera regi\u00f3n con m\u00e1s altos \u00edndices de violencia contra la mujer<\/strong><\/span>, sin embargo, es evidente que estos datos solo corresponden a aquellas victimas que decidieron denunciar; pues existen mujeres rurales agredidas y violentadas que a\u00fan no se atreven a denunciar, por diferentes factores, porque han sido discriminadas, porque los operadores de justicia -principalmente la PNP- desmerecen sus denuncias o las culpan de haber \u2018provocado\u2019 el acto de violencia, o finalmente terminan revictimizandolas.<\/p>\n<p>Frente a estos contextos desalentadores y lamentables, las mujeres rurales organizadas en las provincias altas de Cusco <span style=\"color: #3a696e;\"><strong>(Chumbivilcas, Espinar, Paruro)<\/strong><\/span> se han visto en la necesidad de intentar revertir la situaci\u00f3n a la que se ven obligadas a vivir y soportar en su d\u00eda a d\u00eda, elaborando as\u00ed sus instrumentos de gesti\u00f3n que recogen las principales demandas, exigencias y propuestas para mejorar las condiciones de vida de las mujeres y generar mayores oportunidades para promover y garantizar sus derechos fundamentales.<\/p>\n<p><span style=\"color: #3a696e;\"><strong>La agenda de la mujer Chumbivilcana denominada \u201cwarmikunaq rimaynin\u201d<\/strong><\/span> (la palabra de las mujeres) al igual que <span style=\"color: #3a696e;\"><strong>la agenda de la mujer K\u2019ana de Espinar<\/strong><\/span> y <span style=\"color: #3a696e;\"><strong>la agenda de la organizaci\u00f3n provincial de mujeres \u201cWarmikuna Tikarisun\u201d de Paruro<\/strong><\/span>, est\u00e1n articuladas al pacto internacional de los <span style=\"color: #3a696e;\"><strong>Objetivos de Desarrollo Sostenible (ODS), al Plan Nacional de G\u00e9nero y al Plan Regional de igualdad de Oportunidades (PRIO)<\/strong><\/span>, documentos que buscan el pleno ejercicio de los derechos civiles, pol\u00edticos, econ\u00f3micos, sociales, ambientales y culturales de mujeres y hombres, en un contexto de igualdad de oportunidades.<\/p>\n<p>Estos instrumentos se elaboraron de manera articulada y coordinada con instituciones p\u00fablicas y privadas comprometidas con el desarrollo de cada provincia y principalmente con las mujeres rurales.<br \/>\nLos diferentes puntos de agenda identificados por las organizaciones sociales de mujeres, se han priorizado en ejes tem\u00e1ticos de salud, educaci\u00f3n, generaci\u00f3n de ingresos econ\u00f3micos, violencia de g\u00e9nero, recursos naturales y medio ambiente, y participaci\u00f3n pol\u00edtica y ciudadana.<\/p>\n<p>Adem\u00e1s se han identificado cuatro puntos principales de manera trasversal: 1.- Una vida libre de violencia para las mujeres, generando campa\u00f1as de sensibilizaci\u00f3n de manera descentralizada, en coordinaci\u00f3n con instituciones competentes, as\u00ed mismo promover mecanismos de prevenci\u00f3n y acompa\u00f1amiento en casos de violencia; 2.- Que las mujeres rurales puedan alcanzar la independencia econ\u00f3mica a trav\u00e9s de un negocio y\/o empleo promovido desde el Estado (proyectos de emprendimiento enfocado a las mujeres) o sector privado; 3.- Justicia y reparaci\u00f3n para las personas (mujeres y varones) de las zonas rurales que fueron v\u00edctimas de las esterilizaciones forzadas entre de los a\u00f1os 1995 y 2001, durante el gobierno de Alberto Fujimori; y finalmente 4.- Gozar de y un medio ambiente adecuado y saludable; defender los recursos naturales de manera libre, sin maltratos, hostigamientos, ni persecuciones a los l\u00edderes y lideresas, principalmente en contexto extractivos, pues en provincias altas, la pr\u00e1ctica de criminalizaci\u00f3n a defensoras del territorio ha sido permanente por parte de las empresas y el mismo Estado.<\/p>\n<p>Finalmente, el mayor desaf\u00edo para las mujeres son las relaciones entre mujeres a nivel organizativo, son las propias mujeres quienes desacreditan la participaci\u00f3n de la mujer en diferentes espacios dentro de sus provincias y \u00bfqu\u00e9 deben hacer? En realidad considero que no existen recetas ni manuales que nos ayuden a revertir esta situaci\u00f3n, sin embargo se debe apostar por reflexionar sobre el costo que implica ser mujer, a\u00fan m\u00e1s en zonas rurales y extractivas, donde la situaci\u00f3n para la mujer es m\u00e1s dura y lo \u00fanico que queda en estos tiempos dif\u00edciles es ser solidarias entre mujeres, pues somos las primeras en sentir los impactos de un sistema que nos violenta y excluye<span style=\"color: #3a696e;\"><strong>\u2022<\/strong><\/span><\/p>","protected":false},"excerpt":{"rendered":"<p>Por Susi Sotalero \u00c1rea de Comunicaci\u00f3n e Incidencia, DHSF La situaci\u00f3n de desigualdad y exclusi\u00f3n estructural que viven las mujeres de nuestro pa\u00eds, evidencia que existe un debilitamiento en la transversalizacion de la perspectiva de g\u00e9nero en los procesos que intentan mejorar la calidad de vida de las mujeres, principalmente de aquellas que viven en [&hellip;]<\/p>\n","protected":false},"author":1,"featured_media":4524,"comment_status":"open","ping_status":"open","sticky":false,"template":"","format":"standard","meta":{"_monsterinsights_skip_tracking":false,"_monsterinsights_sitenote_active":false,"_monsterinsights_sitenote_note":"","_monsterinsights_sitenote_category":0,"_jetpack_memberships_contains_paid_content":false,"footnotes":"","jetpack_publicize_message":"","jetpack_publicize_feature_enabled":true,"jetpack_social_post_already_shared":false,"jetpack_social_options":{"image_generator_settings":{"template":"highway","default_image_id":0,"font":"","enabled":false},"version":2}},"categories":[1],"tags":[],"class_list":["post-4523","post","type-post","status-publish","format-standard","has-post-thumbnail","hentry","category-sin-categoria"],"blocksy_meta":[],"jetpack_publicize_connections":[],"jetpack_featured_media_url":"https:\/\/derechosinfronteras.pe\/wp-content\/uploads\/2018\/12\/Agenda-Mujer-e1545260486762.jpg","jetpack_sharing_enabled":true,"jetpack_likes_enabled":true,"_links":{"self":[{"href":"https:\/\/derechosinfronteras.pe\/ingles\/wp-json\/wp\/v2\/posts\/4523","targetHints":{"allow":["GET"]}}],"collection":[{"href":"https:\/\/derechosinfronteras.pe\/ingles\/wp-json\/wp\/v2\/posts"}],"about":[{"href":"https:\/\/derechosinfronteras.pe\/ingles\/wp-json\/wp\/v2\/types\/post"}],"author":[{"embeddable":true,"href":"https:\/\/derechosinfronteras.pe\/ingles\/wp-json\/wp\/v2\/users\/1"}],"replies":[{"embeddable":true,"href":"https:\/\/derechosinfronteras.pe\/ingles\/wp-json\/wp\/v2\/comments?post=4523"}],"version-history":[{"count":0,"href":"https:\/\/derechosinfronteras.pe\/ingles\/wp-json\/wp\/v2\/posts\/4523\/revisions"}],"wp:featuredmedia":[{"embeddable":true,"href":"https:\/\/derechosinfronteras.pe\/ingles\/wp-json\/wp\/v2\/media\/4524"}],"wp:attachment":[{"href":"https:\/\/derechosinfronteras.pe\/ingles\/wp-json\/wp\/v2\/media?parent=4523"}],"wp:term":[{"taxonomy":"category","embeddable":true,"href":"https:\/\/derechosinfronteras.pe\/ingles\/wp-json\/wp\/v2\/categories?post=4523"},{"taxonomy":"post_tag","embeddable":true,"href":"https:\/\/derechosinfronteras.pe\/ingles\/wp-json\/wp\/v2\/tags?post=4523"}],"curies":[{"name":"wp","href":"https:\/\/api.w.org\/{rel}","templated":true}]}}