{"id":4525,"date":"2018-12-19T17:52:40","date_gmt":"2018-12-19T22:52:40","guid":{"rendered":"http:\/\/derechosinfronteras.pe\/?p=4366"},"modified":"2018-12-19T17:52:40","modified_gmt":"2018-12-19T22:52:40","slug":"urge-ley-de-atencion-en-salud-para-afectados-por-metales-pesados","status":"publish","type":"post","link":"https:\/\/derechosinfronteras.pe\/ingles\/urge-ley-de-atencion-en-salud-para-afectados-por-metales-pesados\/","title":{"rendered":"Urge ley de atenci\u00f3n en salud para afectados por  metales pesados"},"content":{"rendered":"<blockquote>\n<p style=\"text-align: right;\"><span style=\"color: #3a696e;\"><strong>Por Oracio Pacori<\/strong><\/span><br \/>\n<span style=\"color: #3a696e;\"><strong>Congresista de la Rep\u00fablica<\/strong><\/span><\/p>\n<\/blockquote>\n<p>El desarrollo econ\u00f3mico que ha tenido el pa\u00eds en los \u00faltimos a\u00f1os ha estado sujeto a la expansi\u00f3n de las actividades extractivas, principalmente el sector minero e hidrocarburos. En otro extremo este crecimiento ha resultado ser negativo en las poblaciones y comunidades donde se focaliza la actividad extractiva que afecta su salud por la presencia de metales pesados, muchas veces acompa\u00f1ado de la transgresi\u00f3n de otros derechos.<\/p>\n<p>En ese contexto, la presencia de metales pesados en las personas se convierte en un problema de salud p\u00fablica, del cual el MINSA tiene conocimiento. Sin embargo, se requiere el desarrollo de pol\u00edticas p\u00fablicas por la alta demanda de atenci\u00f3n prioritaria de los afectados.<\/p>\n<p>Por otro lado, los efectos en las poblaciones han generado la organizaci\u00f3n y movilizaci\u00f3n de los familiares y los propios afectados solicitando atenci\u00f3n. El problema no es aislado, sino que afecta a diversas zonas de nuestro pa\u00eds a nivel nacional, los casos emblem\u00e1ticos son <strong><span style=\"color: #3a696e;\">Cerro de Pasco (Pasco), La Oroya (Jun\u00edn), San Mateo (Lima), Espinar (Cusco) o Cuninico (Loreto), San Rom\u00e1n y Az\u00e1ngaro (Puno). <\/span><\/strong><\/p>\n<p>En el caso de Puno, mi regi\u00f3n, la contaminaci\u00f3n por metales pesados se genera por los residuos s\u00f3lidos y la miner\u00eda ilegal e informal, contaminando sobre todo las cuencas de r\u00edos y as\u00ed afectando la salud de las personas y tambi\u00e9n de sus animales.<\/p>\n<p>Para hacer frente a esta demanda presentamos el proyecto de ley N\u00b0 2740 que plantea crear un registro \u00fanico para los afectados por metales pesados y prioriza la aplicaci\u00f3n de pol\u00edticas p\u00fablicas para atender a los y las afectadas con un protocolo adecuado, diferenciado seg\u00fan cada caso en cada una de las zonas con impacto.<\/p>\n<p>Al dar a conocer los casos por afectaci\u00f3n a la salud por metales pesados en la Comisi\u00f3n de Salud del Congreso de la Rep\u00fablica se lleg\u00f3 a un dictamen aprobado por mayor\u00eda donde se desarrolla con mayor amplitud las propuestas de nuestra iniciativa legislativa. El dictamen prioriza la urgente articulaci\u00f3n intergubernamental e intersectorial como salud, ambiente y energ\u00eda y minas. Adem\u00e1s, para que sea declarado de inter\u00e9s nacional para su priorizaci\u00f3n por parte del Ejecutivo.<\/p>\n<p>Nuestra propuesta del Registro Nacional es tener una base de datos permanente y unificada para saber d\u00f3nde se encuentran y cu\u00e1les son los niveles de afectaci\u00f3n de las personas contaminadas. As\u00ed se pueda garantizar la atenci\u00f3n con una pol\u00edtica integral, con un protocolo para garantizar estrategias del diagn\u00f3stico y tratamiento que permita tener programas de atenci\u00f3n especializados seg\u00fan el tipo de metal de manera individualizada y comunitaria, de manera especial para los ni\u00f1os, madres y ancianos.<\/p>\n<p>Desde el MINSA existen avances de un registro inicial donde hay m\u00e1s de cuatro mil personas afectadas con altos porcentajes de metales pesados. Este sector ha identificado varios metales como agentes contaminantes en las poblaciones cerca a zonas con actividades extractivas. Este proyecto ser\u00eda un complemento otorgando un marco normativo para el registro y la atenci\u00f3n adecuada con un protocolo. El 2019 este sector, debe ser fortalecido y contar con un presupuesto adecuado. Sin recursos suficientes, cualquier iniciativa quedar\u00e1 en buenas intenciones.<\/p>\n<p>Para nosotros esta ley es trascendental, pues la mayor\u00eda de personas que viven en estos contextos no recibe la atenci\u00f3n adecuada y pertenecen a los sectores pobres y excluidos. Es fundamental, para el desarrollo del pa\u00eds tener en cuenta el impacto de las diferentes actividades extractivas y que su presencia sirva para mejorar las condiciones de vida de toda la poblaci\u00f3n. El desarrollo econ\u00f3mico no puede significar que la salud y vida de la poblaci\u00f3n sean postergados, cualquier efecto sobre los derechos fundamentales de la gente debe ser<br \/>\npriorizado\u2022<\/p>","protected":false},"excerpt":{"rendered":"<p>Por Oracio Pacori Congresista de la Rep\u00fablica El desarrollo econ\u00f3mico que ha tenido el pa\u00eds en los \u00faltimos a\u00f1os ha estado sujeto a la expansi\u00f3n de las actividades extractivas, principalmente el sector minero e hidrocarburos. En otro extremo este crecimiento ha resultado ser negativo en las poblaciones y comunidades donde se focaliza la actividad extractiva [&hellip;]<\/p>\n","protected":false},"author":1,"featured_media":4526,"comment_status":"open","ping_status":"open","sticky":false,"template":"","format":"standard","meta":{"_monsterinsights_skip_tracking":false,"_monsterinsights_sitenote_active":false,"_monsterinsights_sitenote_note":"","_monsterinsights_sitenote_category":0,"_jetpack_memberships_contains_paid_content":false,"footnotes":"","jetpack_publicize_message":"","jetpack_publicize_feature_enabled":true,"jetpack_social_post_already_shared":false,"jetpack_social_options":{"image_generator_settings":{"template":"highway","default_image_id":0,"font":"","enabled":false},"version":2}},"categories":[1],"tags":[],"class_list":["post-4525","post","type-post","status-publish","format-standard","has-post-thumbnail","hentry","category-sin-categoria"],"blocksy_meta":[],"jetpack_publicize_connections":[],"jetpack_featured_media_url":"https:\/\/derechosinfronteras.pe\/wp-content\/uploads\/2018\/12\/Oracio-Pacori-e1545259599705.jpg","jetpack_sharing_enabled":true,"jetpack_likes_enabled":true,"_links":{"self":[{"href":"https:\/\/derechosinfronteras.pe\/ingles\/wp-json\/wp\/v2\/posts\/4525","targetHints":{"allow":["GET"]}}],"collection":[{"href":"https:\/\/derechosinfronteras.pe\/ingles\/wp-json\/wp\/v2\/posts"}],"about":[{"href":"https:\/\/derechosinfronteras.pe\/ingles\/wp-json\/wp\/v2\/types\/post"}],"author":[{"embeddable":true,"href":"https:\/\/derechosinfronteras.pe\/ingles\/wp-json\/wp\/v2\/users\/1"}],"replies":[{"embeddable":true,"href":"https:\/\/derechosinfronteras.pe\/ingles\/wp-json\/wp\/v2\/comments?post=4525"}],"version-history":[{"count":0,"href":"https:\/\/derechosinfronteras.pe\/ingles\/wp-json\/wp\/v2\/posts\/4525\/revisions"}],"wp:featuredmedia":[{"embeddable":true,"href":"https:\/\/derechosinfronteras.pe\/ingles\/wp-json\/wp\/v2\/media\/4526"}],"wp:attachment":[{"href":"https:\/\/derechosinfronteras.pe\/ingles\/wp-json\/wp\/v2\/media?parent=4525"}],"wp:term":[{"taxonomy":"category","embeddable":true,"href":"https:\/\/derechosinfronteras.pe\/ingles\/wp-json\/wp\/v2\/categories?post=4525"},{"taxonomy":"post_tag","embeddable":true,"href":"https:\/\/derechosinfronteras.pe\/ingles\/wp-json\/wp\/v2\/tags?post=4525"}],"curies":[{"name":"wp","href":"https:\/\/api.w.org\/{rel}","templated":true}]}}