{"id":4527,"date":"2018-12-19T17:42:26","date_gmt":"2018-12-19T22:42:26","guid":{"rendered":"http:\/\/derechosinfronteras.pe\/?p=4362"},"modified":"2018-12-19T17:42:26","modified_gmt":"2018-12-19T22:42:26","slug":"es-necesario-priorizar-la-vida-y-la-salud-de-las-personas-y-no-solamente-el-negocio-minero","status":"publish","type":"post","link":"https:\/\/derechosinfronteras.pe\/ingles\/es-necesario-priorizar-la-vida-y-la-salud-de-las-personas-y-no-solamente-el-negocio-minero\/","title":{"rendered":"\u2018Es necesario priorizar la vida y la salud de las  personas y no solamente el negocio minero\u2019"},"content":{"rendered":"<blockquote>\n<p style=\"text-align: right;\"><span style=\"color: #3a696e;\"><strong>Por Mart\u00edn L\u00f3pez<\/strong><\/span><br \/>\n<span style=\"color: #3a696e;\"><strong>Comunicaci\u00f3n e Incidencia DHSF<\/strong><\/span><\/p>\n<\/blockquote>\n<p>Javier Jahncke, es el actual Secretario Ejecutivo de la Red Muqui, un espacio que articula a 29 instituciones que trabajan para garantizar el derecho a un medio ambiente sano. Este a\u00f1o, el acompa\u00f1amiento a las personas afectadas por metales t\u00f3xicos en contextos extractivos ha empezado a tener frutos, sin embargo son logros que a\u00fan pueden ser m\u00e1s grandes.<\/p>\n<p><strong><span style=\"color: #3a696e;\">Javier, \u00bfCu\u00e1l es tu balance de los logros de la Red en cuanto a la problem\u00e1tica de los metales t\u00f3xicos?<\/span><\/strong><\/p>\n<p>Yo creo que un tema importante este a\u00f1o fue la consolidaci\u00f3n de la Plataforma Nacional de Afectados en Salud por Metales t\u00f3xicos, en la cual se gener\u00f3 una discusi\u00f3n con las personas afectadas de nueve zonas del pa\u00eds, fueron ellos quienes proponen que se deba aprobar una Pol\u00edtica Nacional para atender la situaci\u00f3n de los afectados. Otro momento a destacar fue que el Estado haya aceptado recibirnos, donde la Plataforma pudo explicar y detallar a representantes del Ministerio de Salud su situaci\u00f3n y sugerencias. Sin embargo hay que ser francos, y se\u00f1alar que la sugerencia de una Pol\u00edtica Nacional fue aceptada gracias a la presi\u00f3n de los afectados de Cerro de Pasco, quienes decidieron tomar las instalaciones del MINSA hasta que los atiendan.<\/p>\n<p><strong><span style=\"color: #3a696e;\">Podemos decir que ha sido un a\u00f1o de logros simb\u00f3licos entonces\u2026<\/span><\/strong><\/p>\n<p>Habr\u00eda que se\u00f1alar que solo se han emitido lineamientos de una Pol\u00edtica Nacional, que consideramos que es un avance importante, sin embargo es necesario que se den pasos m\u00e1s concretos y con mayor impacto, si bien es cierto se ha dado un primer paso, hay una deuda pendiente a\u00fan. Adem\u00e1s, otro aspecto muy cuestionable, fue que desde el Estado se quiso hacer \u00e9nfasis a los contextos minero en las zonas andinas, dejando de lado la problem\u00e1tica amaz\u00f3nica y los impactos de los hidrocarburos, incluso en un mapeo nacional, las comunidades afectadas por derrames de petr\u00f3leos no estaban incluidas.<\/p>\n<p><strong><span style=\"color: #3a696e;\">Pero el Estado no incluy\u00f3 a la Sociedad Civil para la creaci\u00f3n de estos lineamientos<\/span><\/strong><\/p>\n<p>Es cierto, hab\u00eda participaci\u00f3n de todas las instancias competentes del Estado, pero no exist\u00eda participaci\u00f3n de la sociedad civil y de las organizaciones de las zonas afectadas por metales t\u00f3xicos. De alguna manera, la incidencia de la Red Muqui y de todos los asesores t\u00e9cnicos de la Plataforma Nacional, logramos que los propios afectados presenten sus propuestas, las cuales han sido tomadas en cuenta, lo que nos preocupa es que a\u00fan el Estado no entienda que esta problem\u00e1tica debe tener un enfoque inter institucional, el Ministerio de Salud, no solucionar\u00e1 nada sino involucra a otros ministerios, e incluso involucrar a gobiernos locales y regionales, todo lo que afecta el ambiente, afecta a la salud de las personas, y bajo esa l\u00f3gica debemos pensar las soluciones con una mirada intersectorial, as\u00ed que nos toca hacer el seguimiento para que estos lineamientos se canalicen de manera efectiva y articulada.<\/p>\n<p><strong><span style=\"color: #3a696e;\">Al parecer no es prioridad del Estado atender esta problem\u00e1tica<\/span><\/strong><\/p>\n<p>El Estado no ha asumido el rol de garantizar derechos, por encima de las grandes inversiones, no se trata de tapar u ocultar la contaminaci\u00f3n ambiental y no establecer nexos causales con actividades econ\u00f3micas como la miner\u00eda, que finalmente termina generando impactos en la salud y en las personas, y el Estado deber\u00eda saber responder y establecer las responsabilidades que corresponden desde las empresas, afectando derechos fundamentales a las comunidades que viven en torno a los proyectos extractivos.<\/p>\n<p><strong><span style=\"color: #3a696e;\">Otro tema que ha surgido en el a\u00f1o es la iniciativa legislativa de Oracio Pacori sobre la necesidad de tener una l\u00ednea de base o registro de personas afectadas en todo el Per\u00fa<\/span><\/strong><\/p>\n<p>El tema del registro es fundamental, porque nos ayudar\u00e1 a evidenciar que personas viven con alto riesgo y por tanto quienes necesitan priorizar su atenci\u00f3n, sin embargo el miedo que tenemos es que este registro limite la atenci\u00f3n, porque el problema es end\u00e9mico, por ejemplo la atenci\u00f3n en zonas como Espinar o Cerro de Pasco, no debe circunscribirse a las personas inscritas o que puedan demostrar que viven con metales t\u00f3xicos en sus cuerpos, sino a toda la poblaci\u00f3n, porque conviven en una zona de riesgo ambiental, con la presencia de actividades extractivas continuas y que contaminan el aire, el agua y el suelo, entonces la responsabilidad del Estado y de las empresas deber\u00e1 ser facilitar una atenci\u00f3n continua, peri\u00f3dica y especializada. El registro nos ayudar\u00eda a determinar poblaciones con alto riesgo, pero la atenci\u00f3n deber\u00e1 ser a toda la poblaci\u00f3n en general, porque viven en una zona de influencia extractiva.<\/p>\n<p><strong><span style=\"color: #3a696e;\">\u00bfY c\u00f3mo est\u00e1n respondiendo las empresas ante las exigencias de las comunidades afectadas?<\/span><\/strong><\/p>\n<p>La atenci\u00f3n a las personas afectadas por metales t\u00f3xicos deber\u00eda ser parte de lo que llamamos internalizaci\u00f3n de los costos de las actividades mineras, es decir, definir c\u00f3mo y d\u00f3nde las empresas est\u00e1n asumiendo los costos de la atenci\u00f3n peri\u00f3dica a las personas que viven en sus zonas de influencias, no vayan a decir despu\u00e9s que, c\u00f3mo no existe un nexo causal entre la miner\u00eda y el posible impacto, pues no est\u00e1n asumiendo esa responsabilidad, cuando por el hecho que las personas afectadas viven en las zonas donde explotan recursos, los costos de atenci\u00f3n deber\u00edan ser asumidas por las compa\u00f1\u00edas.<\/p>\n<p><strong><span style=\"color: #3a696e;\">Ante esta situaci\u00f3n, en que las empresas y el mismo Estado no act\u00faan \u00bfC\u00f3mo est\u00e1n respondiendo u organiz\u00e1ndose las regiones afectadas? <\/span><\/strong><\/p>\n<p>Una de las recomendaciones que hemos hecho desde La Plataforma Nacional de Afectados, es la promoci\u00f3n de monitoreos ambientales participativos, estos procesos han sido recogidos para los lineamientos de la Pol\u00edtica Nacional, como mecanismos que aportan a la implementaci\u00f3n de alertas tempranas en \u00e1reas de vulnerabilidad respecto a impactos en salud por metales t\u00f3xicos, ha sido resaltado este tema, as\u00ed que nos toca impulsar el fortalecimiento y el reconocimiento de los Comit\u00e9s de Vigilancia y Monitoreo Ambiental que est\u00e1n creciendo en Cusco, Puno, Cajamarca, La Libertad y en otras regiones del pa\u00eds.<\/p>\n<p><strong><span style=\"color: #3a696e;\">Javier, a partir de lo que hemos conversado \u00bfCu\u00e1les ser\u00edan las apuestas o desaf\u00edos para el nuevo a\u00f1o de la Red Muqui en esta problem\u00e1tica de metales t\u00f3xicos?<\/span><\/strong><\/p>\n<p>Un tema central es que los lineamientos de la Pol\u00edtica P\u00fablica, recientemente publicados por el MINSA, se conviertan en acciones concretas, que se efectivicen con presupuestos, plazos, responsabilidades, y sobre todo que el Estado tome en cuenta a las organizaciones de afectados, con una participaci\u00f3n activa, que en las decisiones y acciones que realicen, los incluyan. Otra apuesta es incidir en la prevenci\u00f3n, lo que se viene es el seguimiento a la poblaci\u00f3n afectada a trav\u00e9s de un programa de prevenci\u00f3n de parte del Ministerio de Salud, especialmente a los grupos humanos m\u00e1s vulnerables, creo que en esos puntos vamos a incidir, y no solo con el MINSA, sino con todos los ministerios y entidades competentes. Creo que un tema central es priorizar la vida y la salud de las personas y no solamente el negocio minero, de lo contrario vamos a seguir con esta problem\u00e1tica y generando nuevos conflictos sociales\u2022<\/p>\n<div class=\"fb-video\" data-allowfullscreen=\"true\" data-href=\"https:\/\/www.facebook.com\/derechossinfronteras.pe\/videos\/1408068479328042\/\" style=\"background-color: #fff; display: inline-block;\"><\/div>","protected":false},"excerpt":{"rendered":"<p>Por Mart\u00edn L\u00f3pez Comunicaci\u00f3n e Incidencia DHSF Javier Jahncke, es el actual Secretario Ejecutivo de la Red Muqui, un espacio que articula a 29 instituciones que trabajan para garantizar el derecho a un medio ambiente sano. Este a\u00f1o, el acompa\u00f1amiento a las personas afectadas por metales t\u00f3xicos en contextos extractivos ha empezado a tener frutos, [&hellip;]<\/p>\n","protected":false},"author":1,"featured_media":4528,"comment_status":"open","ping_status":"open","sticky":false,"template":"","format":"standard","meta":{"_monsterinsights_skip_tracking":false,"_monsterinsights_sitenote_active":false,"_monsterinsights_sitenote_note":"","_monsterinsights_sitenote_category":0,"_jetpack_memberships_contains_paid_content":false,"footnotes":"","jetpack_publicize_message":"","jetpack_publicize_feature_enabled":true,"jetpack_social_post_already_shared":false,"jetpack_social_options":{"image_generator_settings":{"template":"highway","default_image_id":0,"font":"","enabled":false},"version":2}},"categories":[1],"tags":[],"class_list":["post-4527","post","type-post","status-publish","format-standard","has-post-thumbnail","hentry","category-sin-categoria"],"blocksy_meta":[],"jetpack_publicize_connections":[],"jetpack_featured_media_url":"https:\/\/derechosinfronteras.pe\/wp-content\/uploads\/2018\/12\/Javier-e1545259308627.jpg","jetpack_sharing_enabled":true,"jetpack_likes_enabled":true,"_links":{"self":[{"href":"https:\/\/derechosinfronteras.pe\/ingles\/wp-json\/wp\/v2\/posts\/4527","targetHints":{"allow":["GET"]}}],"collection":[{"href":"https:\/\/derechosinfronteras.pe\/ingles\/wp-json\/wp\/v2\/posts"}],"about":[{"href":"https:\/\/derechosinfronteras.pe\/ingles\/wp-json\/wp\/v2\/types\/post"}],"author":[{"embeddable":true,"href":"https:\/\/derechosinfronteras.pe\/ingles\/wp-json\/wp\/v2\/users\/1"}],"replies":[{"embeddable":true,"href":"https:\/\/derechosinfronteras.pe\/ingles\/wp-json\/wp\/v2\/comments?post=4527"}],"version-history":[{"count":0,"href":"https:\/\/derechosinfronteras.pe\/ingles\/wp-json\/wp\/v2\/posts\/4527\/revisions"}],"wp:featuredmedia":[{"embeddable":true,"href":"https:\/\/derechosinfronteras.pe\/ingles\/wp-json\/wp\/v2\/media\/4528"}],"wp:attachment":[{"href":"https:\/\/derechosinfronteras.pe\/ingles\/wp-json\/wp\/v2\/media?parent=4527"}],"wp:term":[{"taxonomy":"category","embeddable":true,"href":"https:\/\/derechosinfronteras.pe\/ingles\/wp-json\/wp\/v2\/categories?post=4527"},{"taxonomy":"post_tag","embeddable":true,"href":"https:\/\/derechosinfronteras.pe\/ingles\/wp-json\/wp\/v2\/tags?post=4527"}],"curies":[{"name":"wp","href":"https:\/\/api.w.org\/{rel}","templated":true}]}}