{"id":4529,"date":"2018-12-19T17:37:24","date_gmt":"2018-12-19T22:37:24","guid":{"rendered":"http:\/\/derechosinfronteras.pe\/?p=4356"},"modified":"2018-12-19T17:37:24","modified_gmt":"2018-12-19T22:37:24","slug":"salud-y-metales-toxicos-en-el-2018-muchos-planes-y-pocas-acciones-efectivas-en-espinar","status":"publish","type":"post","link":"https:\/\/derechosinfronteras.pe\/ingles\/salud-y-metales-toxicos-en-el-2018-muchos-planes-y-pocas-acciones-efectivas-en-espinar\/","title":{"rendered":"Salud y metales t\u00f3xicos en el 2018: muchos planes y pocas acciones efectivas en Espinar"},"content":{"rendered":"<blockquote>\n<p style=\"text-align: right;\"><span style=\"color: #3a696e;\"><strong>Por Karem Luque<\/strong><\/span><br \/>\n<span style=\"color: #3a696e;\"><strong>\u00c1rea Derechos Colectivos y Medio Ambiente &#8211; DHSF<\/strong><\/span><\/p>\n<\/blockquote>\n<p>El 2018 ha sido un a\u00f1o importante para mirar la situaci\u00f3n de las personas afectadas por metales t\u00f3xicos en nuestro pa\u00eds, debido a que empezaron a ser viables varias acciones como la aprobaci\u00f3n del documento t\u00e9cnico con <strong><span style=\"color: #3a696e;\">R.M. 979-2018\/MINSA<\/span><\/strong><sup>1<\/sup>\u00a0. Adem\u00e1s de haberse aprobado por unanimidad el <strong><span style=\"color: #3a696e;\">Proyecto de Ley N\u00b0 02740<\/span><\/strong><sup>2<\/sup>\u00a0 en la comisi\u00f3n de salud para que luego pueda pasar a debate en el pleno del Congreso de la Rep\u00fablica; estas iniciativas buscan responder y proponer acciones concretas frente a las demandas de miles de afectados por metales t\u00f3xicos a nivel nacional.<\/p>\n<p>En la regi\u00f3n Cusco se ha cumplido en el mes de agosto \u2013 luego de 5 meses de retraso &#8211; con la entrega de los dosajes realizados en el a\u00f1o 2017 por el <span style=\"color: #3a696e;\"><strong>Centro Nacional de Salud Ocupacional y Protecci\u00f3n del Medio Ambiente (CENSOPAS)<\/strong><\/span> a 897 pobladores de la provincia de Espinar, esta entrega estuvo a cargo de la Direcci\u00f3n Regional de Salud Cusco (DIRESA), cabe recordar que esta instancia es el ente encargado de coordinar las acciones de salud integral en el \u00e1mbito regional, tal como est\u00e1 establecido dentro de sus funciones generales.<\/p>\n<p>A nivel local se tiene la propuesta de perfil de proyecto para la elaboraci\u00f3n y aplicaci\u00f3n de un Proyecto Extramural<sup>3<\/sup>, esto se obtiene a trav\u00e9s de la discusi\u00f3n (en enero del 2018) para destinar fondos del d\u00e9cimo tercer aporte que recibe la Municipalidad Provincial de Espinar como parte de los acuerdos del Convenio Marco, este proyecto busca aplicarse en 7 comunidades m\u00e1s cercanas<sup>4<\/sup>\u00a0al proyecto minero de Glencore Antapaccay, destinando un fondo aproximado de 3 millones de soles para su implementaci\u00f3n, y el tiempo de ejecuci\u00f3n ser\u00eda durante 25 meses.<br \/>\nSin embargo hasta la fecha no se ha vuelto a abrir el debate para ratificar este compromiso, postergando las reuniones de convenio marco de forma reiterada.<\/p>\n<p>As\u00ed mismo en esta instancia durante el \u00faltimo semestre se ha estado discutiendo la construcci\u00f3n del Hospital de Espinar, autoridades y dirigentes a\u00fan no se han puesto de acuerdo, ya que muchos de ellos a\u00fan debaten que este hospital deber\u00eda de ser de tipo II-2 y no II-1. Cabe resaltar que, Espinar no es una provincia que reciba poco presupuesto anualmente, estamos hablando de un promedio de 60 a 80 millones anuales por todos sus ingresos (canon, regal\u00eda minera y gas\u00edfera, Fondo de Compensaci\u00f3n Municipal \/FONCOMUN, entre otros).<br \/>\nPor ello nos preguntamos: <strong><span style=\"color: #3a696e;\">\u00bfRealmente existe voluntad pol\u00edtica para atender a las poblaciones que se encuentran afectados a su salud por metales t\u00f3xicos en Espinar?<\/span><\/strong><\/p>\n<p>Esta de m\u00e1s decir que estas dudas se intensifican cuando el gobierno nacional promueve su campa\u00f1a <strong><span style=\"color: #3a696e;\">\u201cPer\u00fa Pa\u00eds Minero\u201d<\/span><\/strong><sup>5<\/sup>. Ciertamente, si bien el ente que debe garantizar la salud de su poblaci\u00f3n en general es el Ministerio de Salud \u00bfQu\u00e9 pasa con las instancias regionales y locales? Al parecer no les ha interesado mucho abordar esta problem\u00e1tica.<\/p>\n<div class=\"fb-post\" data-href=\"https:\/\/www.facebook.com\/derechossinfronteras.pe\/photos\/a.741549455963585\/1758660997585754\/?type=3&#038;theater\" data-width=\"552\" style=\"background-color: #fff; display: inline-block;\"><\/div>\n<p>Algo muy importante a resaltar es que, aun con toda estas acciones (entre exitosas y no concluidas) dentro de los documentos t\u00e9cnicos propuestos por el MINSA, se ha logrado aportar y observar con apoyo de las comunidades afectadas, promoviendo talleres descentralizados en cada zona y que ahora abre la posibilidad que desde la instancia nacional puedan atenderse las demandas de estas zonas afectadas, por ello, la acci\u00f3n conjunta entre ONG\u2019s y afectadas\/os de diferentes regiones en el pa\u00eds es clave para lograr darle seguimiento a estos acuerdos. Es necesario tambi\u00e9n reconocer el esfuerzo de los congresistas Wilbert Rosas y Oracio Pacori quienes han estado al tanto de la problem\u00e1tica de Espinar, y de todos los casos a nivel nacional, donde existen actividades mineras e hidrocarbur\u00edferas, por ello han propuesto y est\u00e1n promoviendo que el proyecto de ley que promueve el registro de personas afectadas se apruebe y pueda implementarse inmediatamente, esto en el marco de fortalecer el sistema de salud de nuestro pa\u00eds en prevenci\u00f3n, mitigaci\u00f3n del da\u00f1o (toxicidad aguda y cr\u00f3nica) y atenci\u00f3n urgente a la salud.<br \/>\nPodemos concluir que el 2018 ha sido positivo a nivel de elaboraci\u00f3n de planes, pol\u00edticas p\u00fablicas, proyectos de leyes. Sin embargo, a\u00fan es necesario que se tengan acciones efectivas de manera intersectorial para operativizar las acciones y no repetir esfuerzos en estos 3 \u00e1mbitos evaluados. A\u00fan recuerdo cuando una funcionaria de la DIRESA me respondi\u00f3 que: \u201cEn Bajo Urubamba todo es m\u00e1s grave y no deben exagerar con lo de Espinar, las personas de esa zona (Bajo Urubamba) se arrastran por la contaminaci\u00f3n\u201d, y bajo esa l\u00f3gica esperamos que otros profesionales de salud promovamos y dupliquemos esfuerzos para que el 2019 cambiemos este concepto de salud \u00f3 \u201cestar sano\u201d y continuemos promoviendo acciones en favor de las y los afectados por metales t\u00f3xicos<strong><span style=\"color: #3a696e;\">\u2022<\/span><\/strong><\/p>\n<hr \/>\n<blockquote><p>1 Documento T\u00e9cnico: \u201cLineamientos de Pol\u00edtica Sectorial para la Atenci\u00f3n Integral de las Personas Expuestas a Metales Pesados, Metaloides y Otras Sustancias Qu\u00edmicas\u201d. Disponible en: https:\/\/gobpe-production.s3.amazonaws.com\/uploads\/document\/file\/217486\/Resoluci%C3%B3n_Ministerial_N__979-2018-MINSA.PDF<br \/>\n2 Ley para fortalecer la prevenci\u00f3n, mitigaci\u00f3n y atenci\u00f3n de la salud afectada por la contaminaci\u00f3n con metales pesados y otras sustancias qu\u00edmicas. Proyecto que re\u00fane los pedidos de los congresistas Wilbert Rozas (P.L. N\u00b0 01256\/2017) y Oracio Pacori (P.L. N\u00b0 02740\/2018).<br \/>\n3 Es la prestaci\u00f3n de servicios de salud de consulta externa, promoci\u00f3n y prevenci\u00f3n, apoyo, diagn\u00f3stico y complementaci\u00f3n terap\u00e9utica de baja complejidad en infraestructuras f\u00edsicas no destinadas a la atenci\u00f3n en salud, o en unidades m\u00f3viles a\u00e9reas, fluviales, mar\u00edtimas o terrestres.<br \/>\n4 Comunidades Campesinas de Tintaya Marquiri, Huancan\u00e9 Bajo, Alto Huancan\u00e9, Huano Huano, Huisa, Alto Huarca y Cala Cala del Distrito \u2013 Provincia de Espinar \u2013 Cusco.<br \/>\n5 Disponible en: http:\/\/mineria.minem.gob.pe\/institucional\/peru-pais-minero\/<\/p><\/blockquote>","protected":false},"excerpt":{"rendered":"<p>Por Karem Luque \u00c1rea Derechos Colectivos y Medio Ambiente &#8211; DHSF El 2018 ha sido un a\u00f1o importante para mirar la situaci\u00f3n de las personas afectadas por metales t\u00f3xicos en nuestro pa\u00eds, debido a que empezaron a ser viables varias acciones como la aprobaci\u00f3n del documento t\u00e9cnico con R.M. 979-2018\/MINSA1\u00a0. Adem\u00e1s de haberse aprobado por [&hellip;]<\/p>\n","protected":false},"author":1,"featured_media":4530,"comment_status":"open","ping_status":"open","sticky":false,"template":"","format":"standard","meta":{"_monsterinsights_skip_tracking":false,"_monsterinsights_sitenote_active":false,"_monsterinsights_sitenote_note":"","_monsterinsights_sitenote_category":0,"_jetpack_memberships_contains_paid_content":false,"footnotes":"","jetpack_publicize_message":"","jetpack_publicize_feature_enabled":true,"jetpack_social_post_already_shared":false,"jetpack_social_options":{"image_generator_settings":{"template":"highway","default_image_id":0,"font":"","enabled":false},"version":2}},"categories":[1],"tags":[],"class_list":["post-4529","post","type-post","status-publish","format-standard","has-post-thumbnail","hentry","category-sin-categoria"],"blocksy_meta":[],"jetpack_publicize_connections":[],"jetpack_featured_media_url":"https:\/\/derechosinfronteras.pe\/wp-content\/uploads\/2018\/12\/Salud-en-Espinar-e1545258966538.jpg","jetpack_sharing_enabled":true,"jetpack_likes_enabled":true,"_links":{"self":[{"href":"https:\/\/derechosinfronteras.pe\/ingles\/wp-json\/wp\/v2\/posts\/4529","targetHints":{"allow":["GET"]}}],"collection":[{"href":"https:\/\/derechosinfronteras.pe\/ingles\/wp-json\/wp\/v2\/posts"}],"about":[{"href":"https:\/\/derechosinfronteras.pe\/ingles\/wp-json\/wp\/v2\/types\/post"}],"author":[{"embeddable":true,"href":"https:\/\/derechosinfronteras.pe\/ingles\/wp-json\/wp\/v2\/users\/1"}],"replies":[{"embeddable":true,"href":"https:\/\/derechosinfronteras.pe\/ingles\/wp-json\/wp\/v2\/comments?post=4529"}],"version-history":[{"count":0,"href":"https:\/\/derechosinfronteras.pe\/ingles\/wp-json\/wp\/v2\/posts\/4529\/revisions"}],"wp:featuredmedia":[{"embeddable":true,"href":"https:\/\/derechosinfronteras.pe\/ingles\/wp-json\/wp\/v2\/media\/4530"}],"wp:attachment":[{"href":"https:\/\/derechosinfronteras.pe\/ingles\/wp-json\/wp\/v2\/media?parent=4529"}],"wp:term":[{"taxonomy":"category","embeddable":true,"href":"https:\/\/derechosinfronteras.pe\/ingles\/wp-json\/wp\/v2\/categories?post=4529"},{"taxonomy":"post_tag","embeddable":true,"href":"https:\/\/derechosinfronteras.pe\/ingles\/wp-json\/wp\/v2\/tags?post=4529"}],"curies":[{"name":"wp","href":"https:\/\/api.w.org\/{rel}","templated":true}]}}