{"id":4535,"date":"2018-12-19T16:40:13","date_gmt":"2018-12-19T21:40:13","guid":{"rendered":"http:\/\/derechosinfronteras.pe\/?p=4339"},"modified":"2018-12-19T16:40:13","modified_gmt":"2018-12-19T21:40:13","slug":"la-garantia-de-los-derechos-humanos-va-mas-alla-de-un-referendum","status":"publish","type":"post","link":"https:\/\/derechosinfronteras.pe\/ingles\/la-garantia-de-los-derechos-humanos-va-mas-alla-de-un-referendum\/","title":{"rendered":"\u2018La garant\u00eda de los derechos humanos va m\u00e1s all\u00e1 de un refer\u00e9ndum\u2019"},"content":{"rendered":"<blockquote>\n<p style=\"text-align: right;\"><strong><span style=\"color: #3a696e;\">Por Mart\u00edn L\u00f3pez<\/span><\/strong><br \/>\n<strong><span style=\"color: #3a696e;\">Comunicaci\u00f3n e Incidencia &#8211; DHSF<\/span><\/strong><\/p>\n<\/blockquote>\n<p>Jorge Bracamonte, o \u2018Tito\u2019 como tambi\u00e9n es conocido, es el actual Secretario Ejecutivo de la <span style=\"color: #3a696e;\"><strong>Coordinadora Nacional de Derechos Humanos (CNDDHH)<\/strong><\/span>, un espacio que articula a 82 organizaciones de\u00a0todo el Per\u00fa. Conversamos con \u00e9l para conocer su\u00a0perspectiva sobre la agenda de derechos humanos\u00a0durante el 2018.<\/p>\n<p><span style=\"color: #3a696e;\"><strong>Tito, \u00bfCu\u00e1l ser\u00eda tu balance sobre lo que hemos\u00a0vivido como pa\u00eds durante el 2018?<\/strong><\/span><br \/>\nTengo la impresi\u00f3n que ha sido un a\u00f1o bastante\u00a0cr\u00edtico sobre la situaci\u00f3n de derechos humanos en el Per\u00fa y Am\u00e9rica Latina. Un elemento que marca\u00a0este contexto de dificultades, tiene que ver con la\u00a0situaci\u00f3n de la democracia en el Per\u00fa, que se ha\u00a0manifestado con sus contradicciones para garantizar plenamente la gobernabilidad. Estamos frente a\u00a0una democracia acechada por grupos de poder ec\u00f3- nomo y pol\u00edtico, e incluso por fuerzas criminales.<\/p>\n<p><strong><span style=\"color: #3a696e;\">Y eso \u00bfLa convierte en una \u2018democracia\u2019 que ter- mina favoreciendo a las grandes empresas?\u00a0<\/span><\/strong><\/p>\n<p>Se mantiene la l\u00f3gica de pensar el desarrollo a\u00a0partir de grandes inversiones, esto termina por debilitar\u00a0m\u00e1s al Estado, sobre todo en acciones de\u00a0fiscalizaci\u00f3n, porque hemos continuado con los\u00a0paquetazos ambientales u otras medidas que han\u00a0implementado otros gobiernos, pero se ha evidenciado la pr\u00e1ctica en que el Estado Peruano es garante\u00a0de la inversi\u00f3n de grandes corporaciones, y no lo\u00a0vemos con la misma pro actividad en la defensa de<br \/>\nlos derechos de los pueblos ind\u00edgenas, esto conlleva\u00a0a la precarizaci\u00f3n de los derechos humanos.<\/p>\n<p><strong><span style=\"color: #3a696e;\">Y frente a esta crisis muy evidente \u00bfQu\u00e9 se est\u00e1\u00a0priorizando desde la CNDDHH?<\/span><\/strong><\/p>\n<p>La Coordinadora tiene ejes tem\u00e1ticos que consideramos\u00a0indispensables, el primer eje que me parece\u00a0fundamental, es el de institucionalidad democr\u00e1tica, pues la corrupci\u00f3n se ha tornado un tema sensible, aqu\u00ed quiero se\u00f1alar que desde el pa\u00eds ha habido una suerte de despertar ciudadano que nos ha\u00a0permitido canalizar nuestra indignaci\u00f3n, porque es\u00a0inevitable que la corrupci\u00f3n nos afecta a todas y to- dos. Otros ejes, igual de importantes, es pensar la<br \/>\nsituaci\u00f3n de los pueblos ind\u00edgenas y la vulneraci\u00f3n\u00a0de sus derechos, la situaci\u00f3n post conflicto armado\u00a0interno y c\u00f3mo desde el Estado se est\u00e1n priorizando\u00a0las reparaciones para las v\u00edctimas y finalmente\u00a0la apuesta por la no violencia hacia las mujeres, ni\u00f1as,\u00a0ni\u00f1os, adolescentes y poblaci\u00f3n LGTB.<\/p>\n<p><strong><span style=\"color: #3a696e;\">Si hablamos de corrupci\u00f3n, los audios de Cesar Hinostroza han marcado la agenda pol\u00edtica durante este a\u00f1o<\/span><\/strong><\/p>\n<p>Con el esc\u00e1ndalo de los CNM audios hemos visto como redes corruptas y criminales han penetrado el sistema de justicia, generando muchas movilizaciones en todo el Per\u00fa, la ciudadan\u00eda tuvo un cambio de actitud frente a la corrupci\u00f3n, despercudi\u00e9ndose de la normalizaci\u00f3n de actos corruptos, desde ah\u00ed se ha producido un cambio sustantivo porque emerge una voluntad de tolerancia cero frente a la corrupci\u00f3n, y hay un respaldo amplio a jueces y fiscales que est\u00e1n sentando en el banquillo de los acusados a quienes han delinquido abusando del mandato ciudadano que les dio poder. El caso \u2018LavaJato\u2019 es el m\u00e1s conocido, hasta la fecha muchos presidentes y ex-presidentes regionales vienen siendo investigados.<\/p>\n<figure id=\"attachment_4343\" aria-describedby=\"caption-attachment-4343\" style=\"width: 764px\" class=\"wp-caption aligncenter\"><img fetchpriority=\"high\" decoding=\"async\" class=\"wp-image-4343 size-full\" src=\"http:\/\/derechosinfronteras.pe\/wp-content\/uploads\/2018\/12\/actualidad-alberto-fujimori-admiten-tramite-pedido-revisar-indulto-expresidente-n333340-764x480-493358.jpg\" alt=\"\" width=\"764\" height=\"480\" \/><figcaption id=\"caption-attachment-4343\" class=\"wp-caption-text\">El indulto a Fujimori moviliz\u00f3 a todo el pa\u00eds durante el 2018.<\/figcaption><\/figure>\n<p><span style=\"color: #3a696e;\"><strong>Aunque a veces la percepci\u00f3n es que la coyuntura nacional posterga otras agendas, por ejemplo la de los pueblos ind\u00edgenas<\/strong><\/span><\/p>\n<p>Los pueblos ind\u00edgenas vienen siendo violentados, generando desprendimientos de sus territorios, sufren de afectaci\u00f3n por metales pesados, afectando su derecho fundamental a la vida. Esto es un tema que lamentablemente se ha multiplicado en el pa\u00eds. Afortunadamente existen muchas organizaciones articuladas a la CNDDHH que est\u00e1n acompa\u00f1ando a estas poblaciones, pero es necesario que el Estado act\u00fae. En estos contextos surgen las y los defensores de derechos humanos, que son hostigados o amenazados por grupos econ\u00f3micos, que a veces termina en su muerte, como ha sucedido en Lambayeque, en la Reserva de Chaparr\u00ed. Aqu\u00ed hay una realidad que tenemos que tener en cuenta, porque desde el gobierno no se ha formulado mecanismos que garanticen el derecho a defender derechos.<\/p>\n<p><strong><span style=\"color: #3a696e;\">Otro tema importante es la situaci\u00f3n de las mujeres v\u00edctimas de esterilizaciones forzadas<\/span><\/strong><\/p>\n<p>Hay un conjunto de agendas sectoriales y espec\u00edficas, una de ellas es la de las mujeres que fueron esterilizadas en contra de su voluntad durante la dictadura del fujimorismo. Despu\u00e9s de muchos a\u00f1os de lucha y procesos judiciales, por fin se ha oficializado una denuncia fiscal contra Alberto Fujimori, en el que incluyen a varios de sus funcionarios, responsabiliz\u00e1ndolos de ejecutar una pol\u00edtica de salud que vulnera los derechos de las mujeres rurales e ind\u00edgenas. A pesar de ser un logro, sigue siendo una agenda dura, y lo dif\u00edcil que es mantener el tema de derechos humanos en el Per\u00fa, no puede ser que las v\u00edctimas tengan que esperar casi veinte a\u00f1os para empezar a ver alguna luz de justicia.<\/p>\n<p><strong><span style=\"color: #3a696e;\">Ya que mencionas a Fujimori, un hecho que no podemos dejar de mencionar es su indulto<\/span><\/strong><\/p>\n<p>A pesar que PPK asumi\u00f3 compromisos p\u00fablicos con la sociedad civil para no indultar a Fujimori, pero como ya sabemos el 24 de diciembre del 2017 termin\u00f3 haci\u00e9ndolo. A partir de esa fecha, todo el Per\u00fa se moviliz\u00f3, incluso en el extranjero. En este tema hay que se\u00f1alar a los familiares de las v\u00edctimas del fujimorismo, quienes nunca se han cansado por luchar para que el indulto se revierta, llegando incluso a instancias internacionales. Ya sabemos que ahora por mandato judicial Fujimori tendr\u00e1 que regresar a prisi\u00f3n, ahora lo que nos preocupa es la efectivizaci\u00f3n de este mandato, a la fecha el permanece en una cl\u00ednica privada, incluso desde el Congreso se han presentado proyectos para conseguir su libertad o prisi\u00f3n domiciliaria. Necesitamos mayores garant\u00edas del Estado en cumplir sus funciones, porque queda abierta la ventana de la impunidad, ah\u00ed el movimiento de derechos humanos tiene una gran responsabilidad de luchar en contra de esta situaci\u00f3n.<\/p>\n<p><strong><span style=\"color: #3a696e;\">Tito, aunque ya has adelantado algunas cosas, \u00bfQu\u00e9 te parece la gesti\u00f3n de Vizcarra?<\/span><\/strong><\/p>\n<p>Un presidente se debe a la ciudadan\u00eda, y no a los grupos de poder, en ese sentido, tenemos la impresi\u00f3n que Mart\u00edn Vizcarra ha decidido no tener un \u2018acuerdo de gobernabilidad\u2019 con estos sectores que desde el Congreso de la Rep\u00fablica insisten en debilitar nuestra democracia. Vizcarra los ha sabido enfrentar, pero tambi\u00e9n la movilizaci\u00f3n ciudadana le ha dado elementos para hacerlo. El refer\u00e9ndum es consecuencia de esta confrontaci\u00f3n contra los poderes, sin embargo creemos que estas preguntas o proyectos de ley en consulta ciudadana no van a solucionar de ra\u00edz los problemas que tenemos como pa\u00eds. Con esto, lo que quiero se\u00f1alar, la garant\u00eda de los derechos humanos y procesos de cambios profundos, van m\u00e1s all\u00e1 de un refer\u00e9ndum.<\/p>\n<p><strong><span style=\"color: #3a696e;\">Es cierto lo que se\u00f1alas, Vizcarra mantiene una aprobaci\u00f3n ciudadana, sin embargo ha decidido mantener pol\u00edticas econ\u00f3micas por encima de los derechos humanos<\/span><\/strong><\/p>\n<p>Este es un problema del conjunto de la regi\u00f3n de Am\u00e9rica Latina, y que obviamente tambi\u00e9n tiene el gobierno de Vizcarra, que no se imagina otra forma que garantice el desarrollo econ\u00f3mico del pa\u00eds, sino mediante la inversi\u00f3n de transnacionales que se sostienen sobre la explotaci\u00f3n de recursos primarios. Como en todo gobierno hay algunos aspectos que podemos valorar, como es la lucha contra la corrupci\u00f3n, pero sobre el modelo econ\u00f3mico, lo que hemos tenido es un evidente debilitamiento del marco de ejercicios de derechos que no debemos permitir y estar muy atentos para no terminar por atentar m\u00e1s con nuestra democracia<strong><span style=\"color: #3a696e;\">\u2022<\/span><\/strong><\/p>","protected":false},"excerpt":{"rendered":"<p>Por Mart\u00edn L\u00f3pez Comunicaci\u00f3n e Incidencia &#8211; DHSF Jorge Bracamonte, o \u2018Tito\u2019 como tambi\u00e9n es conocido, es el actual Secretario Ejecutivo de la Coordinadora Nacional de Derechos Humanos (CNDDHH), un espacio que articula a 82 organizaciones de\u00a0todo el Per\u00fa. Conversamos con \u00e9l para conocer su\u00a0perspectiva sobre la agenda de derechos humanos\u00a0durante el 2018. Tito, \u00bfCu\u00e1l [&hellip;]<\/p>\n","protected":false},"author":1,"featured_media":4536,"comment_status":"open","ping_status":"open","sticky":false,"template":"","format":"standard","meta":{"_monsterinsights_skip_tracking":false,"_monsterinsights_sitenote_active":false,"_monsterinsights_sitenote_note":"","_monsterinsights_sitenote_category":0,"_jetpack_memberships_contains_paid_content":false,"footnotes":"","jetpack_publicize_message":"","jetpack_publicize_feature_enabled":true,"jetpack_social_post_already_shared":false,"jetpack_social_options":{"image_generator_settings":{"template":"highway","default_image_id":0,"font":"","enabled":false},"version":2}},"categories":[1],"tags":[],"class_list":["post-4535","post","type-post","status-publish","format-standard","has-post-thumbnail","hentry","category-sin-categoria"],"blocksy_meta":[],"jetpack_publicize_connections":[],"jetpack_featured_media_url":"https:\/\/derechosinfronteras.pe\/wp-content\/uploads\/2018\/12\/Tito-Bracamonte-e1545254668968.jpg","jetpack_sharing_enabled":true,"jetpack_likes_enabled":true,"_links":{"self":[{"href":"https:\/\/derechosinfronteras.pe\/ingles\/wp-json\/wp\/v2\/posts\/4535","targetHints":{"allow":["GET"]}}],"collection":[{"href":"https:\/\/derechosinfronteras.pe\/ingles\/wp-json\/wp\/v2\/posts"}],"about":[{"href":"https:\/\/derechosinfronteras.pe\/ingles\/wp-json\/wp\/v2\/types\/post"}],"author":[{"embeddable":true,"href":"https:\/\/derechosinfronteras.pe\/ingles\/wp-json\/wp\/v2\/users\/1"}],"replies":[{"embeddable":true,"href":"https:\/\/derechosinfronteras.pe\/ingles\/wp-json\/wp\/v2\/comments?post=4535"}],"version-history":[{"count":0,"href":"https:\/\/derechosinfronteras.pe\/ingles\/wp-json\/wp\/v2\/posts\/4535\/revisions"}],"wp:featuredmedia":[{"embeddable":true,"href":"https:\/\/derechosinfronteras.pe\/ingles\/wp-json\/wp\/v2\/media\/4536"}],"wp:attachment":[{"href":"https:\/\/derechosinfronteras.pe\/ingles\/wp-json\/wp\/v2\/media?parent=4535"}],"wp:term":[{"taxonomy":"category","embeddable":true,"href":"https:\/\/derechosinfronteras.pe\/ingles\/wp-json\/wp\/v2\/categories?post=4535"},{"taxonomy":"post_tag","embeddable":true,"href":"https:\/\/derechosinfronteras.pe\/ingles\/wp-json\/wp\/v2\/tags?post=4535"}],"curies":[{"name":"wp","href":"https:\/\/api.w.org\/{rel}","templated":true}]}}