{"id":4538,"date":"2018-12-17T18:58:07","date_gmt":"2018-12-17T23:58:07","guid":{"rendered":"http:\/\/derechosinfronteras.pe\/?p=4334"},"modified":"2018-12-17T18:58:07","modified_gmt":"2018-12-17T23:58:07","slug":"defensores-ambientales-son-reconocidos-por-el-congreso-de-la-republica","status":"publish","type":"post","link":"https:\/\/derechosinfronteras.pe\/ingles\/defensores-ambientales-son-reconocidos-por-el-congreso-de-la-republica\/","title":{"rendered":"Defensores Ambientales son reconocidos por el Congreso de la Rep\u00fablica"},"content":{"rendered":"<p>El \u00faltimo viernes 14 de diciembre, La Comisi\u00f3n de Pueblos Andinos, Amaz\u00f3nicos y Afroperuanos, Ambiente y Ecolog\u00eda, presidida por el congresista cusque\u00f1o Wilbert Rozas, en articulaci\u00f3n con la Sociedad Peruana de Derecho Ambiental, realizaron un foro para reconocer la lucha de los defensores de derechos ambientales y de pueblos ind\u00edgenas.<\/p>\n<p>En dicho evento, diferentes l\u00edderes y lideresas recibieron un reconocimiento p\u00fablico, por su trabajado como defensores de derechos humanos, una lucha, que en la mayor\u00eda de los casos, termina con procesos de criminalizaci\u00f3n y hostigamiento de parte del mismo Estado y algunas empresas.<\/p>\n<p>Entre las personas reconocidas, estuvieron <span style=\"color: #3a696e;\"><strong>Melchora Surco<\/strong><\/span>, una de las mujeres que ha embanderado la lucha por la salud humana en Espinar, territorio en el que existe miner\u00eda hace m\u00e1s de 35 a\u00f1os, lo que ha provocado que muchas personas vivan con metales t\u00f3xicos en sus cuerpos. Melchora, ha sido una de las pocas personas que, decididamente, empez\u00f3 a hacer p\u00fablica la situaci\u00f3n de afectaci\u00f3n en la que se encuentra la provincia cusque\u00f1a de Espina. Por otro lado, tambi\u00e9n se reconoci\u00f3 a Elita Yopla, rondera y esposa del comunicador ind\u00edgena C\u00e9sar Estrada, sentenciado por falsos delitos de secuestro y hurto agravado contra la minera Yanacocha (Cajamarca). Ambos casos expresan la inacci\u00f3n del Estado que no ofrece garant\u00edas a quienes defienden los derechos humanos y luchan contra la impunidad. Tanto Melchora Surco como Elita Yopla simbolizan la persistencia y compromiso de los pueblos que protegen nuestras fuentes de vida, el ambiente y su autodeterminaci\u00f3n para decidir por el uso de su territorio.<\/p>\n<p>Se sumaron a los reconocimientos el m\u00e9dico Fernando Osores y Juan Carlos Ruiz del Instituto de Defensa Legal (IDL), quienes han sido denunciados por el Estado por el supuesto delito de uso de documento p\u00fablico falso en agravio del Ministerio de Salud. Esta denuncia tiene su origen en el 2015 cuando Ruiz y Osores publicaron un art\u00edculo sobre la contaminaci\u00f3n en Espinar (Cusco) por metales t\u00f3xicos, que cobr\u00f3 la muerte de una comunera de Alto Huancan\u00e9 y que evidenci\u00f3 actos de violaci\u00f3n de derechos humanos de los pobladores de Espinar expuestos a intoxicaci\u00f3n por plomo, cadmio, mercurio, ars\u00e9nico, entre otros.<\/p>\n<p>Defensoras y defensores, de <strong><span style=\"color: #3a696e;\">Madre de Dios, Lima, Cerro de Pasco, Amazonas<\/span><\/strong>, entre otros, tambi\u00e9n fueron premiados por su compromiso en la defensa de los derechos humanos. Frente a un contexto, en el que las y los defensores de derechos humanos, son criminalizados, este tipo de reconocimientos p\u00fablicos, ayudan a poner en agenda la situaci\u00f3n y problem\u00e1tica de muchas regiones del pa\u00eds, especialmente aquellas que conviven con actividades extractivas, pues registran mayor \u00edndice de conflictividad social.<\/p>\n<p>&nbsp;<\/p>","protected":false},"excerpt":{"rendered":"<p>El \u00faltimo viernes 14 de diciembre, La Comisi\u00f3n de Pueblos Andinos, Amaz\u00f3nicos y Afroperuanos, Ambiente y Ecolog\u00eda, presidida por el congresista cusque\u00f1o Wilbert Rozas, en articulaci\u00f3n con la Sociedad Peruana de Derecho Ambiental, realizaron un foro para reconocer la lucha de los defensores de derechos ambientales y de pueblos ind\u00edgenas. En dicho evento, diferentes l\u00edderes [&hellip;]<\/p>\n","protected":false},"author":1,"featured_media":4539,"comment_status":"open","ping_status":"open","sticky":false,"template":"","format":"standard","meta":{"_monsterinsights_skip_tracking":false,"_monsterinsights_sitenote_active":false,"_monsterinsights_sitenote_note":"","_monsterinsights_sitenote_category":0,"_jetpack_memberships_contains_paid_content":false,"footnotes":"","jetpack_publicize_message":"","jetpack_publicize_feature_enabled":true,"jetpack_social_post_already_shared":false,"jetpack_social_options":{"image_generator_settings":{"template":"highway","default_image_id":0,"font":"","enabled":false},"version":2}},"categories":[1],"tags":[],"class_list":["post-4538","post","type-post","status-publish","format-standard","has-post-thumbnail","hentry","category-sin-categoria"],"blocksy_meta":[],"jetpack_publicize_connections":[],"jetpack_featured_media_url":"https:\/\/derechosinfronteras.pe\/wp-content\/uploads\/2018\/12\/Melchora-en-el-Congreso-e1545091037676.jpg","jetpack_sharing_enabled":true,"jetpack_likes_enabled":true,"_links":{"self":[{"href":"https:\/\/derechosinfronteras.pe\/ingles\/wp-json\/wp\/v2\/posts\/4538","targetHints":{"allow":["GET"]}}],"collection":[{"href":"https:\/\/derechosinfronteras.pe\/ingles\/wp-json\/wp\/v2\/posts"}],"about":[{"href":"https:\/\/derechosinfronteras.pe\/ingles\/wp-json\/wp\/v2\/types\/post"}],"author":[{"embeddable":true,"href":"https:\/\/derechosinfronteras.pe\/ingles\/wp-json\/wp\/v2\/users\/1"}],"replies":[{"embeddable":true,"href":"https:\/\/derechosinfronteras.pe\/ingles\/wp-json\/wp\/v2\/comments?post=4538"}],"version-history":[{"count":0,"href":"https:\/\/derechosinfronteras.pe\/ingles\/wp-json\/wp\/v2\/posts\/4538\/revisions"}],"wp:featuredmedia":[{"embeddable":true,"href":"https:\/\/derechosinfronteras.pe\/ingles\/wp-json\/wp\/v2\/media\/4539"}],"wp:attachment":[{"href":"https:\/\/derechosinfronteras.pe\/ingles\/wp-json\/wp\/v2\/media?parent=4538"}],"wp:term":[{"taxonomy":"category","embeddable":true,"href":"https:\/\/derechosinfronteras.pe\/ingles\/wp-json\/wp\/v2\/categories?post=4538"},{"taxonomy":"post_tag","embeddable":true,"href":"https:\/\/derechosinfronteras.pe\/ingles\/wp-json\/wp\/v2\/tags?post=4538"}],"curies":[{"name":"wp","href":"https:\/\/api.w.org\/{rel}","templated":true}]}}