{"id":4540,"date":"2018-12-17T13:15:43","date_gmt":"2018-12-17T18:15:43","guid":{"rendered":"http:\/\/derechosinfronteras.pe\/?p=4329"},"modified":"2018-12-17T13:15:43","modified_gmt":"2018-12-17T18:15:43","slug":"cusco-espinar-necesita-ser-declarada-en-emergencia-sanitaria","status":"publish","type":"post","link":"https:\/\/derechosinfronteras.pe\/ingles\/cusco-espinar-necesita-ser-declarada-en-emergencia-sanitaria\/","title":{"rendered":"Cusco: Espinar necesita ser declarada en Emergencia Sanitaria"},"content":{"rendered":"<h3><span style=\"color: #3a696e;\"><strong>Contaminaci\u00f3n de agua potable con metales t\u00f3xicos es la mayor preocupaci\u00f3n de la poblaci\u00f3n<\/strong><\/span><\/h3>\n<p><a href=\"https:\/\/www.facebook.com\/media\/set\/?set=a.1922006811251171&#038;type=1&#038;l=56cdab1c64\" target=\"_blank\" rel=\"noopener\">https:\/\/www.facebook.com\/media\/set\/?set=a.1922006811251171&amp;type=1&amp;l=56cdab1c64<\/a><\/p>\n<p><strong>La provincia de Espinar est\u00e1 sumamente preocupada y alarmada, un informe ha revelado que el agua potable que consume la poblaci\u00f3n contiene metales t\u00f3xicos con par\u00e1metros elevados\u00a0 como aluminio, ars\u00e9nico, hierro y manganeso.<\/strong>\u00a0Este es un documento que emite la Direcci\u00f3n Regional de Salud del Cusco, a trav\u00e9s del oficio N\u00ba 01256-2018 con fecha 27 de noviembre del presente a\u00f1o, dirigida a la Municipalidad Provincial del Espinar.<\/p>\n<p>En ella indica que\u00a0 en el marco de sus responsabilidades de Vigilancia de la Calidad de Aguas para consumo humano, se realiz\u00f3 el An\u00e1lisis F\u00edsico Qu\u00edmico a las aguas del Sistema de Tratamiento de agua potable Virgen de Chapi.<\/p>\n<p>En el oficio se pide las medidas correctivas, sin embargo; todav\u00eda no hay respuesta por parte del gobierno regional del Cusco, ni un pronunciamiento de la autoridad electa, Jean Paul Benavente. Al respecto Arturo Ccorahua, regidor electo de la Municipalidad Provincial de Espinar (MPE) pidi\u00f3 al GRC\u00a0 se declare la provincia en estado de emergencia sanitaria ambiental.<\/p>\n<h4><span style=\"color: #3a696e;\">Foro de metales t\u00f3xicos, testimonios y compromisos<\/span><\/h4>\n<p>El viernes 7 de diciembre se llev\u00f3 a cabo el Foro P\u00fablico:<strong> \u201cLos Metales T\u00f3xicos en Espinar; Efectos, Avances, Propuestas y Compromisos\u201d<\/strong>, esta actividad se dio en un momento donde la provincia recib\u00eda la noticia que el agua potable que consumen contiene metales como ars\u00e9nico, aluminio, hierro y manganeso, seg\u00fan un informe de la Direcci\u00f3n Regional de Salud Cusco.<\/p>\n<p>El foro p\u00fablico se desarroll\u00f3 en el auditorio de la Municipalidad Provincial de Espinar y cont\u00f3 con la participaci\u00f3n del Congresista de la Rep\u00fablica, Oracio Pacori; el M\u00e9dico Cirujano, Hugo Villa Becerra; Jaime Silva, regidor del distrito de Sim\u00f3n Bolivar \/ Cerro de Pasco y la lideresa Rosa Amaro, ex presidenta del Movimiento por la Salud de la Oroya. Dada la importancia del tema, la poblaci\u00f3n espinarense llen\u00f3 el auditorio con la presencia de sus l\u00edderes y lideresas, autoridades electas y poblaci\u00f3n interesada.<\/p>\n<p>Las palabras de apertura estuvieron a cargo de Melchora Surco, presidenta de la Asociaci\u00f3n para Defensa de Pacpacco Afectada por la Miner\u00eda, para despu\u00e9s pasar a la participaci\u00f3n de la Bi\u00f3loga Karem Luque de Derechos Humanos Sin Fronteras, ella comparti\u00f3 las acciones que se han impulsado desde la Plataforma Nacional de Afectados por Metales T\u00f3xicos, reuniones con ministerios y autoridades de salud.<\/p>\n<p>El m\u00e9dico Hugo Villa indic\u00f3 que seg\u00fan un estudio realizado en La Oroya el a\u00f1o 2004 y 2005 en reci\u00e9n nacidos para medir los niveles de plomo, los resultados fueron alarmantes, 93 reci\u00e9n nacidos ten\u00edan altos niveles de este metal, y la v\u00eda de transmisi\u00f3n era de madre a hijo. Este dato creo un clima de preocupaci\u00f3n en el p\u00fablico espinarense asistente\u00a0 al foro, la contaminaci\u00f3n de su agua potable es una noticia que ha golpeado a la poblaci\u00f3n.<\/p>\n<p>Entre la participaci\u00f3n del p\u00fablico pudieron salir estas preocupaciones por la contaminaci\u00f3n a la que est\u00e1 expuesta la provincia de Espinar, el poblador Fredy Almanza refiri\u00f3 que teme por su familia (esposa e hija) ya que ellos han vivido toda su vida en la provincia y hay una gran probabilidad que tengan metales t\u00f3xicos. Por su parte la Sra. Ang\u00e9lica Larota de la comunidad de Tintaya Marquiri indic\u00f3, \u201csabiendo que la intoxicaci\u00f3n afecta tambi\u00e9n a los ni\u00f1os puedo entender porque mi hijo ahora esta tan enfermo, yo tengo un hijo que est\u00e1 muy mal, las empresas no nos apoyan\u201d.<\/p>\n<p>Por su parte Ceferino Kana de la comunidad campesina de Huisa indic\u00f3 que la gente ya no quiere comprar productos de Espinar porque saben que est\u00e1 contaminado, pidi\u00f3 que las autoridades nacionales impulsen iniciativas legislativas para atender a las poblaciones afectadas por la contaminaci\u00f3n. Ante un p\u00fablico preocupado y casi con la voz quebrada, Ceferino cont\u00f3 su drama familiar, \u201cmis hijos tienen los niveles de metales elevados y que va aumentando cada vez que los hago analizar a\u00f1os tras a\u00f1o\u201d.<\/p>\n<p>Durante el foro empezaron a salir m\u00e1s casos y testimonios de familias espinarenses que vienen siendo afectadas por la contaminaci\u00f3n; hijos y adultos mayores\u00a0 enfermos, incluso con desenlaces de muerte producto de c\u00e1ncer. Esta lamentable situaci\u00f3n empujo a que las actuales autoridades planteen soluciones inmediatas, por su parte Felipe Pacuri, Consejero Regional por Espinar para el periodo 2019- 2022, propuso reactivar la Comisi\u00f3n Ambiental Municipal para lograr la Gesti\u00f3n Integrada para el Desarrollo Sostenible de la Provincia.<\/p>\n<p>En ese mismo sentido, Arturo Ccorahua, regidor electo de la Municipalidad Provincial de Espinar (MPE) enfatiz\u00f3 que: \u201cqueremos que articuladamente con el gobierno regional se declare en estado de emergencia sanitaria ambiental. No vamos a permitir que esa agua de la planta de tratamiento Virgen de Chapi contin\u00fae, y tambi\u00e9n debemos declararla en estado de emergencia\u201d. Su colega, tambi\u00e9n regidora electa, Yeny Huillca propuso impulsar espacios de di\u00e1logo que sean efectivos y fue clara en mencionar, \u201cno nos pueden pedir que nos vayamos porque somos Yaure\u00f1os y aqu\u00ed nos quedamos. No soy partidaria de lanzar piedras, pero si es necesario lo haremos\u201d.<\/p>\n<p style=\"text-align: center;\"><span style=\"color: #3a696e;\"><strong>A trav\u00e9s de las participaciones de la poblaci\u00f3n, l\u00edderes y autoridades presentes se pudo llegar a los siguientes acuerdos, exigir que se declare en Estado de Emergencia Sanitaria el agua potable para consumo humano, atacar a la fuente de la contaminaci\u00f3n (agua), incluir esta problem\u00e1tica en la discusi\u00f3n del grupo de Convenio Marco para priorizar acciones sobre el tema de Salud y Agua, plantear acciones de Defensa Legal de tipo penal en alianza con autoridades regionales y locales.<\/strong><\/span><\/p>\n<p>Las nuevas autoridades provinciales tienen un gran reto, Espinar recibe un presupuesto de un promedio de 60 a 80 millones anuales por todos sus ingresos (canon, regal\u00eda minera y gas\u00edfera, Fondo de Compensaci\u00f3n Municipal \/FONCOMUN, entre otros). Es preocupante que las autoridades no est\u00e9n considerando la problem\u00e1tica de metales t\u00f3xicos para mejorar e implementar tecnolog\u00edas para la construcci\u00f3n de una planta de tratamiento adecuada que permita garantizar la calidad de vida de la provincia.<\/p>\n<div class=\"fb-video\" data-allowfullscreen=\"true\" data-href=\"https:\/\/www.facebook.com\/derechossinfronteras.pe\/videos\/1408068479328042\/\" style=\"background-color: #fff; display: inline-block;\"><\/div>","protected":false},"excerpt":{"rendered":"<p>Contaminaci\u00f3n de agua potable con metales t\u00f3xicos es la mayor preocupaci\u00f3n de la poblaci\u00f3n La provincia de Espinar est\u00e1 sumamente preocupada y alarmada, un informe ha revelado que el agua potable que consume la poblaci\u00f3n contiene metales t\u00f3xicos con par\u00e1metros elevados\u00a0 como aluminio, ars\u00e9nico, hierro y manganeso.\u00a0Este es un documento que emite la Direcci\u00f3n Regional [&hellip;]<\/p>\n","protected":false},"author":1,"featured_media":4541,"comment_status":"open","ping_status":"open","sticky":false,"template":"","format":"standard","meta":{"_monsterinsights_skip_tracking":false,"_monsterinsights_sitenote_active":false,"_monsterinsights_sitenote_note":"","_monsterinsights_sitenote_category":0,"_jetpack_memberships_contains_paid_content":false,"footnotes":"","jetpack_publicize_message":"","jetpack_publicize_feature_enabled":true,"jetpack_social_post_already_shared":false,"jetpack_social_options":{"image_generator_settings":{"template":"highway","default_image_id":0,"font":"","enabled":false},"version":2}},"categories":[1],"tags":[],"class_list":["post-4540","post","type-post","status-publish","format-standard","has-post-thumbnail","hentry","category-sin-categoria"],"blocksy_meta":[],"jetpack_publicize_connections":[],"jetpack_featured_media_url":"https:\/\/derechosinfronteras.pe\/wp-content\/uploads\/2018\/12\/Emergencia-Espinar.jpg","jetpack_sharing_enabled":true,"jetpack_likes_enabled":true,"_links":{"self":[{"href":"https:\/\/derechosinfronteras.pe\/ingles\/wp-json\/wp\/v2\/posts\/4540","targetHints":{"allow":["GET"]}}],"collection":[{"href":"https:\/\/derechosinfronteras.pe\/ingles\/wp-json\/wp\/v2\/posts"}],"about":[{"href":"https:\/\/derechosinfronteras.pe\/ingles\/wp-json\/wp\/v2\/types\/post"}],"author":[{"embeddable":true,"href":"https:\/\/derechosinfronteras.pe\/ingles\/wp-json\/wp\/v2\/users\/1"}],"replies":[{"embeddable":true,"href":"https:\/\/derechosinfronteras.pe\/ingles\/wp-json\/wp\/v2\/comments?post=4540"}],"version-history":[{"count":0,"href":"https:\/\/derechosinfronteras.pe\/ingles\/wp-json\/wp\/v2\/posts\/4540\/revisions"}],"wp:featuredmedia":[{"embeddable":true,"href":"https:\/\/derechosinfronteras.pe\/ingles\/wp-json\/wp\/v2\/media\/4541"}],"wp:attachment":[{"href":"https:\/\/derechosinfronteras.pe\/ingles\/wp-json\/wp\/v2\/media?parent=4540"}],"wp:term":[{"taxonomy":"category","embeddable":true,"href":"https:\/\/derechosinfronteras.pe\/ingles\/wp-json\/wp\/v2\/categories?post=4540"},{"taxonomy":"post_tag","embeddable":true,"href":"https:\/\/derechosinfronteras.pe\/ingles\/wp-json\/wp\/v2\/tags?post=4540"}],"curies":[{"name":"wp","href":"https:\/\/api.w.org\/{rel}","templated":true}]}}